{"id":13110,"date":"2017-01-02T08:00:46","date_gmt":"2017-01-02T11:00:46","guid":{"rendered":"http:\/\/crentassos.com.br\/blog\/?p=13110"},"modified":"2016-12-30T11:07:30","modified_gmt":"2016-12-30T14:07:30","slug":"ainda-estou-aqui-marcelo-rubens-paiva-terminei","status":"publish","type":"post","link":"https:\/\/crentassos.com.br\/blog\/2017\/01\/ainda-estou-aqui-marcelo-rubens-paiva-terminei.html","title":{"rendered":"Ainda estou aqui &#8211; Marcelo Rubens Paiva | #Terminei"},"content":{"rendered":"<p style=\"text-align: justify;\"><img loading=\"lazy\" decoding=\"async\" class=\"alignleft wp-image-13111 size-medium\" src=\"http:\/\/crentassos.com.br\/blog\/wp-content\/uploads\/2016\/12\/ainda-estou-aqui-179x300.jpg\" alt=\"ainda estou aqui\" width=\"179\" height=\"300\" srcset=\"https:\/\/crentassos.com.br\/blog\/wp-content\/uploads\/2016\/12\/ainda-estou-aqui-179x300.jpg 179w, https:\/\/crentassos.com.br\/blog\/wp-content\/uploads\/2016\/12\/ainda-estou-aqui.jpg 460w\" sizes=\"auto, (max-width: 179px) 100vw, 179px\" \/>\u00a0Em 2008, li\u00a0<em>Feliz ano velho<\/em>,\u00a0livro no qual Marcelo Rubens Paiva conta sobre o acidente que o deixou tetrapl\u00e9gico. No decorrer daquele livro, Marcelo nos conta, por cima, sobre seu pai que foi sequestrado pelos militares durante a ditadura e nunca mais voltou para casa. Como foi publicado em 1982, ainda durante a ditadura, o autor falou pouco sobre isso.<\/p>\n<p style=\"text-align: justify;\">Em\u00a0<em>Ainda estou aqui<\/em>, publicado em 2015, o autor\u00a0fala\u00a0basicamente sobre sua fam\u00edlia neste livro. Discorre sobre a m\u00e3e com Alzheimer, sobre mem\u00f3ria, sua inf\u00e2ncia e principalmente sobre o sumi\u00e7o do pai em 71 e tudo o que mudou na fam\u00edlia &#8211; principalmente em sua m\u00e3e &#8211; desde ent\u00e3o.<\/p>\n<p style=\"text-align: justify;\">O autor intercala cap\u00edtulos onde discute a doen\u00e7a da m\u00e3e, mostrando os avan\u00e7os da perda de mem\u00f3ria com cap\u00edtulos onde narra a\u00a0hist\u00f3ria da fam\u00edlia, de sua inf\u00e2ncia feliz crescendo na ch\u00e1cara do av\u00f4, at\u00e9 que Janeiro de 71 chega e muito disso \u00e9 destru\u00eddo com o sequestro de seu pai. Rubens Paiva foi deputado federal eleito em 1962, que com o Golpe de 64 foi cassado. Quando protegido dentro da Embaixada da Iugosl\u00e1via, Rubens Paiva mandou uma carta aos filhos explicando o que estava acontecendo. Um dos trechos me destruiu por alguns instantes. Chorei de solu\u00e7ar lendo. Nela, Rubens Paiva dizia:<\/p>\n<p style=\"text-align: justify;\"><img loading=\"lazy\" decoding=\"async\" class=\"size-medium wp-image-13112 aligncenter\" src=\"http:\/\/crentassos.com.br\/blog\/wp-content\/uploads\/2016\/12\/rubens-paiva-265x300.jpg\" alt=\"rubens paiva\" width=\"265\" height=\"300\" srcset=\"https:\/\/crentassos.com.br\/blog\/wp-content\/uploads\/2016\/12\/rubens-paiva-265x300.jpg 265w, https:\/\/crentassos.com.br\/blog\/wp-content\/uploads\/2016\/12\/rubens-paiva-768x870.jpg 768w, https:\/\/crentassos.com.br\/blog\/wp-content\/uploads\/2016\/12\/rubens-paiva-620x702.jpg 620w, https:\/\/crentassos.com.br\/blog\/wp-content\/uploads\/2016\/12\/rubens-paiva.jpg 1080w\" sizes=\"auto, (max-width: 265px) 100vw, 265px\" \/><\/p>\n<p style=\"text-align: justify;\">Ali\u00e1s, n\u00e3o foram poucos os trechos que me fizeram chorar muito. O livro todo \u00e9 muito comovente. \u00c9 muito dif\u00edcil mensurar os sentimentos de uma fam\u00edlia que passou mais de 30 anos sem a confirma\u00e7\u00e3o oficial da morte de seu patriarca, que precisou, durante a Ditadura, aguentar as acusa\u00e7\u00f5es contra algu\u00e9m que nem estava mais l\u00e1 para se defender. E \u00e9 comovente ler este livro tamb\u00e9m pelo cen\u00e1rio pol\u00edtico atual do pa\u00eds. Desde que nossa presidenta foi tirada ilegalmente do poder, os pedidos\u00a0por uma nova Ditadura Militar diminu\u00edram muito, mas os anos de 2015 e come\u00e7o de 2016 foram assustadores neste sentido. Era comum ver isso nas manifesta\u00e7\u00f5es dos\u00a0<em>amarelinhos<\/em>. Este livro serve, portanto, tamb\u00e9m como uma lembran\u00e7a, uma explica\u00e7\u00e3o sobre o que uma ditadura realmente faz. E nunca \u00e9 bonito ou gentil.<\/p>\n<p style=\"text-align: justify;\">Possivelmente foi o \u00faltimo livro que li em 2016 e fechou um ano de pouca literatura com chave de ouro. Fica a indica\u00e7\u00e3o fort\u00edssima para voc\u00eas. E feliz 2017.<\/p>\n<p style=\"text-align: justify;\">\n","protected":false},"excerpt":{"rendered":"<p>\u00a0Em 2008, li\u00a0Feliz ano velho,\u00a0livro no qual Marcelo Rubens Paiva conta sobre o acidente que o deixou tetrapl\u00e9gico. No decorrer daquele livro, [&hellip;]<\/p>\n","protected":false},"author":32,"featured_media":13111,"comment_status":"open","ping_status":"open","sticky":false,"template":"","format":"standard","meta":{"_exactmetrics_skip_tracking":false,"_exactmetrics_sitenote_active":false,"_exactmetrics_sitenote_note":"","_exactmetrics_sitenote_category":0,"footnotes":"","_links_to":"","_links_to_target":""},"categories":[112],"tags":[6312,6314,6313,49],"class_list":{"0":"post-13110","1":"post","2":"type-post","3":"status-publish","4":"format-standard","5":"has-post-thumbnail","6":"hentry","7":"category-artigos","8":"tag-ainda-estou-aqui","9":"tag-ditadura-militar","10":"tag-marcelo-rubens-paiva","11":"tag-terminei","13":"post-with-thumbnail","14":"post-with-thumbnail-large"},"yoast_head":"<!-- This site is optimized with the Yoast SEO plugin v27.1.1 - https:\/\/yoast.com\/product\/yoast-seo-wordpress\/ -->\n<title>Ainda estou aqui - Marcelo Rubens Paiva | #Terminei - Crentassos Produ\u00e7\u00f5es Subversivas<\/title>\n<meta name=\"robots\" content=\"index, follow, max-snippet:-1, max-image-preview:large, max-video-preview:-1\" \/>\n<link rel=\"canonical\" href=\"https:\/\/crentassos.com.br\/blog\/2017\/01\/ainda-estou-aqui-marcelo-rubens-paiva-terminei.html\" \/>\n<meta property=\"og:locale\" content=\"pt_BR\" \/>\n<meta property=\"og:type\" content=\"article\" \/>\n<meta property=\"og:title\" content=\"Ainda estou aqui - Marcelo Rubens Paiva | #Terminei - Crentassos Produ\u00e7\u00f5es Subversivas\" \/>\n<meta property=\"og:description\" content=\"\u00a0Em 2008, li\u00a0Feliz ano velho,\u00a0livro no qual Marcelo Rubens Paiva conta sobre o acidente que o deixou tetrapl\u00e9gico. No decorrer daquele livro, [&hellip;]\" \/>\n<meta property=\"og:url\" content=\"https:\/\/crentassos.com.br\/blog\/2017\/01\/ainda-estou-aqui-marcelo-rubens-paiva-terminei.html\" \/>\n<meta property=\"og:site_name\" content=\"Crentassos Produ\u00e7\u00f5es Subversivas\" \/>\n<meta property=\"article:publisher\" content=\"http:\/\/www.facebook.com\/crentassos\" \/>\n<meta property=\"article:published_time\" content=\"2017-01-02T11:00:46+00:00\" \/>\n<meta property=\"og:image\" content=\"https:\/\/crentassos.com.br\/blog\/wp-content\/uploads\/2016\/12\/ainda-estou-aqui.jpg\" \/>\n\t<meta property=\"og:image:width\" content=\"460\" \/>\n\t<meta property=\"og:image:height\" content=\"770\" \/>\n\t<meta property=\"og:image:type\" content=\"image\/jpeg\" \/>\n<meta name=\"author\" content=\"Tamyres Palma\" \/>\n<meta name=\"twitter:card\" content=\"summary_large_image\" \/>\n<meta name=\"twitter:creator\" content=\"@crentassos\" \/>\n<meta name=\"twitter:site\" content=\"@crentassos\" \/>\n<meta name=\"twitter:label1\" content=\"Escrito por\" \/>\n\t<meta name=\"twitter:data1\" content=\"Tamyres Palma\" \/>\n\t<meta name=\"twitter:label2\" content=\"Est. tempo de leitura\" \/>\n\t<meta name=\"twitter:data2\" content=\"2 minutos\" \/>\n<script type=\"application\/ld+json\" class=\"yoast-schema-graph\">{\"@context\":\"https:\/\/schema.org\",\"@graph\":[{\"@type\":\"Article\",\"@id\":\"https:\/\/crentassos.com.br\/blog\/2017\/01\/ainda-estou-aqui-marcelo-rubens-paiva-terminei.html#article\",\"isPartOf\":{\"@id\":\"https:\/\/crentassos.com.br\/blog\/2017\/01\/ainda-estou-aqui-marcelo-rubens-paiva-terminei.html\"},\"author\":{\"name\":\"Tamyres Palma\",\"@id\":\"https:\/\/crentassos.com.br\/blog\/#\/schema\/person\/3f5f08a8ba3e2bc991eb2fd8f8e3988c\"},\"headline\":\"Ainda estou aqui &#8211; Marcelo Rubens Paiva | #Terminei\",\"datePublished\":\"2017-01-02T11:00:46+00:00\",\"mainEntityOfPage\":{\"@id\":\"https:\/\/crentassos.com.br\/blog\/2017\/01\/ainda-estou-aqui-marcelo-rubens-paiva-terminei.html\"},\"wordCount\":409,\"commentCount\":0,\"publisher\":{\"@id\":\"https:\/\/crentassos.com.br\/blog\/#organization\"},\"image\":{\"@id\":\"https:\/\/crentassos.com.br\/blog\/2017\/01\/ainda-estou-aqui-marcelo-rubens-paiva-terminei.html#primaryimage\"},\"thumbnailUrl\":\"https:\/\/crentassos.com.br\/blog\/wp-content\/uploads\/2016\/12\/ainda-estou-aqui.jpg\",\"keywords\":[\"Ainda estou aqui\",\"Ditadura Militar\",\"Marcelo Rubens Paiva\",\"terminei\"],\"articleSection\":[\"Artigos\"],\"inLanguage\":\"pt-BR\",\"potentialAction\":[{\"@type\":\"CommentAction\",\"name\":\"Comment\",\"target\":[\"https:\/\/crentassos.com.br\/blog\/2017\/01\/ainda-estou-aqui-marcelo-rubens-paiva-terminei.html#respond\"]}]},{\"@type\":\"WebPage\",\"@id\":\"https:\/\/crentassos.com.br\/blog\/2017\/01\/ainda-estou-aqui-marcelo-rubens-paiva-terminei.html\",\"url\":\"https:\/\/crentassos.com.br\/blog\/2017\/01\/ainda-estou-aqui-marcelo-rubens-paiva-terminei.html\",\"name\":\"Ainda estou aqui - Marcelo Rubens Paiva | #Terminei - Crentassos Produ\u00e7\u00f5es Subversivas\",\"isPartOf\":{\"@id\":\"https:\/\/crentassos.com.br\/blog\/#website\"},\"primaryImageOfPage\":{\"@id\":\"https:\/\/crentassos.com.br\/blog\/2017\/01\/ainda-estou-aqui-marcelo-rubens-paiva-terminei.html#primaryimage\"},\"image\":{\"@id\":\"https:\/\/crentassos.com.br\/blog\/2017\/01\/ainda-estou-aqui-marcelo-rubens-paiva-terminei.html#primaryimage\"},\"thumbnailUrl\":\"https:\/\/crentassos.com.br\/blog\/wp-content\/uploads\/2016\/12\/ainda-estou-aqui.jpg\",\"datePublished\":\"2017-01-02T11:00:46+00:00\",\"breadcrumb\":{\"@id\":\"https:\/\/crentassos.com.br\/blog\/2017\/01\/ainda-estou-aqui-marcelo-rubens-paiva-terminei.html#breadcrumb\"},\"inLanguage\":\"pt-BR\",\"potentialAction\":[{\"@type\":\"ReadAction\",\"target\":[\"https:\/\/crentassos.com.br\/blog\/2017\/01\/ainda-estou-aqui-marcelo-rubens-paiva-terminei.html\"]}]},{\"@type\":\"ImageObject\",\"inLanguage\":\"pt-BR\",\"@id\":\"https:\/\/crentassos.com.br\/blog\/2017\/01\/ainda-estou-aqui-marcelo-rubens-paiva-terminei.html#primaryimage\",\"url\":\"https:\/\/crentassos.com.br\/blog\/wp-content\/uploads\/2016\/12\/ainda-estou-aqui.jpg\",\"contentUrl\":\"https:\/\/crentassos.com.br\/blog\/wp-content\/uploads\/2016\/12\/ainda-estou-aqui.jpg\",\"width\":460,\"height\":770},{\"@type\":\"BreadcrumbList\",\"@id\":\"https:\/\/crentassos.com.br\/blog\/2017\/01\/ainda-estou-aqui-marcelo-rubens-paiva-terminei.html#breadcrumb\",\"itemListElement\":[{\"@type\":\"ListItem\",\"position\":1,\"name\":\"Home\",\"item\":\"https:\/\/crentassos.com.br\/blog\/\"},{\"@type\":\"ListItem\",\"position\":2,\"name\":\"Ainda estou aqui &#8211; Marcelo Rubens Paiva | #Terminei\"}]},{\"@type\":\"WebSite\",\"@id\":\"https:\/\/crentassos.com.br\/blog\/#website\",\"url\":\"https:\/\/crentassos.com.br\/blog\/\",\"name\":\"Crentassos Produ\u00e7\u00f5es Subversivas\",\"description\":\"Podcast Crist\u00e3o, Podcrent, Da Prateleira, Artigos crist\u00e3os, Teologia, Estudos, Textos B\u00edblicos\",\"publisher\":{\"@id\":\"https:\/\/crentassos.com.br\/blog\/#organization\"},\"potentialAction\":[{\"@type\":\"SearchAction\",\"target\":{\"@type\":\"EntryPoint\",\"urlTemplate\":\"https:\/\/crentassos.com.br\/blog\/?s={search_term_string}\"},\"query-input\":{\"@type\":\"PropertyValueSpecification\",\"valueRequired\":true,\"valueName\":\"search_term_string\"}}],\"inLanguage\":\"pt-BR\"},{\"@type\":\"Organization\",\"@id\":\"https:\/\/crentassos.com.br\/blog\/#organization\",\"name\":\"Crentassos Produ\u00e7\u00f5es Subversivas\",\"url\":\"https:\/\/crentassos.com.br\/blog\/\",\"logo\":{\"@type\":\"ImageObject\",\"inLanguage\":\"pt-BR\",\"@id\":\"https:\/\/crentassos.com.br\/blog\/#\/schema\/logo\/image\/\",\"url\":\"https:\/\/crentassos.com.br\/blog\/wp-content\/uploads\/2020\/05\/cropped-crentassos1-300x300png.png\",\"contentUrl\":\"https:\/\/crentassos.com.br\/blog\/wp-content\/uploads\/2020\/05\/cropped-crentassos1-300x300png.png\",\"width\":300,\"height\":300,\"caption\":\"Crentassos Produ\u00e7\u00f5es Subversivas\"},\"image\":{\"@id\":\"https:\/\/crentassos.com.br\/blog\/#\/schema\/logo\/image\/\"},\"sameAs\":[\"http:\/\/www.facebook.com\/crentassos\",\"https:\/\/x.com\/crentassos\",\"https:\/\/www.instagram.com\/crentassos\",\"https:\/\/www.youtube.com\/crentassos\"]},{\"@type\":\"Person\",\"@id\":\"https:\/\/crentassos.com.br\/blog\/#\/schema\/person\/3f5f08a8ba3e2bc991eb2fd8f8e3988c\",\"name\":\"Tamyres Palma\",\"image\":{\"@type\":\"ImageObject\",\"inLanguage\":\"pt-BR\",\"@id\":\"https:\/\/crentassos.com.br\/blog\/#\/schema\/person\/image\/\",\"url\":\"https:\/\/secure.gravatar.com\/avatar\/9dce0caea2bafdb6394abc6c84348788083c31d52a278ed4b42bd0ee15c4ed52?s=96&d=retro&r=g\",\"contentUrl\":\"https:\/\/secure.gravatar.com\/avatar\/9dce0caea2bafdb6394abc6c84348788083c31d52a278ed4b42bd0ee15c4ed52?s=96&d=retro&r=g\",\"caption\":\"Tamyres Palma\"},\"description\":\"Tamyres Palma: formada em hist\u00f3ria, apaixonada por livros e casada com o @jonathazimmer . Maluca por Harry Potter, N\u00e1rnia e universos fant\u00e1sticos como a Terra M\u00e9dia. Apaixonada por literatura de forma geral, embora esteja longe do meu ideal de conhecimento liter\u00e1rio.\",\"sameAs\":[\"http:\/\/cafeecoberta.blogspot.com\"],\"url\":\"https:\/\/crentassos.com.br\/blog\/author\/tamyrespalma\"}]}<\/script>\n<!-- \/ Yoast SEO plugin. -->","yoast_head_json":{"title":"Ainda estou aqui - Marcelo Rubens Paiva | #Terminei - Crentassos Produ\u00e7\u00f5es Subversivas","robots":{"index":"index","follow":"follow","max-snippet":"max-snippet:-1","max-image-preview":"max-image-preview:large","max-video-preview":"max-video-preview:-1"},"canonical":"https:\/\/crentassos.com.br\/blog\/2017\/01\/ainda-estou-aqui-marcelo-rubens-paiva-terminei.html","og_locale":"pt_BR","og_type":"article","og_title":"Ainda estou aqui - Marcelo Rubens Paiva | #Terminei - Crentassos Produ\u00e7\u00f5es Subversivas","og_description":"\u00a0Em 2008, li\u00a0Feliz ano velho,\u00a0livro no qual Marcelo Rubens Paiva conta sobre o acidente que o deixou tetrapl\u00e9gico. No decorrer daquele livro, [&hellip;]","og_url":"https:\/\/crentassos.com.br\/blog\/2017\/01\/ainda-estou-aqui-marcelo-rubens-paiva-terminei.html","og_site_name":"Crentassos Produ\u00e7\u00f5es Subversivas","article_publisher":"http:\/\/www.facebook.com\/crentassos","article_published_time":"2017-01-02T11:00:46+00:00","og_image":[{"width":460,"height":770,"url":"https:\/\/crentassos.com.br\/blog\/wp-content\/uploads\/2016\/12\/ainda-estou-aqui.jpg","type":"image\/jpeg"}],"author":"Tamyres Palma","twitter_card":"summary_large_image","twitter_creator":"@crentassos","twitter_site":"@crentassos","twitter_misc":{"Escrito por":"Tamyres Palma","Est. tempo de leitura":"2 minutos"},"schema":{"@context":"https:\/\/schema.org","@graph":[{"@type":"Article","@id":"https:\/\/crentassos.com.br\/blog\/2017\/01\/ainda-estou-aqui-marcelo-rubens-paiva-terminei.html#article","isPartOf":{"@id":"https:\/\/crentassos.com.br\/blog\/2017\/01\/ainda-estou-aqui-marcelo-rubens-paiva-terminei.html"},"author":{"name":"Tamyres Palma","@id":"https:\/\/crentassos.com.br\/blog\/#\/schema\/person\/3f5f08a8ba3e2bc991eb2fd8f8e3988c"},"headline":"Ainda estou aqui &#8211; Marcelo Rubens Paiva | #Terminei","datePublished":"2017-01-02T11:00:46+00:00","mainEntityOfPage":{"@id":"https:\/\/crentassos.com.br\/blog\/2017\/01\/ainda-estou-aqui-marcelo-rubens-paiva-terminei.html"},"wordCount":409,"commentCount":0,"publisher":{"@id":"https:\/\/crentassos.com.br\/blog\/#organization"},"image":{"@id":"https:\/\/crentassos.com.br\/blog\/2017\/01\/ainda-estou-aqui-marcelo-rubens-paiva-terminei.html#primaryimage"},"thumbnailUrl":"https:\/\/crentassos.com.br\/blog\/wp-content\/uploads\/2016\/12\/ainda-estou-aqui.jpg","keywords":["Ainda estou aqui","Ditadura Militar","Marcelo Rubens Paiva","terminei"],"articleSection":["Artigos"],"inLanguage":"pt-BR","potentialAction":[{"@type":"CommentAction","name":"Comment","target":["https:\/\/crentassos.com.br\/blog\/2017\/01\/ainda-estou-aqui-marcelo-rubens-paiva-terminei.html#respond"]}]},{"@type":"WebPage","@id":"https:\/\/crentassos.com.br\/blog\/2017\/01\/ainda-estou-aqui-marcelo-rubens-paiva-terminei.html","url":"https:\/\/crentassos.com.br\/blog\/2017\/01\/ainda-estou-aqui-marcelo-rubens-paiva-terminei.html","name":"Ainda estou aqui - Marcelo Rubens Paiva | #Terminei - Crentassos Produ\u00e7\u00f5es Subversivas","isPartOf":{"@id":"https:\/\/crentassos.com.br\/blog\/#website"},"primaryImageOfPage":{"@id":"https:\/\/crentassos.com.br\/blog\/2017\/01\/ainda-estou-aqui-marcelo-rubens-paiva-terminei.html#primaryimage"},"image":{"@id":"https:\/\/crentassos.com.br\/blog\/2017\/01\/ainda-estou-aqui-marcelo-rubens-paiva-terminei.html#primaryimage"},"thumbnailUrl":"https:\/\/crentassos.com.br\/blog\/wp-content\/uploads\/2016\/12\/ainda-estou-aqui.jpg","datePublished":"2017-01-02T11:00:46+00:00","breadcrumb":{"@id":"https:\/\/crentassos.com.br\/blog\/2017\/01\/ainda-estou-aqui-marcelo-rubens-paiva-terminei.html#breadcrumb"},"inLanguage":"pt-BR","potentialAction":[{"@type":"ReadAction","target":["https:\/\/crentassos.com.br\/blog\/2017\/01\/ainda-estou-aqui-marcelo-rubens-paiva-terminei.html"]}]},{"@type":"ImageObject","inLanguage":"pt-BR","@id":"https:\/\/crentassos.com.br\/blog\/2017\/01\/ainda-estou-aqui-marcelo-rubens-paiva-terminei.html#primaryimage","url":"https:\/\/crentassos.com.br\/blog\/wp-content\/uploads\/2016\/12\/ainda-estou-aqui.jpg","contentUrl":"https:\/\/crentassos.com.br\/blog\/wp-content\/uploads\/2016\/12\/ainda-estou-aqui.jpg","width":460,"height":770},{"@type":"BreadcrumbList","@id":"https:\/\/crentassos.com.br\/blog\/2017\/01\/ainda-estou-aqui-marcelo-rubens-paiva-terminei.html#breadcrumb","itemListElement":[{"@type":"ListItem","position":1,"name":"Home","item":"https:\/\/crentassos.com.br\/blog\/"},{"@type":"ListItem","position":2,"name":"Ainda estou aqui &#8211; Marcelo Rubens Paiva | #Terminei"}]},{"@type":"WebSite","@id":"https:\/\/crentassos.com.br\/blog\/#website","url":"https:\/\/crentassos.com.br\/blog\/","name":"Crentassos Produ\u00e7\u00f5es Subversivas","description":"Podcast Crist\u00e3o, Podcrent, Da Prateleira, Artigos crist\u00e3os, Teologia, Estudos, Textos B\u00edblicos","publisher":{"@id":"https:\/\/crentassos.com.br\/blog\/#organization"},"potentialAction":[{"@type":"SearchAction","target":{"@type":"EntryPoint","urlTemplate":"https:\/\/crentassos.com.br\/blog\/?s={search_term_string}"},"query-input":{"@type":"PropertyValueSpecification","valueRequired":true,"valueName":"search_term_string"}}],"inLanguage":"pt-BR"},{"@type":"Organization","@id":"https:\/\/crentassos.com.br\/blog\/#organization","name":"Crentassos Produ\u00e7\u00f5es Subversivas","url":"https:\/\/crentassos.com.br\/blog\/","logo":{"@type":"ImageObject","inLanguage":"pt-BR","@id":"https:\/\/crentassos.com.br\/blog\/#\/schema\/logo\/image\/","url":"https:\/\/crentassos.com.br\/blog\/wp-content\/uploads\/2020\/05\/cropped-crentassos1-300x300png.png","contentUrl":"https:\/\/crentassos.com.br\/blog\/wp-content\/uploads\/2020\/05\/cropped-crentassos1-300x300png.png","width":300,"height":300,"caption":"Crentassos Produ\u00e7\u00f5es Subversivas"},"image":{"@id":"https:\/\/crentassos.com.br\/blog\/#\/schema\/logo\/image\/"},"sameAs":["http:\/\/www.facebook.com\/crentassos","https:\/\/x.com\/crentassos","https:\/\/www.instagram.com\/crentassos","https:\/\/www.youtube.com\/crentassos"]},{"@type":"Person","@id":"https:\/\/crentassos.com.br\/blog\/#\/schema\/person\/3f5f08a8ba3e2bc991eb2fd8f8e3988c","name":"Tamyres Palma","image":{"@type":"ImageObject","inLanguage":"pt-BR","@id":"https:\/\/crentassos.com.br\/blog\/#\/schema\/person\/image\/","url":"https:\/\/secure.gravatar.com\/avatar\/9dce0caea2bafdb6394abc6c84348788083c31d52a278ed4b42bd0ee15c4ed52?s=96&d=retro&r=g","contentUrl":"https:\/\/secure.gravatar.com\/avatar\/9dce0caea2bafdb6394abc6c84348788083c31d52a278ed4b42bd0ee15c4ed52?s=96&d=retro&r=g","caption":"Tamyres Palma"},"description":"Tamyres Palma: formada em hist\u00f3ria, apaixonada por livros e casada com o @jonathazimmer . Maluca por Harry Potter, N\u00e1rnia e universos fant\u00e1sticos como a Terra M\u00e9dia. Apaixonada por literatura de forma geral, embora esteja longe do meu ideal de conhecimento liter\u00e1rio.","sameAs":["http:\/\/cafeecoberta.blogspot.com"],"url":"https:\/\/crentassos.com.br\/blog\/author\/tamyrespalma"}]}},"_links":{"self":[{"href":"https:\/\/crentassos.com.br\/blog\/wp-json\/wp\/v2\/posts\/13110","targetHints":{"allow":["GET"]}}],"collection":[{"href":"https:\/\/crentassos.com.br\/blog\/wp-json\/wp\/v2\/posts"}],"about":[{"href":"https:\/\/crentassos.com.br\/blog\/wp-json\/wp\/v2\/types\/post"}],"author":[{"embeddable":true,"href":"https:\/\/crentassos.com.br\/blog\/wp-json\/wp\/v2\/users\/32"}],"replies":[{"embeddable":true,"href":"https:\/\/crentassos.com.br\/blog\/wp-json\/wp\/v2\/comments?post=13110"}],"version-history":[{"count":3,"href":"https:\/\/crentassos.com.br\/blog\/wp-json\/wp\/v2\/posts\/13110\/revisions"}],"predecessor-version":[{"id":13115,"href":"https:\/\/crentassos.com.br\/blog\/wp-json\/wp\/v2\/posts\/13110\/revisions\/13115"}],"wp:featuredmedia":[{"embeddable":true,"href":"https:\/\/crentassos.com.br\/blog\/wp-json\/wp\/v2\/media\/13111"}],"wp:attachment":[{"href":"https:\/\/crentassos.com.br\/blog\/wp-json\/wp\/v2\/media?parent=13110"}],"wp:term":[{"taxonomy":"category","embeddable":true,"href":"https:\/\/crentassos.com.br\/blog\/wp-json\/wp\/v2\/categories?post=13110"},{"taxonomy":"post_tag","embeddable":true,"href":"https:\/\/crentassos.com.br\/blog\/wp-json\/wp\/v2\/tags?post=13110"}],"curies":[{"name":"wp","href":"https:\/\/api.w.org\/{rel}","templated":true}]}}