{"id":12991,"date":"2016-10-24T00:30:23","date_gmt":"2016-10-24T03:30:23","guid":{"rendered":"http:\/\/crentassos.com.br\/blog\/?p=12991"},"modified":"2016-10-21T15:56:06","modified_gmt":"2016-10-21T18:56:06","slug":"unica-e-plural","status":"publish","type":"post","link":"https:\/\/crentassos.com.br\/blog\/2016\/10\/unica-e-plural.html","title":{"rendered":"\u00danica e plural"},"content":{"rendered":"<blockquote id=\"fc68\" class=\"graf graf--pullquote graf-after--h3\"><p><em>Tenho outras ovelhas que n\u00e3o s\u00e3o deste aprisco. \u00c9 necess\u00e1rio que eu as conduza tamb\u00e9m. Elas ouvir\u00e3o a minha voz, e haver\u00e1 um s\u00f3 rebanho e um s\u00f3\u00a0pastor.<\/em><\/p><\/blockquote>\n<blockquote id=\"8c1e\" class=\"graf graf--pullquote graf-after--pullquote\"><p><em>&#8211; Jo\u00e3o 10,\u00a016<img loading=\"lazy\" decoding=\"async\" class=\"size-full wp-image-12992 aligncenter\" src=\"http:\/\/crentassos.com.br\/blog\/wp-content\/uploads\/2016\/10\/2016-01-27_56a8ad75e0069_venuses-670x447.jpg\" alt=\"2016-01-27_56a8ad75e0069_venuses-670x447\" width=\"670\" height=\"447\" srcset=\"https:\/\/crentassos.com.br\/blog\/wp-content\/uploads\/2016\/10\/2016-01-27_56a8ad75e0069_venuses-670x447.jpg 670w, https:\/\/crentassos.com.br\/blog\/wp-content\/uploads\/2016\/10\/2016-01-27_56a8ad75e0069_venuses-670x447-300x200.jpg 300w, https:\/\/crentassos.com.br\/blog\/wp-content\/uploads\/2016\/10\/2016-01-27_56a8ad75e0069_venuses-670x447-620x414.jpg 620w, https:\/\/crentassos.com.br\/blog\/wp-content\/uploads\/2016\/10\/2016-01-27_56a8ad75e0069_venuses-670x447-272x182.jpg 272w\" sizes=\"auto, (max-width: 670px) 100vw, 670px\" \/><\/em><\/p><\/blockquote>\n<p id=\"dc0f\" class=\"graf graf--p graf-after--pullquote\">Essa semana tive a infelicidade de ser marcado num texto, desses text\u00f5es de Facebook, que ningu\u00e9m l\u00ea, mas sai compartilhando por achar o t\u00edtulo provocativo\u2026 Alias, nem titulo tinha o texto\u2026 Enfim, foda-se, quem se importa.<\/p>\n<p id=\"23f9\" class=\"graf graf--p graf-after--p\">O texto era de autoria de um cara que eu j\u00e1 tinha ouvido falar, (nesse role dos crentes marginais, todo mundo meio que se conhece, pq \u00e9 amigo do amigo, e mais dia ou menos dia, acaba se encontrando) a tempos atr\u00e1s, num role de uma desocupa\u00e7\u00e3o for\u00e7ada pela PM\u2026 Enfim, novamente\u2026<\/p>\n<p id=\"569d\" class=\"graf graf--p graf-after--p\">A quest\u00e3o \u00e9 que esse texto tinha muitas acusa\u00e7\u00f5es quanto a autenticidade do cristianismo dos crist\u00e3os progressistas, e \u00e9 aqui que temos um grande ponto a ser debatido<\/p>\n<p id=\"367e\" class=\"graf graf--p graf-after--p\">O Cristianismo \u00e9 uma religi\u00e3o com uma caracter\u00edstica muito marcantes. Diferente de outras tantas religi\u00f5es, a f\u00e9 dos seguidores do nazareno se manifesta em dois aspectos, um METAF\u00cdSICO e outro SOCIAL e \u00e9 claro que nem preciso dizer que essa \u00e9 a minha mais modesta e descompromissada opini\u00e3o\u2026 A qualquer momento um te\u00f3logo pode vir aqui e refutar tudo do que eu estou falando.<\/p>\n<p id=\"2e73\" class=\"graf graf--p graf-after--p\">De modo geral, por conta da eclesiologia latino-americana, acabamos por apartar essas duas perspectivas de modo que se faz poss\u00edvel, para alguns te\u00f3ricos da f\u00e9, termos como manifestar uma sem manifestar outra. Para mim, isso \u00e9 imposs\u00edvel, pois a convers\u00e3o (que n\u00e3o \u00e9 um ato, mas um processo) poderia ser traduzido como uma coreografia entre essas duas esferas da f\u00e9 crist\u00e3. N\u00e3o \u00e9 o caso que o metafisico seja causa do social ou vice-versa. N\u00e3o se estabelece, na minha leitura, um necess\u00e1rio ponto de partida na vida crist\u00e3 que n\u00e3o seja uma experiencia com o divino (que \u00e9 em si mesma metafisica, mas \u00e9 OUTRA coisa). Nos convertemos ao longo da vida, e pouco a pouco o antigo homem deformado vai se realinhando com a imagem e semelhan\u00e7a de Deus manifesta na encarna\u00e7\u00e3o de Cristo, a maior express\u00e3o pedag\u00f3gica de Deus ao homem e nessa caminhada, continuamos errando e acertando, aprendendo e vacilando\u2026 \u00c9 nossa natureza pecaminosa em a\u00e7\u00e3o direta e oposta \u00e0 a Deus, como sempre foi e como sempre ser\u00e1.<\/p>\n<p id=\"a326\" class=\"graf graf--p graf-after--p\">\u00d3bvio que existem fundamentos no cristianismo que n\u00e3o podem ser negociados ou negados, pois s\u00e3o, como disse, FUNDAMENTOS, os quais caracterizam o cristianismo como tal. Na intersec\u00e7\u00e3o entre os infinitos grupos crist\u00e3os espalhados ao longo desses \u00faltimos 2016 anos est\u00e3o esses valores fundamentais e nos caracteriza como crist\u00e3os, fora destes est\u00e1 tudo que nos da identidade. Ainda que nossa identidade se forte e tenha caracter\u00edsticas as vezes completamente distintas das dos demais grupos, desde que essas n\u00e3o neguem as que est\u00e3o na intersec\u00e7\u00e3o, continuamos fazendo parte de um todo gigantesco, que eu tenho por h\u00e1bito chamar de Igreja (com I mai\u00fasculo), aquele TODO agrupado por Cristo, que n\u00e3o se limita a fronteiras espaciais ou temporais. S\u00e3o da Igreja todos aqueles que se converteram e se encontram naquela coreografia entre o M\u00cdSTICO e o MATERIAL, entre trancos e barrancos, confiando em Deus, se espelhando em Cristo com iluminados pelo Esp\u00edrito Santo e sendo suporte e suportado pela comunidade.<\/p>\n<p id=\"8f66\" class=\"graf graf--p graf-after--p\">O problema todo est\u00e1 quando, algum grupo desses resolve trazer para dentro da intersec\u00e7\u00e3o valores que caracterizam sua pr\u00f3pria identidade e fatalmente, empurrando algum outro grupo para fora da intersec\u00e7\u00e3o, por causa de sua arrog\u00e2ncia, acaba por expulsar da esfera dos CRIST\u00c3OS algum outro grupo.<\/p>\n<p id=\"e8fd\" class=\"graf graf--p graf-after--p\">\u00d3bvio que eu gostaria que todas as coisa que eu gosto e prego fossem definidos como caracter\u00edsticas necess\u00e1rias do Cristianismo, essa seria a mais confort\u00e1vel situa\u00e7\u00e3o da minha vida, mas voc\u00ea lembra l\u00e1 do finalzinho do 5o. paragrafo desse texto?<\/p>\n<blockquote id=\"817b\" class=\"graf graf--blockquote graf-after--p\"><p><em>e nessa caminhada, continuamos errando e acertando, aprendendo e vacilando\u2026 \u00c9 nossa natureza pecaminosa em a\u00e7\u00e3o direta e oposta \u00e0 a Deus, como sempre foi e como sempre ser\u00e1.<\/em><\/p><\/blockquote>\n<p id=\"8dc2\" class=\"graf graf--p graf-after--blockquote\">Claro que seria mais f\u00e1cil sair por ai pregando que Jesus era anarquista e que ensinava a tomar o que queremos a for\u00e7a dos mais ricos. Claro que seria mais f\u00e1cil reduzir o evangelho de Cristo \u00e0 minha ideologia pessoal. Claro que seria melhor que fosse assim, pois no meu subconsciente, eu estaria seguro num trono de PLENO CRIST\u00c3O, claro que seria \u00f3timo pra mim, pro meu EGO, s\u00f3 que infelizmente, meu EGO n\u00e3o \u00e9 o foco dessa religi\u00e3o, alias, pelo que tenho estudado, \u00e9 justamente o oposto, \u00e9 colocar nosso EGO de lado e nos colocar num lugar de minimo conforto, para que nunca paremos de caminha na dire\u00e7\u00e3o de recuperarmos a semelhan\u00e7a do Deus trino.<\/p>\n<p id=\"f607\" class=\"graf graf--p graf-after--p\">E n\u00e3o pense que eu escrevo esse texto para julgar quem se op\u00f5em \u00e0 minha maneira de pensar, escrevo isso para conservadores e progressistas, para a esquerda e a direita, para todos que de uma maneira ou de outra, acreditam que a primeira e fundamental ideologia de sua vida \u00e9 o CRISTO ENCARNADO e que todo o resto \u00e9 consequ\u00eancia da transforma\u00e7\u00e3o oriunda da experiencia que teve com ele.<\/p>\n<p id=\"363b\" class=\"graf graf--p graf-after--p graf--last\">A nossa <em class=\"markup--em markup--p-em\">Ecclesia semper reformanda est<\/em> n\u00e3o est\u00e1 sempre mudando, apesar de nunca ser a mesma, assim como est\u00e1 sempre plural, apesar de ser unica\u2026 Ela est\u00e1 sempre se reformando, sempre voltando aos seus fundamentos e compreendendo-os a luz da vontade de Deus, mas sem ignorar o momento hist\u00f3rico em que est\u00e1 inserida, buscando responder ao mundo todas as perguntas com a mesma resposta, a saber, CRISTO, mas tendo a capacidade de se fazer entender pelo mundo sem negociar seus valores fundamentais, se fazendo o vetor que aponta para o reino assim como a ponte de acesso \u00e0 verdade nessa sincronia mistico-material, metafisica e social, e sobre tudo, percebendo as diferen\u00e7as perif\u00e9ricas, respeitando-as e lutando JUNTOS pelo avan\u00e7o da igreja \u00daNICA de Cristo.<\/p>\n","protected":false},"excerpt":{"rendered":"<p>Tenho outras ovelhas que n\u00e3o s\u00e3o deste aprisco. \u00c9 necess\u00e1rio que eu as conduza tamb\u00e9m. Elas ouvir\u00e3o a minha voz, e haver\u00e1 [&hellip;]<\/p>\n","protected":false},"author":9,"featured_media":12992,"comment_status":"open","ping_status":"open","sticky":false,"template":"","format":"standard","meta":{"_exactmetrics_skip_tracking":false,"_exactmetrics_sitenote_active":false,"_exactmetrics_sitenote_note":"","_exactmetrics_sitenote_category":0,"footnotes":"","_links_to":"","_links_to_target":""},"categories":[112],"tags":[68,2674,495,69],"class_list":{"0":"post-12991","1":"post","2":"type-post","3":"status-publish","4":"format-standard","5":"has-post-thumbnail","6":"hentry","7":"category-artigos","8":"tag-cristianismo","9":"tag-divisao","10":"tag-espiritualidade","11":"tag-fe","13":"post-with-thumbnail","14":"post-with-thumbnail-large"},"yoast_head":"<!-- This site is optimized with the Yoast SEO plugin v27.1.1 - https:\/\/yoast.com\/product\/yoast-seo-wordpress\/ -->\n<title>\u00danica e plural - Crentassos Produ\u00e7\u00f5es Subversivas<\/title>\n<meta name=\"robots\" content=\"index, follow, max-snippet:-1, max-image-preview:large, max-video-preview:-1\" \/>\n<link rel=\"canonical\" href=\"https:\/\/crentassos.com.br\/blog\/2016\/10\/unica-e-plural.html\" \/>\n<meta property=\"og:locale\" content=\"pt_BR\" \/>\n<meta property=\"og:type\" content=\"article\" \/>\n<meta property=\"og:title\" content=\"\u00danica e plural - Crentassos Produ\u00e7\u00f5es Subversivas\" \/>\n<meta property=\"og:description\" content=\"Tenho outras ovelhas que n\u00e3o s\u00e3o deste aprisco. \u00c9 necess\u00e1rio que eu as conduza tamb\u00e9m. Elas ouvir\u00e3o a minha voz, e haver\u00e1 [&hellip;]\" \/>\n<meta property=\"og:url\" content=\"https:\/\/crentassos.com.br\/blog\/2016\/10\/unica-e-plural.html\" \/>\n<meta property=\"og:site_name\" content=\"Crentassos Produ\u00e7\u00f5es Subversivas\" \/>\n<meta property=\"article:publisher\" content=\"http:\/\/www.facebook.com\/crentassos\" \/>\n<meta property=\"article:published_time\" content=\"2016-10-24T03:30:23+00:00\" \/>\n<meta property=\"og:image\" content=\"https:\/\/crentassos.com.br\/blog\/wp-content\/uploads\/2016\/10\/2016-01-27_56a8ad75e0069_venuses-670x447.jpg\" \/>\n\t<meta property=\"og:image:width\" content=\"670\" \/>\n\t<meta property=\"og:image:height\" content=\"447\" \/>\n\t<meta property=\"og:image:type\" content=\"image\/jpeg\" \/>\n<meta name=\"author\" content=\"Cristiano Machado\" \/>\n<meta name=\"twitter:card\" content=\"summary_large_image\" \/>\n<meta name=\"twitter:creator\" content=\"@crentassos\" \/>\n<meta name=\"twitter:site\" content=\"@crentassos\" \/>\n<meta name=\"twitter:label1\" content=\"Escrito por\" \/>\n\t<meta name=\"twitter:data1\" content=\"Cristiano Machado\" \/>\n\t<meta name=\"twitter:label2\" content=\"Est. tempo de leitura\" \/>\n\t<meta name=\"twitter:data2\" content=\"5 minutos\" \/>\n<script type=\"application\/ld+json\" class=\"yoast-schema-graph\">{\"@context\":\"https:\/\/schema.org\",\"@graph\":[{\"@type\":\"Article\",\"@id\":\"https:\/\/crentassos.com.br\/blog\/2016\/10\/unica-e-plural.html#article\",\"isPartOf\":{\"@id\":\"https:\/\/crentassos.com.br\/blog\/2016\/10\/unica-e-plural.html\"},\"author\":{\"name\":\"Cristiano Machado\",\"@id\":\"https:\/\/crentassos.com.br\/blog\/#\/schema\/person\/7ec3329a98c44e20ccd6cc2c9e18acbd\"},\"headline\":\"\u00danica e plural\",\"datePublished\":\"2016-10-24T03:30:23+00:00\",\"mainEntityOfPage\":{\"@id\":\"https:\/\/crentassos.com.br\/blog\/2016\/10\/unica-e-plural.html\"},\"wordCount\":1019,\"commentCount\":0,\"publisher\":{\"@id\":\"https:\/\/crentassos.com.br\/blog\/#organization\"},\"image\":{\"@id\":\"https:\/\/crentassos.com.br\/blog\/2016\/10\/unica-e-plural.html#primaryimage\"},\"thumbnailUrl\":\"https:\/\/crentassos.com.br\/blog\/wp-content\/uploads\/2016\/10\/2016-01-27_56a8ad75e0069_venuses-670x447.jpg\",\"keywords\":[\"Cristianismo\",\"divis\u00e3o\",\"espiritualidade\",\"F\u00e9\"],\"articleSection\":[\"Artigos\"],\"inLanguage\":\"pt-BR\",\"potentialAction\":[{\"@type\":\"CommentAction\",\"name\":\"Comment\",\"target\":[\"https:\/\/crentassos.com.br\/blog\/2016\/10\/unica-e-plural.html#respond\"]}]},{\"@type\":\"WebPage\",\"@id\":\"https:\/\/crentassos.com.br\/blog\/2016\/10\/unica-e-plural.html\",\"url\":\"https:\/\/crentassos.com.br\/blog\/2016\/10\/unica-e-plural.html\",\"name\":\"\u00danica e plural - Crentassos Produ\u00e7\u00f5es Subversivas\",\"isPartOf\":{\"@id\":\"https:\/\/crentassos.com.br\/blog\/#website\"},\"primaryImageOfPage\":{\"@id\":\"https:\/\/crentassos.com.br\/blog\/2016\/10\/unica-e-plural.html#primaryimage\"},\"image\":{\"@id\":\"https:\/\/crentassos.com.br\/blog\/2016\/10\/unica-e-plural.html#primaryimage\"},\"thumbnailUrl\":\"https:\/\/crentassos.com.br\/blog\/wp-content\/uploads\/2016\/10\/2016-01-27_56a8ad75e0069_venuses-670x447.jpg\",\"datePublished\":\"2016-10-24T03:30:23+00:00\",\"breadcrumb\":{\"@id\":\"https:\/\/crentassos.com.br\/blog\/2016\/10\/unica-e-plural.html#breadcrumb\"},\"inLanguage\":\"pt-BR\",\"potentialAction\":[{\"@type\":\"ReadAction\",\"target\":[\"https:\/\/crentassos.com.br\/blog\/2016\/10\/unica-e-plural.html\"]}]},{\"@type\":\"ImageObject\",\"inLanguage\":\"pt-BR\",\"@id\":\"https:\/\/crentassos.com.br\/blog\/2016\/10\/unica-e-plural.html#primaryimage\",\"url\":\"https:\/\/crentassos.com.br\/blog\/wp-content\/uploads\/2016\/10\/2016-01-27_56a8ad75e0069_venuses-670x447.jpg\",\"contentUrl\":\"https:\/\/crentassos.com.br\/blog\/wp-content\/uploads\/2016\/10\/2016-01-27_56a8ad75e0069_venuses-670x447.jpg\",\"width\":670,\"height\":447},{\"@type\":\"BreadcrumbList\",\"@id\":\"https:\/\/crentassos.com.br\/blog\/2016\/10\/unica-e-plural.html#breadcrumb\",\"itemListElement\":[{\"@type\":\"ListItem\",\"position\":1,\"name\":\"Home\",\"item\":\"https:\/\/crentassos.com.br\/blog\/\"},{\"@type\":\"ListItem\",\"position\":2,\"name\":\"\u00danica e plural\"}]},{\"@type\":\"WebSite\",\"@id\":\"https:\/\/crentassos.com.br\/blog\/#website\",\"url\":\"https:\/\/crentassos.com.br\/blog\/\",\"name\":\"Crentassos Produ\u00e7\u00f5es Subversivas\",\"description\":\"Podcast Crist\u00e3o, Podcrent, Da Prateleira, Artigos crist\u00e3os, Teologia, Estudos, Textos B\u00edblicos\",\"publisher\":{\"@id\":\"https:\/\/crentassos.com.br\/blog\/#organization\"},\"potentialAction\":[{\"@type\":\"SearchAction\",\"target\":{\"@type\":\"EntryPoint\",\"urlTemplate\":\"https:\/\/crentassos.com.br\/blog\/?s={search_term_string}\"},\"query-input\":{\"@type\":\"PropertyValueSpecification\",\"valueRequired\":true,\"valueName\":\"search_term_string\"}}],\"inLanguage\":\"pt-BR\"},{\"@type\":\"Organization\",\"@id\":\"https:\/\/crentassos.com.br\/blog\/#organization\",\"name\":\"Crentassos Produ\u00e7\u00f5es Subversivas\",\"url\":\"https:\/\/crentassos.com.br\/blog\/\",\"logo\":{\"@type\":\"ImageObject\",\"inLanguage\":\"pt-BR\",\"@id\":\"https:\/\/crentassos.com.br\/blog\/#\/schema\/logo\/image\/\",\"url\":\"https:\/\/crentassos.com.br\/blog\/wp-content\/uploads\/2020\/05\/cropped-crentassos1-300x300png.png\",\"contentUrl\":\"https:\/\/crentassos.com.br\/blog\/wp-content\/uploads\/2020\/05\/cropped-crentassos1-300x300png.png\",\"width\":300,\"height\":300,\"caption\":\"Crentassos Produ\u00e7\u00f5es Subversivas\"},\"image\":{\"@id\":\"https:\/\/crentassos.com.br\/blog\/#\/schema\/logo\/image\/\"},\"sameAs\":[\"http:\/\/www.facebook.com\/crentassos\",\"https:\/\/x.com\/crentassos\",\"https:\/\/www.instagram.com\/crentassos\",\"https:\/\/www.youtube.com\/crentassos\"]},{\"@type\":\"Person\",\"@id\":\"https:\/\/crentassos.com.br\/blog\/#\/schema\/person\/7ec3329a98c44e20ccd6cc2c9e18acbd\",\"name\":\"Cristiano Machado\",\"image\":{\"@type\":\"ImageObject\",\"inLanguage\":\"pt-BR\",\"@id\":\"https:\/\/crentassos.com.br\/blog\/#\/schema\/person\/image\/\",\"url\":\"https:\/\/secure.gravatar.com\/avatar\/3e7427d384f99d15935b3008477c324124816869ceb70e362e586dcccdb265bf?s=96&d=retro&r=g\",\"contentUrl\":\"https:\/\/secure.gravatar.com\/avatar\/3e7427d384f99d15935b3008477c324124816869ceb70e362e586dcccdb265bf?s=96&d=retro&r=g\",\"caption\":\"Cristiano Machado\"},\"description\":\"Cristiano Machado \u00e9 o culpado pelo inicio do COLETIVO CRENTASSOS PRODU\u00c7\u00d5ES SUBVERSIVAS e atua como auxiliar de cirurgi\u00e3o barbeiro, tocando o bumbo, jogando malabares, preparando o elixir, costurando amputa\u00e7\u00f5es e demais atividades relacionadas \u00e0 sua ocupa\u00e7\u00e3o. Pensa n\u00e3o vida em forma de pergunta e nunca de resposta, e tem um profundo sentimento de gratid\u00e3o e amor por sua esposa e filha. Religi\u00e3o: Crist\u00e3o Protestante Reformando-se Estado Civil: Inteiramente apaixonado\",\"sameAs\":[\"http:\/\/crentassos.com.br\/blog\"],\"url\":\"https:\/\/crentassos.com.br\/blog\/author\/o_cristiano\"}]}<\/script>\n<!-- \/ Yoast SEO plugin. -->","yoast_head_json":{"title":"\u00danica e plural - Crentassos Produ\u00e7\u00f5es Subversivas","robots":{"index":"index","follow":"follow","max-snippet":"max-snippet:-1","max-image-preview":"max-image-preview:large","max-video-preview":"max-video-preview:-1"},"canonical":"https:\/\/crentassos.com.br\/blog\/2016\/10\/unica-e-plural.html","og_locale":"pt_BR","og_type":"article","og_title":"\u00danica e plural - Crentassos Produ\u00e7\u00f5es Subversivas","og_description":"Tenho outras ovelhas que n\u00e3o s\u00e3o deste aprisco. \u00c9 necess\u00e1rio que eu as conduza tamb\u00e9m. Elas ouvir\u00e3o a minha voz, e haver\u00e1 [&hellip;]","og_url":"https:\/\/crentassos.com.br\/blog\/2016\/10\/unica-e-plural.html","og_site_name":"Crentassos Produ\u00e7\u00f5es Subversivas","article_publisher":"http:\/\/www.facebook.com\/crentassos","article_published_time":"2016-10-24T03:30:23+00:00","og_image":[{"width":670,"height":447,"url":"https:\/\/crentassos.com.br\/blog\/wp-content\/uploads\/2016\/10\/2016-01-27_56a8ad75e0069_venuses-670x447.jpg","type":"image\/jpeg"}],"author":"Cristiano Machado","twitter_card":"summary_large_image","twitter_creator":"@crentassos","twitter_site":"@crentassos","twitter_misc":{"Escrito por":"Cristiano Machado","Est. tempo de leitura":"5 minutos"},"schema":{"@context":"https:\/\/schema.org","@graph":[{"@type":"Article","@id":"https:\/\/crentassos.com.br\/blog\/2016\/10\/unica-e-plural.html#article","isPartOf":{"@id":"https:\/\/crentassos.com.br\/blog\/2016\/10\/unica-e-plural.html"},"author":{"name":"Cristiano Machado","@id":"https:\/\/crentassos.com.br\/blog\/#\/schema\/person\/7ec3329a98c44e20ccd6cc2c9e18acbd"},"headline":"\u00danica e plural","datePublished":"2016-10-24T03:30:23+00:00","mainEntityOfPage":{"@id":"https:\/\/crentassos.com.br\/blog\/2016\/10\/unica-e-plural.html"},"wordCount":1019,"commentCount":0,"publisher":{"@id":"https:\/\/crentassos.com.br\/blog\/#organization"},"image":{"@id":"https:\/\/crentassos.com.br\/blog\/2016\/10\/unica-e-plural.html#primaryimage"},"thumbnailUrl":"https:\/\/crentassos.com.br\/blog\/wp-content\/uploads\/2016\/10\/2016-01-27_56a8ad75e0069_venuses-670x447.jpg","keywords":["Cristianismo","divis\u00e3o","espiritualidade","F\u00e9"],"articleSection":["Artigos"],"inLanguage":"pt-BR","potentialAction":[{"@type":"CommentAction","name":"Comment","target":["https:\/\/crentassos.com.br\/blog\/2016\/10\/unica-e-plural.html#respond"]}]},{"@type":"WebPage","@id":"https:\/\/crentassos.com.br\/blog\/2016\/10\/unica-e-plural.html","url":"https:\/\/crentassos.com.br\/blog\/2016\/10\/unica-e-plural.html","name":"\u00danica e plural - Crentassos Produ\u00e7\u00f5es Subversivas","isPartOf":{"@id":"https:\/\/crentassos.com.br\/blog\/#website"},"primaryImageOfPage":{"@id":"https:\/\/crentassos.com.br\/blog\/2016\/10\/unica-e-plural.html#primaryimage"},"image":{"@id":"https:\/\/crentassos.com.br\/blog\/2016\/10\/unica-e-plural.html#primaryimage"},"thumbnailUrl":"https:\/\/crentassos.com.br\/blog\/wp-content\/uploads\/2016\/10\/2016-01-27_56a8ad75e0069_venuses-670x447.jpg","datePublished":"2016-10-24T03:30:23+00:00","breadcrumb":{"@id":"https:\/\/crentassos.com.br\/blog\/2016\/10\/unica-e-plural.html#breadcrumb"},"inLanguage":"pt-BR","potentialAction":[{"@type":"ReadAction","target":["https:\/\/crentassos.com.br\/blog\/2016\/10\/unica-e-plural.html"]}]},{"@type":"ImageObject","inLanguage":"pt-BR","@id":"https:\/\/crentassos.com.br\/blog\/2016\/10\/unica-e-plural.html#primaryimage","url":"https:\/\/crentassos.com.br\/blog\/wp-content\/uploads\/2016\/10\/2016-01-27_56a8ad75e0069_venuses-670x447.jpg","contentUrl":"https:\/\/crentassos.com.br\/blog\/wp-content\/uploads\/2016\/10\/2016-01-27_56a8ad75e0069_venuses-670x447.jpg","width":670,"height":447},{"@type":"BreadcrumbList","@id":"https:\/\/crentassos.com.br\/blog\/2016\/10\/unica-e-plural.html#breadcrumb","itemListElement":[{"@type":"ListItem","position":1,"name":"Home","item":"https:\/\/crentassos.com.br\/blog\/"},{"@type":"ListItem","position":2,"name":"\u00danica e plural"}]},{"@type":"WebSite","@id":"https:\/\/crentassos.com.br\/blog\/#website","url":"https:\/\/crentassos.com.br\/blog\/","name":"Crentassos Produ\u00e7\u00f5es Subversivas","description":"Podcast Crist\u00e3o, Podcrent, Da Prateleira, Artigos crist\u00e3os, Teologia, Estudos, Textos B\u00edblicos","publisher":{"@id":"https:\/\/crentassos.com.br\/blog\/#organization"},"potentialAction":[{"@type":"SearchAction","target":{"@type":"EntryPoint","urlTemplate":"https:\/\/crentassos.com.br\/blog\/?s={search_term_string}"},"query-input":{"@type":"PropertyValueSpecification","valueRequired":true,"valueName":"search_term_string"}}],"inLanguage":"pt-BR"},{"@type":"Organization","@id":"https:\/\/crentassos.com.br\/blog\/#organization","name":"Crentassos Produ\u00e7\u00f5es Subversivas","url":"https:\/\/crentassos.com.br\/blog\/","logo":{"@type":"ImageObject","inLanguage":"pt-BR","@id":"https:\/\/crentassos.com.br\/blog\/#\/schema\/logo\/image\/","url":"https:\/\/crentassos.com.br\/blog\/wp-content\/uploads\/2020\/05\/cropped-crentassos1-300x300png.png","contentUrl":"https:\/\/crentassos.com.br\/blog\/wp-content\/uploads\/2020\/05\/cropped-crentassos1-300x300png.png","width":300,"height":300,"caption":"Crentassos Produ\u00e7\u00f5es Subversivas"},"image":{"@id":"https:\/\/crentassos.com.br\/blog\/#\/schema\/logo\/image\/"},"sameAs":["http:\/\/www.facebook.com\/crentassos","https:\/\/x.com\/crentassos","https:\/\/www.instagram.com\/crentassos","https:\/\/www.youtube.com\/crentassos"]},{"@type":"Person","@id":"https:\/\/crentassos.com.br\/blog\/#\/schema\/person\/7ec3329a98c44e20ccd6cc2c9e18acbd","name":"Cristiano Machado","image":{"@type":"ImageObject","inLanguage":"pt-BR","@id":"https:\/\/crentassos.com.br\/blog\/#\/schema\/person\/image\/","url":"https:\/\/secure.gravatar.com\/avatar\/3e7427d384f99d15935b3008477c324124816869ceb70e362e586dcccdb265bf?s=96&d=retro&r=g","contentUrl":"https:\/\/secure.gravatar.com\/avatar\/3e7427d384f99d15935b3008477c324124816869ceb70e362e586dcccdb265bf?s=96&d=retro&r=g","caption":"Cristiano Machado"},"description":"Cristiano Machado \u00e9 o culpado pelo inicio do COLETIVO CRENTASSOS PRODU\u00c7\u00d5ES SUBVERSIVAS e atua como auxiliar de cirurgi\u00e3o barbeiro, tocando o bumbo, jogando malabares, preparando o elixir, costurando amputa\u00e7\u00f5es e demais atividades relacionadas \u00e0 sua ocupa\u00e7\u00e3o. Pensa n\u00e3o vida em forma de pergunta e nunca de resposta, e tem um profundo sentimento de gratid\u00e3o e amor por sua esposa e filha. Religi\u00e3o: Crist\u00e3o Protestante Reformando-se Estado Civil: Inteiramente apaixonado","sameAs":["http:\/\/crentassos.com.br\/blog"],"url":"https:\/\/crentassos.com.br\/blog\/author\/o_cristiano"}]}},"_links":{"self":[{"href":"https:\/\/crentassos.com.br\/blog\/wp-json\/wp\/v2\/posts\/12991","targetHints":{"allow":["GET"]}}],"collection":[{"href":"https:\/\/crentassos.com.br\/blog\/wp-json\/wp\/v2\/posts"}],"about":[{"href":"https:\/\/crentassos.com.br\/blog\/wp-json\/wp\/v2\/types\/post"}],"author":[{"embeddable":true,"href":"https:\/\/crentassos.com.br\/blog\/wp-json\/wp\/v2\/users\/9"}],"replies":[{"embeddable":true,"href":"https:\/\/crentassos.com.br\/blog\/wp-json\/wp\/v2\/comments?post=12991"}],"version-history":[{"count":1,"href":"https:\/\/crentassos.com.br\/blog\/wp-json\/wp\/v2\/posts\/12991\/revisions"}],"predecessor-version":[{"id":12993,"href":"https:\/\/crentassos.com.br\/blog\/wp-json\/wp\/v2\/posts\/12991\/revisions\/12993"}],"wp:featuredmedia":[{"embeddable":true,"href":"https:\/\/crentassos.com.br\/blog\/wp-json\/wp\/v2\/media\/12992"}],"wp:attachment":[{"href":"https:\/\/crentassos.com.br\/blog\/wp-json\/wp\/v2\/media?parent=12991"}],"wp:term":[{"taxonomy":"category","embeddable":true,"href":"https:\/\/crentassos.com.br\/blog\/wp-json\/wp\/v2\/categories?post=12991"},{"taxonomy":"post_tag","embeddable":true,"href":"https:\/\/crentassos.com.br\/blog\/wp-json\/wp\/v2\/tags?post=12991"}],"curies":[{"name":"wp","href":"https:\/\/api.w.org\/{rel}","templated":true}]}}