{"id":12911,"date":"2016-09-20T20:34:22","date_gmt":"2016-09-20T23:34:22","guid":{"rendered":"http:\/\/crentassos.com.br\/blog\/?p=12911"},"modified":"2018-09-21T12:42:19","modified_gmt":"2018-09-21T14:42:19","slug":"sobre-a-bienal-de-quadrinhos-2016-postdoleitor","status":"publish","type":"post","link":"https:\/\/crentassos.com.br\/blog\/2016\/09\/sobre-a-bienal-de-quadrinhos-2016-postdoleitor.html","title":{"rendered":"Sobre a Bienal de Quadrinhos (2016) #PostDoLeitor"},"content":{"rendered":"<p style=\"text-align: justify;\">Ol\u00e1 amigos, eu sou o <a href=\"https:\/\/twitter.com\/Felipe__Amorim\">Felipe<\/a>, e j\u00e1 escrevi um <a href=\"http:\/\/crentassos.com.br\/blog\/2015\/12\/postdoleitor-fiq-2015.html\"><em>poste<\/em><\/a> aqui sobre o FIQ 2015, e como todo <span style=\"text-decoration: line-through;\">dia <\/span>ano tem eventos legais de quadrinhos, c\u00e1 estou de novo para falar sobre um desses eventos maravilhosos: a Bienal de Quadrinhos.<\/p>\n<p style=\"text-align: justify;\">Dessa vez n\u00e3o vou me ater a descrever todos os aspectos e funcionamentos do evento, pois acredito que muita gente boa j\u00e1 fez isso (indico a leitura da <a href=\"http:\/\/cultura.estadao.com.br\/noticias\/literatura,bienal-de-curitiba-tem-clima-de-decepcao,10000075368\">mat\u00e9ria do Estad\u00e3o<\/a> e do <a href=\"http:\/\/ladyscomics.com.br\/o-que-vi-na-gibicon\">post da Lady\u2019sComics<\/a>). O que me interessa mais \u00e9 falar sobre o que o evento representa na cena de quadrinhos nacionais e sobre a experi\u00eancia que ele proporciona.<\/p>\n<p><strong>Antes Gibicon, agora Bienal de Quadrinhos<\/strong><\/p>\n<p><img loading=\"lazy\" decoding=\"async\" class=\"size-large wp-image-12912 aligncenter\" src=\"http:\/\/crentassos.com.br\/blog\/wp-content\/uploads\/2016\/09\/bienaldequadrinhosdecuritiba-muitoparana-777x437-620x349.jpg\" alt=\"bienaldequadrinhosdecuritiba-muitoparana-777x437\" width=\"620\" height=\"349\" srcset=\"https:\/\/crentassos.com.br\/blog\/wp-content\/uploads\/2016\/09\/bienaldequadrinhosdecuritiba-muitoparana-777x437-620x349.jpg 620w, https:\/\/crentassos.com.br\/blog\/wp-content\/uploads\/2016\/09\/bienaldequadrinhosdecuritiba-muitoparana-777x437-275x154.jpg 275w, https:\/\/crentassos.com.br\/blog\/wp-content\/uploads\/2016\/09\/bienaldequadrinhosdecuritiba-muitoparana-777x437-300x169.jpg 300w, https:\/\/crentassos.com.br\/blog\/wp-content\/uploads\/2016\/09\/bienaldequadrinhosdecuritiba-muitoparana-777x437-768x432.jpg 768w, https:\/\/crentassos.com.br\/blog\/wp-content\/uploads\/2016\/09\/bienaldequadrinhosdecuritiba-muitoparana-777x437.jpg 777w\" sizes=\"auto, (max-width: 620px) 100vw, 620px\" \/><\/p>\n<p style=\"text-align: justify;\">A Gibicon mudou. J\u00e1 era um dos maiores eventos exclusivos de quadrinhos do pa\u00eds, e com a mudan\u00e7a para Bienal de Quadrinhos, ela apenas se consolidou nesse patamar.<\/p>\n<p style=\"text-align: justify;\">A mudan\u00e7a foi muito mais que apenas nominal, ela mexe tamb\u00e9m com o foco do evento. A Bienal trouxe uma nova dimens\u00e3o para o evento, que vai al\u00e9m da feira de quadrinhos e dos debates (importantes) sobre a situa\u00e7\u00e3o do mercado de HQs. As palestras apresentadas trazem uma discuss\u00e3o mais ampla sobre a rela\u00e7\u00e3o que os quadrinhos &#8211; como meio cultural &#8211; t\u00eam com a realidade social onde est\u00e3o inseridos. Durante o evento, foi poss\u00edvel acompanhar mesas e debates com temas como feminismo, narrativas negras e conflitos de terra, todos atrav\u00e9s dos quadrinhos.<\/p>\n<div id=\"attachment_12913\" style=\"width: 630px\" class=\"wp-caption aligncenter\"><img loading=\"lazy\" decoding=\"async\" aria-describedby=\"caption-attachment-12913\" class=\"wp-image-12913 size-large\" src=\"http:\/\/crentassos.com.br\/blog\/wp-content\/uploads\/2016\/09\/IMG_0049-620x413.jpg\" alt=\"IMG_0049\" width=\"620\" height=\"413\" srcset=\"https:\/\/crentassos.com.br\/blog\/wp-content\/uploads\/2016\/09\/IMG_0049-620x413.jpg 620w, https:\/\/crentassos.com.br\/blog\/wp-content\/uploads\/2016\/09\/IMG_0049-300x200.jpg 300w, https:\/\/crentassos.com.br\/blog\/wp-content\/uploads\/2016\/09\/IMG_0049-768x512.jpg 768w, https:\/\/crentassos.com.br\/blog\/wp-content\/uploads\/2016\/09\/IMG_0049-272x182.jpg 272w\" sizes=\"auto, (max-width: 620px) 100vw, 620px\" \/><p id=\"caption-attachment-12913\" class=\"wp-caption-text\">Painel com autores e o editor da Graphic MSP.<\/p><\/div>\n<p style=\"text-align: justify;\">A preocupa\u00e7\u00e3o da Bienal foi muito al\u00e9m de apenas inserir mesas com tem\u00e1ticas especificas. Sentia-se tamb\u00e9m nas exposi\u00e7\u00f5es a preocupa\u00e7\u00e3o em trazer temas diversos, como a exposi\u00e7\u00e3o \u201cExpostas\u201d e o trabalho do ilustrador Shiko, cuja tem\u00e1tica trazia a representa\u00e7\u00e3o negra na obra do autor.<\/p>\n<div id=\"attachment_12914\" style=\"width: 630px\" class=\"wp-caption aligncenter\"><img loading=\"lazy\" decoding=\"async\" aria-describedby=\"caption-attachment-12914\" class=\"size-large wp-image-12914\" src=\"http:\/\/crentassos.com.br\/blog\/wp-content\/uploads\/2016\/09\/IMG_0021-620x413.jpg\" alt=\"Exposi\u00e7\u00e3o &quot;Expostas&quot;\" width=\"620\" height=\"413\" srcset=\"https:\/\/crentassos.com.br\/blog\/wp-content\/uploads\/2016\/09\/IMG_0021-620x413.jpg 620w, https:\/\/crentassos.com.br\/blog\/wp-content\/uploads\/2016\/09\/IMG_0021-300x200.jpg 300w, https:\/\/crentassos.com.br\/blog\/wp-content\/uploads\/2016\/09\/IMG_0021-768x512.jpg 768w, https:\/\/crentassos.com.br\/blog\/wp-content\/uploads\/2016\/09\/IMG_0021-272x182.jpg 272w\" sizes=\"auto, (max-width: 620px) 100vw, 620px\" \/><p id=\"caption-attachment-12914\" class=\"wp-caption-text\">Exposi\u00e7\u00e3o &#8220;Expostas&#8221;<\/p><\/div>\n<p style=\"text-align: justify;\">Posto isso, quero destacar outras coisas boas do evento. Quero ressaltar o alto n\u00edvel das mesas e palestras, ao menos a maioria delas. Destaco tamb\u00e9m a palestra com a cartunista Laerte, a mesa sobre \u201cConflitos de Terra\u201d e o debate com editores de quadrinhos. Todos esses espa\u00e7os trouxeram um n\u00edvel alto por parte dos participantes e do p\u00fablico. Na mesa de editores, fomos apresentados a importante pauta da distribui\u00e7\u00e3o de revistas no Brasil e a crise da DINAP, com seu atraso cada vez mais freq\u00fcente nos pagamentos. \u00a0No debate sobre conflitos de terra, apresentou-se um panorama hist\u00f3rico sobre a revolu\u00e7\u00e3o mexicana e sobre os conflitos decorrentes do extrativismo no Equador. O n\u00edvel desta apresenta\u00e7\u00e3o foi t\u00e3o elevado, que poderia estar dentro do cronograma de um curso de Hist\u00f3ria. Na entrevista com a Laerte, vimos uma reflex\u00e3o de como movimentos sociais e a esquerda pol\u00edtica tem esquecido de incluir os trabalhadores nos debates, tornando-se fechadas no pr\u00f3prio gueto.<\/p>\n<div id=\"attachment_12915\" style=\"width: 630px\" class=\"wp-caption aligncenter\"><img loading=\"lazy\" decoding=\"async\" aria-describedby=\"caption-attachment-12915\" class=\"wp-image-12915 size-large\" src=\"http:\/\/crentassos.com.br\/blog\/wp-content\/uploads\/2016\/09\/01-620x413.jpg\" alt=\"01\" width=\"620\" height=\"413\" srcset=\"https:\/\/crentassos.com.br\/blog\/wp-content\/uploads\/2016\/09\/01-620x413.jpg 620w, https:\/\/crentassos.com.br\/blog\/wp-content\/uploads\/2016\/09\/01-300x200.jpg 300w, https:\/\/crentassos.com.br\/blog\/wp-content\/uploads\/2016\/09\/01-768x512.jpg 768w, https:\/\/crentassos.com.br\/blog\/wp-content\/uploads\/2016\/09\/01-272x182.jpg 272w\" sizes=\"auto, (max-width: 620px) 100vw, 620px\" \/><p id=\"caption-attachment-12915\" class=\"wp-caption-text\">Entrevista com a cartunista Laerte<\/p><\/div>\n<p style=\"text-align: justify;\">Outro ponto agrad\u00e1vel desses eventos s\u00e3o os quadrinistas e a possibilidade de intera\u00e7\u00e3o do p\u00fablico com eles. Isso me faz gostar ainda mais desse universo dos quadrinhos! A possibilidade de encontrar com algu\u00e9m que voc\u00ea gosta do trabalho e trocar ideias sobre aquilo ou sobre qualquer outra coisa, \u00e9 um dos fatos mais cativantes deste meio. Tive a possibilidade de passar um tempo junto com os amigos do coletivo Velociraptor Pirata (um beijo no cora\u00e7\u00e3o desses lindos). Ver a din\u00e2mica pelo lado oposto (de quem produz) tamb\u00e9m \u00e9 muito interessante! Acompanhar a rela\u00e7\u00e3o entre quadrinistas, a troca de experi\u00eancias, artes e etc. \u00e9 muito motivador.<\/p>\n<div id=\"attachment_12916\" style=\"width: 630px\" class=\"wp-caption aligncenter\"><img loading=\"lazy\" decoding=\"async\" aria-describedby=\"caption-attachment-12916\" class=\"size-large wp-image-12916\" src=\"http:\/\/crentassos.com.br\/blog\/wp-content\/uploads\/2016\/09\/15-620x413.jpg\" alt=\"Quadrinistas interagem diretamente com o p\u00fablico.\" width=\"620\" height=\"413\" srcset=\"https:\/\/crentassos.com.br\/blog\/wp-content\/uploads\/2016\/09\/15-620x413.jpg 620w, https:\/\/crentassos.com.br\/blog\/wp-content\/uploads\/2016\/09\/15-300x200.jpg 300w, https:\/\/crentassos.com.br\/blog\/wp-content\/uploads\/2016\/09\/15-768x512.jpg 768w, https:\/\/crentassos.com.br\/blog\/wp-content\/uploads\/2016\/09\/15-272x182.jpg 272w\" sizes=\"auto, (max-width: 620px) 100vw, 620px\" \/><p id=\"caption-attachment-12916\" class=\"wp-caption-text\">Quadrinistas interagem diretamente com o p\u00fablico.<\/p><\/div>\n<p><strong>Pontos para melhorar<\/strong><\/p>\n<p>Mas nem tudo foram flores na Bienal de Quadrinhos. Ocorreram alguns problemas durante o evento, sendo para mim o principal deles o local (Museu Municipal de Artes). A Bienal j\u00e1 \u00e9 maior que o local onde ela \u00e9 realizada. Prova disso \u00e9 a necessidade de fazer uma enorme tenda no estacionamento para comportar os maiores stands do evento: editoras, lojas e um palco de debates e mesas. Algumas cabines dos banheiros tamb\u00e9m n\u00e3o funcionavam, o que resultou em filas constantes nos banheiros. Notou-se tamb\u00e9m a falta de bebedouros e dificuldades na acessibilidade (visto que o evento era realizado em um local com diversos pavimentos. Com o crescimento do evento e de artistas expondo seu material, muitas mesas de quadrinistas ficaram em um setor externo de um dos andares. Se na edi\u00e7\u00e3o de 2014, o frio e a chuva atrapalharam os artistas, neste ano o calor e o sol tornaram o per\u00edodo de exposi\u00e7\u00e3o na \u00e1rea externa dificultoso. \u00c9 importante ressaltar que a disposi\u00e7\u00e3o dos ambientes foi mais bem pensada este ano, mesmo se considerarmos o aumento consider\u00e1vel de publico e artistas circulando por toda a regi\u00e3o do evento. O alto volume de pessoas n\u00e3o incomodou ou impediu o tr\u00e2nsito pelos diversos ambientes do evento.<\/p>\n<div id=\"attachment_12917\" style=\"width: 630px\" class=\"wp-caption aligncenter\"><img loading=\"lazy\" decoding=\"async\" aria-describedby=\"caption-attachment-12917\" class=\"size-large wp-image-12917\" src=\"http:\/\/crentassos.com.br\/blog\/wp-content\/uploads\/2016\/09\/09-620x413.jpg\" alt=\"\u00c1rea externa do evento.\" width=\"620\" height=\"413\" srcset=\"https:\/\/crentassos.com.br\/blog\/wp-content\/uploads\/2016\/09\/09-620x413.jpg 620w, https:\/\/crentassos.com.br\/blog\/wp-content\/uploads\/2016\/09\/09-300x200.jpg 300w, https:\/\/crentassos.com.br\/blog\/wp-content\/uploads\/2016\/09\/09-768x512.jpg 768w, https:\/\/crentassos.com.br\/blog\/wp-content\/uploads\/2016\/09\/09-272x182.jpg 272w\" sizes=\"auto, (max-width: 620px) 100vw, 620px\" \/><p id=\"caption-attachment-12917\" class=\"wp-caption-text\">\u00c1rea externa do evento.<\/p><\/div>\n<p><strong>A Bienal \u00e9 cultura!<\/strong><\/p>\n<p style=\"text-align: justify;\">Quem foi a Bienal percebeu v\u00e1rias urnas espalhadas por todo o MuMA Elas surgiram diante da necessidade do evento recolher doa\u00e7\u00f5es financeiras, frente a dificuldades em conseguir apoios para a realiza\u00e7\u00e3o do evento. O foco da Bienal de Quadrinhos, assim como o FIQ (Festival Internacional de Quadrinhos), \u00e9 muito mais cultural do que comercial. Esta caracter\u00edstica da Bienal torna ainda mais dif\u00edcil a realiza\u00e7\u00e3o desse tipo de evento num cen\u00e1rio de crise econ\u00f4mica no pa\u00eds. Com a proximidade das elei\u00e7\u00f5es municipais, v\u00e1rios candidatos deram as caras no MuMA durante o evento. Mas fica a quest\u00e3o: o que mais \u00e9 necess\u00e1rio para a Bienal ser considerada um evento cultural da cidade? \u00c9 poss\u00edvel garantir a continuidade da Bienal? Para o mercado de quadrinhos no Brasil, me parece fundamental que um evento desse porte tenha sua continuidade garantida, e n\u00e3o apenas isso. \u00c9 necess\u00e1ria tamb\u00e9m a transfer\u00eancia da data para o primeiro semestre. Explico: anualmente, em meados dezembro, ocorre a CCXP (ComicCon Experience), evento de porte muito maior e com vistas claras ao mercado e rela\u00e7\u00f5es comerciais. Com esta proximidade de datas, a tend\u00eancia \u00e9 que eventos com menor apelo comercial e fluxo de dinheiro (Bienal de Quadrinhos) sejam esvaziados e atraiam menos p\u00fablico.<\/p>\n<p style=\"text-align: justify;\"><strong>Conclus\u00e3o<\/strong><\/p>\n<p style=\"text-align: justify;\">O saldo do evento \u00e9 positivo! A Bienal de Quadrinhos de Curitiba \u2018nasce\u2019 fazendo bonito e movimentando o cen\u00e1rio de quadrinhos. Fa\u00e7o votos de que seja apenas o come\u00e7o de uma bela hist\u00f3ria (em quadrinhos) que com certeza, ainda tem muito para crescer.<\/p>\n<p style=\"text-align: justify;\"><strong>Servi\u00e7o:<br \/>\nBienal de Quadrinhos de Curitiba<\/strong><br \/>\n<strong>Quando?<\/strong> 08 a 11 de setembro de 2016<br \/>\n<strong>Onde?<\/strong> MuMA (Museu Municipal de Artes) &#8211; Curitiba\/PR<br \/>\n<strong>Informa\u00e7\u00f5es?<\/strong> <a href=\"http:\/\/www.bienaldequadrinhos.com.br\/\">www.bienaldequadrinhos.com.br<br \/>\n<\/a><\/p>\n<p style=\"text-align: justify;\"><em><a href=\"https:\/\/twitter.com\/Felipe__Amorim\">Felipe Amorim<\/a> \u00e9\u00a0professor, historiador, f\u00e3 de quadrinhos e sommelier de leitura de coment\u00e1rios.<\/em><\/p>\n<p style=\"text-align: justify;\"><strong>***<a href=\"https:\/\/crentassos.com.br\/blog\/category\/sessoes\/post-do-leitor\">Post do Leitor<\/a> \u00e9 o espa\u00e7o para os leitores do blog colocarem seus pensamentos e tamb\u00e9m a porta de entrada do blog para novos editores. Os textos contidos aqui N\u00c3O condizem necessariamente com a opini\u00e3o dos editores do blog e nem caracterizam a necessidade de o autor deste texto passar a fazer parte do elenco de editores da Crentassos Produ\u00e7\u00f5es Subversivas.***<\/strong><\/p>\n","protected":false},"excerpt":{"rendered":"<p>Ol\u00e1 amigos, eu sou o Felipe, e j\u00e1 escrevi um poste aqui sobre o FIQ 2015, e como todo dia ano tem [&hellip;]<\/p>\n","protected":false},"author":1,"featured_media":12912,"comment_status":"open","ping_status":"open","sticky":false,"template":"","format":"standard","meta":{"_exactmetrics_skip_tracking":false,"_exactmetrics_sitenote_active":false,"_exactmetrics_sitenote_note":"","_exactmetrics_sitenote_category":0,"footnotes":"","_links_to":"","_links_to_target":""},"categories":[112,119,1305],"tags":[6221,6220,6222,6219,6218,5812,1558,6217,983,6223],"class_list":{"0":"post-12911","1":"post","2":"type-post","3":"status-publish","4":"format-standard","5":"has-post-thumbnail","6":"hentry","7":"category-artigos","8":"category-post-do-leitor","9":"category-sessoes","10":"tag-bienal","11":"tag-bienal-de-quadrinhos","12":"tag-felipe-amorim","13":"tag-gibicon","14":"tag-historia-em-quadrinhos","15":"tag-hq","16":"tag-post-do-leitor-2","17":"tag-quadrinho","18":"tag-quadrinhos","19":"tag-quadrinhos-sao-legais-leia","21":"post-with-thumbnail","22":"post-with-thumbnail-large"},"yoast_head":"<!-- This site is optimized with the Yoast SEO plugin v27.1.1 - https:\/\/yoast.com\/product\/yoast-seo-wordpress\/ -->\n<title>Sobre a Bienal de Quadrinhos (2016) #PostDoLeitor - Crentassos Produ\u00e7\u00f5es Subversivas<\/title>\n<meta name=\"robots\" content=\"index, follow, max-snippet:-1, max-image-preview:large, max-video-preview:-1\" \/>\n<link rel=\"canonical\" href=\"https:\/\/crentassos.com.br\/blog\/2016\/09\/sobre-a-bienal-de-quadrinhos-2016-postdoleitor.html\" \/>\n<meta property=\"og:locale\" content=\"pt_BR\" \/>\n<meta property=\"og:type\" content=\"article\" \/>\n<meta property=\"og:title\" content=\"Sobre a Bienal de Quadrinhos (2016) #PostDoLeitor - Crentassos Produ\u00e7\u00f5es Subversivas\" \/>\n<meta property=\"og:description\" content=\"Ol\u00e1 amigos, eu sou o Felipe, e j\u00e1 escrevi um poste aqui sobre o FIQ 2015, e como todo dia ano tem [&hellip;]\" \/>\n<meta property=\"og:url\" content=\"https:\/\/crentassos.com.br\/blog\/2016\/09\/sobre-a-bienal-de-quadrinhos-2016-postdoleitor.html\" \/>\n<meta property=\"og:site_name\" content=\"Crentassos Produ\u00e7\u00f5es Subversivas\" \/>\n<meta property=\"article:publisher\" content=\"http:\/\/www.facebook.com\/crentassos\" \/>\n<meta property=\"article:published_time\" content=\"2016-09-20T23:34:22+00:00\" \/>\n<meta property=\"article:modified_time\" content=\"2018-09-21T14:42:19+00:00\" \/>\n<meta property=\"og:image\" content=\"https:\/\/crentassos.com.br\/blog\/wp-content\/uploads\/2016\/09\/bienaldequadrinhosdecuritiba-muitoparana-777x437.jpg\" \/>\n\t<meta property=\"og:image:width\" content=\"777\" \/>\n\t<meta property=\"og:image:height\" content=\"437\" \/>\n\t<meta property=\"og:image:type\" content=\"image\/jpeg\" \/>\n<meta name=\"author\" content=\"Crentassos\" \/>\n<meta name=\"twitter:card\" content=\"summary_large_image\" \/>\n<meta name=\"twitter:creator\" content=\"@crentassos\" \/>\n<meta name=\"twitter:site\" content=\"@crentassos\" \/>\n<meta name=\"twitter:label1\" content=\"Escrito por\" \/>\n\t<meta name=\"twitter:data1\" content=\"Crentassos\" \/>\n\t<meta name=\"twitter:label2\" content=\"Est. tempo de leitura\" \/>\n\t<meta name=\"twitter:data2\" content=\"6 minutos\" \/>\n<script type=\"application\/ld+json\" class=\"yoast-schema-graph\">{\"@context\":\"https:\/\/schema.org\",\"@graph\":[{\"@type\":\"Article\",\"@id\":\"https:\/\/crentassos.com.br\/blog\/2016\/09\/sobre-a-bienal-de-quadrinhos-2016-postdoleitor.html#article\",\"isPartOf\":{\"@id\":\"https:\/\/crentassos.com.br\/blog\/2016\/09\/sobre-a-bienal-de-quadrinhos-2016-postdoleitor.html\"},\"author\":{\"name\":\"Crentassos\",\"@id\":\"https:\/\/crentassos.com.br\/blog\/#\/schema\/person\/c143e75f920e3ad15d83540f47db500c\"},\"headline\":\"Sobre a Bienal de Quadrinhos (2016) #PostDoLeitor\",\"datePublished\":\"2016-09-20T23:34:22+00:00\",\"dateModified\":\"2018-09-21T14:42:19+00:00\",\"mainEntityOfPage\":{\"@id\":\"https:\/\/crentassos.com.br\/blog\/2016\/09\/sobre-a-bienal-de-quadrinhos-2016-postdoleitor.html\"},\"wordCount\":1240,\"commentCount\":0,\"publisher\":{\"@id\":\"https:\/\/crentassos.com.br\/blog\/#organization\"},\"image\":{\"@id\":\"https:\/\/crentassos.com.br\/blog\/2016\/09\/sobre-a-bienal-de-quadrinhos-2016-postdoleitor.html#primaryimage\"},\"thumbnailUrl\":\"https:\/\/crentassos.com.br\/blog\/wp-content\/uploads\/2016\/09\/bienaldequadrinhosdecuritiba-muitoparana-777x437.jpg\",\"keywords\":[\"bienal\",\"bienal de quadrinhos\",\"felipe amorim\",\"gibicon\",\"hist\u00f3ria em quadrinhos\",\"hq\",\"post do leitor\",\"quadrinho\",\"quadrinhos\",\"quadrinhos s\u00e3o legais leia\"],\"articleSection\":[\"Artigos\",\"Post do Leitor\",\"Sess\u00f5es\"],\"inLanguage\":\"pt-BR\",\"potentialAction\":[{\"@type\":\"CommentAction\",\"name\":\"Comment\",\"target\":[\"https:\/\/crentassos.com.br\/blog\/2016\/09\/sobre-a-bienal-de-quadrinhos-2016-postdoleitor.html#respond\"]}]},{\"@type\":\"WebPage\",\"@id\":\"https:\/\/crentassos.com.br\/blog\/2016\/09\/sobre-a-bienal-de-quadrinhos-2016-postdoleitor.html\",\"url\":\"https:\/\/crentassos.com.br\/blog\/2016\/09\/sobre-a-bienal-de-quadrinhos-2016-postdoleitor.html\",\"name\":\"Sobre a Bienal de Quadrinhos (2016) #PostDoLeitor - Crentassos Produ\u00e7\u00f5es Subversivas\",\"isPartOf\":{\"@id\":\"https:\/\/crentassos.com.br\/blog\/#website\"},\"primaryImageOfPage\":{\"@id\":\"https:\/\/crentassos.com.br\/blog\/2016\/09\/sobre-a-bienal-de-quadrinhos-2016-postdoleitor.html#primaryimage\"},\"image\":{\"@id\":\"https:\/\/crentassos.com.br\/blog\/2016\/09\/sobre-a-bienal-de-quadrinhos-2016-postdoleitor.html#primaryimage\"},\"thumbnailUrl\":\"https:\/\/crentassos.com.br\/blog\/wp-content\/uploads\/2016\/09\/bienaldequadrinhosdecuritiba-muitoparana-777x437.jpg\",\"datePublished\":\"2016-09-20T23:34:22+00:00\",\"dateModified\":\"2018-09-21T14:42:19+00:00\",\"breadcrumb\":{\"@id\":\"https:\/\/crentassos.com.br\/blog\/2016\/09\/sobre-a-bienal-de-quadrinhos-2016-postdoleitor.html#breadcrumb\"},\"inLanguage\":\"pt-BR\",\"potentialAction\":[{\"@type\":\"ReadAction\",\"target\":[\"https:\/\/crentassos.com.br\/blog\/2016\/09\/sobre-a-bienal-de-quadrinhos-2016-postdoleitor.html\"]}]},{\"@type\":\"ImageObject\",\"inLanguage\":\"pt-BR\",\"@id\":\"https:\/\/crentassos.com.br\/blog\/2016\/09\/sobre-a-bienal-de-quadrinhos-2016-postdoleitor.html#primaryimage\",\"url\":\"https:\/\/crentassos.com.br\/blog\/wp-content\/uploads\/2016\/09\/bienaldequadrinhosdecuritiba-muitoparana-777x437.jpg\",\"contentUrl\":\"https:\/\/crentassos.com.br\/blog\/wp-content\/uploads\/2016\/09\/bienaldequadrinhosdecuritiba-muitoparana-777x437.jpg\",\"width\":777,\"height\":437},{\"@type\":\"BreadcrumbList\",\"@id\":\"https:\/\/crentassos.com.br\/blog\/2016\/09\/sobre-a-bienal-de-quadrinhos-2016-postdoleitor.html#breadcrumb\",\"itemListElement\":[{\"@type\":\"ListItem\",\"position\":1,\"name\":\"Home\",\"item\":\"https:\/\/crentassos.com.br\/blog\/\"},{\"@type\":\"ListItem\",\"position\":2,\"name\":\"Sobre a Bienal de Quadrinhos (2016) #PostDoLeitor\"}]},{\"@type\":\"WebSite\",\"@id\":\"https:\/\/crentassos.com.br\/blog\/#website\",\"url\":\"https:\/\/crentassos.com.br\/blog\/\",\"name\":\"Crentassos Produ\u00e7\u00f5es Subversivas\",\"description\":\"Podcast Crist\u00e3o, Podcrent, Da Prateleira, Artigos crist\u00e3os, Teologia, Estudos, Textos B\u00edblicos\",\"publisher\":{\"@id\":\"https:\/\/crentassos.com.br\/blog\/#organization\"},\"potentialAction\":[{\"@type\":\"SearchAction\",\"target\":{\"@type\":\"EntryPoint\",\"urlTemplate\":\"https:\/\/crentassos.com.br\/blog\/?s={search_term_string}\"},\"query-input\":{\"@type\":\"PropertyValueSpecification\",\"valueRequired\":true,\"valueName\":\"search_term_string\"}}],\"inLanguage\":\"pt-BR\"},{\"@type\":\"Organization\",\"@id\":\"https:\/\/crentassos.com.br\/blog\/#organization\",\"name\":\"Crentassos Produ\u00e7\u00f5es Subversivas\",\"url\":\"https:\/\/crentassos.com.br\/blog\/\",\"logo\":{\"@type\":\"ImageObject\",\"inLanguage\":\"pt-BR\",\"@id\":\"https:\/\/crentassos.com.br\/blog\/#\/schema\/logo\/image\/\",\"url\":\"https:\/\/crentassos.com.br\/blog\/wp-content\/uploads\/2020\/05\/cropped-crentassos1-300x300png.png\",\"contentUrl\":\"https:\/\/crentassos.com.br\/blog\/wp-content\/uploads\/2020\/05\/cropped-crentassos1-300x300png.png\",\"width\":300,\"height\":300,\"caption\":\"Crentassos Produ\u00e7\u00f5es Subversivas\"},\"image\":{\"@id\":\"https:\/\/crentassos.com.br\/blog\/#\/schema\/logo\/image\/\"},\"sameAs\":[\"http:\/\/www.facebook.com\/crentassos\",\"https:\/\/x.com\/crentassos\",\"https:\/\/www.instagram.com\/crentassos\",\"https:\/\/www.youtube.com\/crentassos\"]},{\"@type\":\"Person\",\"@id\":\"https:\/\/crentassos.com.br\/blog\/#\/schema\/person\/c143e75f920e3ad15d83540f47db500c\",\"name\":\"Crentassos\",\"image\":{\"@type\":\"ImageObject\",\"inLanguage\":\"pt-BR\",\"@id\":\"https:\/\/crentassos.com.br\/blog\/#\/schema\/person\/image\/\",\"url\":\"https:\/\/secure.gravatar.com\/avatar\/cb1b9c88bcd90ec2f909823639a352ece8d3a3cea59b9d08637fe057502fa227?s=96&d=retro&r=g\",\"contentUrl\":\"https:\/\/secure.gravatar.com\/avatar\/cb1b9c88bcd90ec2f909823639a352ece8d3a3cea59b9d08637fe057502fa227?s=96&d=retro&r=g\",\"caption\":\"Crentassos\"},\"description\":\"Perfil padr\u00e3o do blog dos Crentassos.\",\"sameAs\":[\"http:\/\/www.crentassos.com.br\"],\"url\":\"https:\/\/crentassos.com.br\/blog\/author\/crentassos\"}]}<\/script>\n<!-- \/ Yoast SEO plugin. -->","yoast_head_json":{"title":"Sobre a Bienal de Quadrinhos (2016) #PostDoLeitor - Crentassos Produ\u00e7\u00f5es Subversivas","robots":{"index":"index","follow":"follow","max-snippet":"max-snippet:-1","max-image-preview":"max-image-preview:large","max-video-preview":"max-video-preview:-1"},"canonical":"https:\/\/crentassos.com.br\/blog\/2016\/09\/sobre-a-bienal-de-quadrinhos-2016-postdoleitor.html","og_locale":"pt_BR","og_type":"article","og_title":"Sobre a Bienal de Quadrinhos (2016) #PostDoLeitor - Crentassos Produ\u00e7\u00f5es Subversivas","og_description":"Ol\u00e1 amigos, eu sou o Felipe, e j\u00e1 escrevi um poste aqui sobre o FIQ 2015, e como todo dia ano tem [&hellip;]","og_url":"https:\/\/crentassos.com.br\/blog\/2016\/09\/sobre-a-bienal-de-quadrinhos-2016-postdoleitor.html","og_site_name":"Crentassos Produ\u00e7\u00f5es Subversivas","article_publisher":"http:\/\/www.facebook.com\/crentassos","article_published_time":"2016-09-20T23:34:22+00:00","article_modified_time":"2018-09-21T14:42:19+00:00","og_image":[{"width":777,"height":437,"url":"https:\/\/crentassos.com.br\/blog\/wp-content\/uploads\/2016\/09\/bienaldequadrinhosdecuritiba-muitoparana-777x437.jpg","type":"image\/jpeg"}],"author":"Crentassos","twitter_card":"summary_large_image","twitter_creator":"@crentassos","twitter_site":"@crentassos","twitter_misc":{"Escrito por":"Crentassos","Est. tempo de leitura":"6 minutos"},"schema":{"@context":"https:\/\/schema.org","@graph":[{"@type":"Article","@id":"https:\/\/crentassos.com.br\/blog\/2016\/09\/sobre-a-bienal-de-quadrinhos-2016-postdoleitor.html#article","isPartOf":{"@id":"https:\/\/crentassos.com.br\/blog\/2016\/09\/sobre-a-bienal-de-quadrinhos-2016-postdoleitor.html"},"author":{"name":"Crentassos","@id":"https:\/\/crentassos.com.br\/blog\/#\/schema\/person\/c143e75f920e3ad15d83540f47db500c"},"headline":"Sobre a Bienal de Quadrinhos (2016) #PostDoLeitor","datePublished":"2016-09-20T23:34:22+00:00","dateModified":"2018-09-21T14:42:19+00:00","mainEntityOfPage":{"@id":"https:\/\/crentassos.com.br\/blog\/2016\/09\/sobre-a-bienal-de-quadrinhos-2016-postdoleitor.html"},"wordCount":1240,"commentCount":0,"publisher":{"@id":"https:\/\/crentassos.com.br\/blog\/#organization"},"image":{"@id":"https:\/\/crentassos.com.br\/blog\/2016\/09\/sobre-a-bienal-de-quadrinhos-2016-postdoleitor.html#primaryimage"},"thumbnailUrl":"https:\/\/crentassos.com.br\/blog\/wp-content\/uploads\/2016\/09\/bienaldequadrinhosdecuritiba-muitoparana-777x437.jpg","keywords":["bienal","bienal de quadrinhos","felipe amorim","gibicon","hist\u00f3ria em quadrinhos","hq","post do leitor","quadrinho","quadrinhos","quadrinhos s\u00e3o legais leia"],"articleSection":["Artigos","Post do Leitor","Sess\u00f5es"],"inLanguage":"pt-BR","potentialAction":[{"@type":"CommentAction","name":"Comment","target":["https:\/\/crentassos.com.br\/blog\/2016\/09\/sobre-a-bienal-de-quadrinhos-2016-postdoleitor.html#respond"]}]},{"@type":"WebPage","@id":"https:\/\/crentassos.com.br\/blog\/2016\/09\/sobre-a-bienal-de-quadrinhos-2016-postdoleitor.html","url":"https:\/\/crentassos.com.br\/blog\/2016\/09\/sobre-a-bienal-de-quadrinhos-2016-postdoleitor.html","name":"Sobre a Bienal de Quadrinhos (2016) #PostDoLeitor - Crentassos Produ\u00e7\u00f5es Subversivas","isPartOf":{"@id":"https:\/\/crentassos.com.br\/blog\/#website"},"primaryImageOfPage":{"@id":"https:\/\/crentassos.com.br\/blog\/2016\/09\/sobre-a-bienal-de-quadrinhos-2016-postdoleitor.html#primaryimage"},"image":{"@id":"https:\/\/crentassos.com.br\/blog\/2016\/09\/sobre-a-bienal-de-quadrinhos-2016-postdoleitor.html#primaryimage"},"thumbnailUrl":"https:\/\/crentassos.com.br\/blog\/wp-content\/uploads\/2016\/09\/bienaldequadrinhosdecuritiba-muitoparana-777x437.jpg","datePublished":"2016-09-20T23:34:22+00:00","dateModified":"2018-09-21T14:42:19+00:00","breadcrumb":{"@id":"https:\/\/crentassos.com.br\/blog\/2016\/09\/sobre-a-bienal-de-quadrinhos-2016-postdoleitor.html#breadcrumb"},"inLanguage":"pt-BR","potentialAction":[{"@type":"ReadAction","target":["https:\/\/crentassos.com.br\/blog\/2016\/09\/sobre-a-bienal-de-quadrinhos-2016-postdoleitor.html"]}]},{"@type":"ImageObject","inLanguage":"pt-BR","@id":"https:\/\/crentassos.com.br\/blog\/2016\/09\/sobre-a-bienal-de-quadrinhos-2016-postdoleitor.html#primaryimage","url":"https:\/\/crentassos.com.br\/blog\/wp-content\/uploads\/2016\/09\/bienaldequadrinhosdecuritiba-muitoparana-777x437.jpg","contentUrl":"https:\/\/crentassos.com.br\/blog\/wp-content\/uploads\/2016\/09\/bienaldequadrinhosdecuritiba-muitoparana-777x437.jpg","width":777,"height":437},{"@type":"BreadcrumbList","@id":"https:\/\/crentassos.com.br\/blog\/2016\/09\/sobre-a-bienal-de-quadrinhos-2016-postdoleitor.html#breadcrumb","itemListElement":[{"@type":"ListItem","position":1,"name":"Home","item":"https:\/\/crentassos.com.br\/blog\/"},{"@type":"ListItem","position":2,"name":"Sobre a Bienal de Quadrinhos (2016) #PostDoLeitor"}]},{"@type":"WebSite","@id":"https:\/\/crentassos.com.br\/blog\/#website","url":"https:\/\/crentassos.com.br\/blog\/","name":"Crentassos Produ\u00e7\u00f5es Subversivas","description":"Podcast Crist\u00e3o, Podcrent, Da Prateleira, Artigos crist\u00e3os, Teologia, Estudos, Textos B\u00edblicos","publisher":{"@id":"https:\/\/crentassos.com.br\/blog\/#organization"},"potentialAction":[{"@type":"SearchAction","target":{"@type":"EntryPoint","urlTemplate":"https:\/\/crentassos.com.br\/blog\/?s={search_term_string}"},"query-input":{"@type":"PropertyValueSpecification","valueRequired":true,"valueName":"search_term_string"}}],"inLanguage":"pt-BR"},{"@type":"Organization","@id":"https:\/\/crentassos.com.br\/blog\/#organization","name":"Crentassos Produ\u00e7\u00f5es Subversivas","url":"https:\/\/crentassos.com.br\/blog\/","logo":{"@type":"ImageObject","inLanguage":"pt-BR","@id":"https:\/\/crentassos.com.br\/blog\/#\/schema\/logo\/image\/","url":"https:\/\/crentassos.com.br\/blog\/wp-content\/uploads\/2020\/05\/cropped-crentassos1-300x300png.png","contentUrl":"https:\/\/crentassos.com.br\/blog\/wp-content\/uploads\/2020\/05\/cropped-crentassos1-300x300png.png","width":300,"height":300,"caption":"Crentassos Produ\u00e7\u00f5es Subversivas"},"image":{"@id":"https:\/\/crentassos.com.br\/blog\/#\/schema\/logo\/image\/"},"sameAs":["http:\/\/www.facebook.com\/crentassos","https:\/\/x.com\/crentassos","https:\/\/www.instagram.com\/crentassos","https:\/\/www.youtube.com\/crentassos"]},{"@type":"Person","@id":"https:\/\/crentassos.com.br\/blog\/#\/schema\/person\/c143e75f920e3ad15d83540f47db500c","name":"Crentassos","image":{"@type":"ImageObject","inLanguage":"pt-BR","@id":"https:\/\/crentassos.com.br\/blog\/#\/schema\/person\/image\/","url":"https:\/\/secure.gravatar.com\/avatar\/cb1b9c88bcd90ec2f909823639a352ece8d3a3cea59b9d08637fe057502fa227?s=96&d=retro&r=g","contentUrl":"https:\/\/secure.gravatar.com\/avatar\/cb1b9c88bcd90ec2f909823639a352ece8d3a3cea59b9d08637fe057502fa227?s=96&d=retro&r=g","caption":"Crentassos"},"description":"Perfil padr\u00e3o do blog dos Crentassos.","sameAs":["http:\/\/www.crentassos.com.br"],"url":"https:\/\/crentassos.com.br\/blog\/author\/crentassos"}]}},"_links":{"self":[{"href":"https:\/\/crentassos.com.br\/blog\/wp-json\/wp\/v2\/posts\/12911","targetHints":{"allow":["GET"]}}],"collection":[{"href":"https:\/\/crentassos.com.br\/blog\/wp-json\/wp\/v2\/posts"}],"about":[{"href":"https:\/\/crentassos.com.br\/blog\/wp-json\/wp\/v2\/types\/post"}],"author":[{"embeddable":true,"href":"https:\/\/crentassos.com.br\/blog\/wp-json\/wp\/v2\/users\/1"}],"replies":[{"embeddable":true,"href":"https:\/\/crentassos.com.br\/blog\/wp-json\/wp\/v2\/comments?post=12911"}],"version-history":[{"count":8,"href":"https:\/\/crentassos.com.br\/blog\/wp-json\/wp\/v2\/posts\/12911\/revisions"}],"predecessor-version":[{"id":15408,"href":"https:\/\/crentassos.com.br\/blog\/wp-json\/wp\/v2\/posts\/12911\/revisions\/15408"}],"wp:featuredmedia":[{"embeddable":true,"href":"https:\/\/crentassos.com.br\/blog\/wp-json\/wp\/v2\/media\/12912"}],"wp:attachment":[{"href":"https:\/\/crentassos.com.br\/blog\/wp-json\/wp\/v2\/media?parent=12911"}],"wp:term":[{"taxonomy":"category","embeddable":true,"href":"https:\/\/crentassos.com.br\/blog\/wp-json\/wp\/v2\/categories?post=12911"},{"taxonomy":"post_tag","embeddable":true,"href":"https:\/\/crentassos.com.br\/blog\/wp-json\/wp\/v2\/tags?post=12911"}],"curies":[{"name":"wp","href":"https:\/\/api.w.org\/{rel}","templated":true}]}}