{"id":12845,"date":"2016-08-26T00:01:02","date_gmt":"2016-08-26T03:01:02","guid":{"rendered":"http:\/\/crentassos.com.br\/blog\/?p=12845"},"modified":"2016-08-26T07:45:57","modified_gmt":"2016-08-26T10:45:57","slug":"musicas-do-mundo-que-me-edificam-0089-supercombo-rogerio","status":"publish","type":"post","link":"https:\/\/crentassos.com.br\/blog\/2016\/08\/musicas-do-mundo-que-me-edificam-0089-supercombo-rogerio.html","title":{"rendered":"M\u00fasicas do Mundo que  Me Edificam #0089 &#8211; Supercombo &#8211; Rog\u00e9rio"},"content":{"rendered":"<p>Passo a bola do M\u00fasicas do Mundo que Me Edificam desta sexta pro <a href=\"https:\/\/www.facebook.com\/Hernanicm?fref=ts\">Hernani Medola<\/a>, l\u00e1 do <a href=\"https:\/\/www.facebook.com\/canaltelescopio\/?fref=ts\">Telesc\u00f3pio<\/a>, trazer uma m\u00fasica de outra banda do glorioso estado do Esp\u00edrito Santo.<\/p>\n<p><iframe loading=\"lazy\" width=\"720\" height=\"405\" src=\"https:\/\/www.youtube.com\/embed\/FIxRcbDMO30?feature=oembed\" frameborder=\"0\" allowfullscreen><\/iframe><\/p>\n<p style=\"text-align: justify;\">O Supercombo \u00e9 uma banda capixaba que vem j\u00e1 h\u00e1 algum tempo ganhando espa\u00e7o no\u00a0cen\u00e1rio alternativo brasileiro. O grande p\u00fablico conheceu a banda ap\u00f3s eles participarem\u00a0da segunda edi\u00e7\u00e3o do \u201cglobal\u201d Superstar.<\/p>\n<p style=\"text-align: justify;\">Rog\u00e9rio \u00e9 a faixa que batiza o trabalho novo da banda e, desde a primeira vez que eu a\u00a0ouvi, me aben\u00e7oou muito!<\/p>\n<p><em>\u201cVoc\u00ea n\u00e3o sabe como \u00e9 ruim<\/em><br \/>\n<em>Desejo pra ningu\u00e9m<\/em><br \/>\n<em>Viver nesse calor infernal<\/em><br \/>\n<em>E todo mundo te usar<\/em><br \/>\n<em>Como garoto propaganda pra todo mal que existe nesse mundo\u201d<\/em><\/p>\n<p>&nbsp;<\/p>\n<p style=\"text-align: justify;\"><span style=\"font-weight: 400;\">Pra mim o personagem da m\u00fasica \u00e9 algu\u00e9m que integra o grupo dos exclu\u00eddos pela \u201cigreja\u201d. Algu\u00e9m que n\u00e3o se encaixa nos padr\u00f5es que sacralizamos, exclu\u00eddo do nosso criterioso esquema religioso.<\/span><\/p>\n<p style=\"text-align: justify;\"><span style=\"font-weight: 400;\">O personagem sente-se \u201codiado em nome do amor\u201d, e \u00e9 bem isso que acontece. Tantas vezes nossas palavras ferem, afastam, imp\u00f5e uma barreira pra quem na verdade tenta ser honesto consigo mesmo. O \u201cevangelho de mascaras\u201d n\u00e3o gosta de quem admite falhas e precisa de amor. O que se faz \u00e9 o contr\u00e1rio! A igreja usa grupos como o estere\u00f3tipo da pr\u00f3pria maldade.<\/span><\/p>\n<p style=\"text-align: justify;\"><span style=\"font-weight: 400;\">Jesus \u00e9 muito louco porque seu discurso \u00e9 profundamente revolucion\u00e1rio e inclusivo! Falar que um samaritano era mais justo que um sacerdote foi um tapa na cara dos fariseus (Lucas 10:25-37). Fez isso outras vezes tamb\u00e9m, como quando disse que a maior oferta foi de uma vi\u00fava pobre (Lucas 21:1-4), algu\u00e9m desgra\u00e7ada aos olhos dos religiosos. Jesus queria mostrar, dentre outras coisas, que a justifica\u00e7\u00e3o n\u00e3o est\u00e1 atrelada aos nossos padr\u00f5es e preconceitos.<\/span><\/p>\n<p style=\"text-align: justify;\"><span style=\"font-weight: 400;\">Ali\u00e1s, Paulo tamb\u00e9m deixa isso muito claro: \u201c<\/span><i><span style=\"font-weight: 400;\">Mas agora se manifestou uma justi\u00e7a que prov\u00e9m de Deus, independente da lei, da qual testemunham a Lei e os Profetas, justi\u00e7a de Deus mediante a f\u00e9 em Jesus Cristo para todos os que cr\u00eaem. N\u00e3o h\u00e1 distin\u00e7\u00e3o, pois todos pecaram e est\u00e3o destitu\u00eddos da gl\u00f3ria de Deus, sendo justificados gratuitamente por sua gra\u00e7a, por meio da reden\u00e7\u00e3o que h\u00e1 em Cristo Jesus<\/span><\/i><span style=\"font-weight: 400;\">\u201d. (Romanos 3:21-24)<\/span><\/p>\n<p style=\"text-align: justify;\"><span style=\"font-weight: 400;\">Rog\u00e9rio \u00e9 algu\u00e9m cedendo por gra\u00e7a, amor e justi\u00e7a. Algu\u00e9m que busca, mas se sente abandonado. Que espera o dia de entrar na festa e ver seus acusadores sendo julgados com a mesma r\u00e9gua. E se considerarmos que Jesus j\u00e1 nos alertou que teremos surpresas no dia do julgamento (Mateus 7:21-23), \u00e9 capaz de ter muito \u201cprofeta\u201d ai descendo mesmo de tobog\u00e3.<\/span><\/p>\n<p><em><a href=\"https:\/\/twitter.com\/HernaniCM\">Hernani Correa Medola<\/a>. Paulistano, crist\u00e3o e apresentador do programa \u201c<a href=\"https:\/\/www.youtube.com\/c\/canaltelescopio\">Telesc\u00f3pio<\/a>\u201d<\/em><\/p>\n<p><strong><em>*vale lembrar que o M\u00fasicas do Mundo Que Me Edificam traz a opini\u00e3o\/vis\u00e3o do colunista a m\u00fasica e n\u00e3o necessariamente \u00e9 a mesma do autor\/artista criador da m\u00fasica.<\/em><\/strong><\/p>\n<p>**voc\u00ea tamb\u00e9m pode enviar sua contribui\u00e7\u00e3o pra esta coluna. Conte pra n\u00f3s que &#8220;m\u00fasica do mundo&#8221; que te edifica. Envie sua m\u00fasica e texto para crentassos@gmail.com<\/p>\n<p><em>\u00a0<\/em><\/p>\n","protected":false},"excerpt":{"rendered":"<p>Passo a bola do M\u00fasicas do Mundo que Me Edificam desta sexta pro Hernani Medola, l\u00e1 do Telesc\u00f3pio, trazer uma m\u00fasica de [&hellip;]<\/p>\n","protected":false},"author":1,"featured_media":12846,"comment_status":"open","ping_status":"open","sticky":false,"template":"","format":"standard","meta":{"_exactmetrics_skip_tracking":false,"_exactmetrics_sitenote_active":false,"_exactmetrics_sitenote_note":"","_exactmetrics_sitenote_category":0,"footnotes":"","_links_to":"","_links_to_target":""},"categories":[112,5962,5986,5966,117,5967,119],"tags":[6188,6187,6085,1638,6186,6185],"class_list":{"0":"post-12845","1":"post","2":"type-post","3":"status-publish","4":"format-standard","5":"has-post-thumbnail","6":"hentry","7":"category-artigos","8":"category-musiacs-do-mundo-que-me-edificam","9":"category-musica","10":"category-musicas-do-mundo","11":"category-musicas-boa","12":"category-musicas-seculares","13":"category-post-do-leitor","14":"tag-aquela-tag-pra-deixar-mensagem-subliminar","15":"tag-leitor","16":"tag-mdmqe","17":"tag-musicas-do-mundo-que-me-edificam","18":"tag-rogerio","19":"tag-supercombo","21":"post-with-thumbnail","22":"post-with-thumbnail-large"},"yoast_head":"<!-- This site is optimized with the Yoast SEO plugin v27.1.1 - https:\/\/yoast.com\/product\/yoast-seo-wordpress\/ -->\n<title>M\u00fasicas do Mundo que Me Edificam #0089 - Supercombo - Rog\u00e9rio - Crentassos Produ\u00e7\u00f5es Subversivas<\/title>\n<meta name=\"robots\" content=\"index, follow, max-snippet:-1, max-image-preview:large, max-video-preview:-1\" \/>\n<link rel=\"canonical\" href=\"https:\/\/crentassos.com.br\/blog\/2016\/08\/musicas-do-mundo-que-me-edificam-0089-supercombo-rogerio.html\" \/>\n<meta property=\"og:locale\" content=\"pt_BR\" \/>\n<meta property=\"og:type\" content=\"article\" \/>\n<meta property=\"og:title\" content=\"M\u00fasicas do Mundo que Me Edificam #0089 - Supercombo - Rog\u00e9rio - Crentassos Produ\u00e7\u00f5es Subversivas\" \/>\n<meta property=\"og:description\" content=\"Passo a bola do M\u00fasicas do Mundo que Me Edificam desta sexta pro Hernani Medola, l\u00e1 do Telesc\u00f3pio, trazer uma m\u00fasica de [&hellip;]\" \/>\n<meta property=\"og:url\" content=\"https:\/\/crentassos.com.br\/blog\/2016\/08\/musicas-do-mundo-que-me-edificam-0089-supercombo-rogerio.html\" \/>\n<meta property=\"og:site_name\" content=\"Crentassos Produ\u00e7\u00f5es Subversivas\" \/>\n<meta property=\"article:publisher\" content=\"http:\/\/www.facebook.com\/crentassos\" \/>\n<meta property=\"article:published_time\" content=\"2016-08-26T03:01:02+00:00\" \/>\n<meta property=\"article:modified_time\" content=\"2016-08-26T10:45:57+00:00\" \/>\n<meta property=\"og:image\" content=\"https:\/\/crentassos.com.br\/blog\/wp-content\/uploads\/2016\/08\/maxresdefault.jpg\" \/>\n\t<meta property=\"og:image:width\" content=\"1920\" \/>\n\t<meta property=\"og:image:height\" content=\"1080\" \/>\n\t<meta property=\"og:image:type\" content=\"image\/jpeg\" \/>\n<meta name=\"author\" content=\"Crentassos\" \/>\n<meta name=\"twitter:card\" content=\"summary_large_image\" \/>\n<meta name=\"twitter:creator\" content=\"@crentassos\" \/>\n<meta name=\"twitter:site\" content=\"@crentassos\" \/>\n<meta name=\"twitter:label1\" content=\"Escrito por\" \/>\n\t<meta name=\"twitter:data1\" content=\"Crentassos\" \/>\n\t<meta name=\"twitter:label2\" content=\"Est. tempo de leitura\" \/>\n\t<meta name=\"twitter:data2\" content=\"3 minutos\" \/>\n<script type=\"application\/ld+json\" class=\"yoast-schema-graph\">{\"@context\":\"https:\/\/schema.org\",\"@graph\":[{\"@type\":\"Article\",\"@id\":\"https:\/\/crentassos.com.br\/blog\/2016\/08\/musicas-do-mundo-que-me-edificam-0089-supercombo-rogerio.html#article\",\"isPartOf\":{\"@id\":\"https:\/\/crentassos.com.br\/blog\/2016\/08\/musicas-do-mundo-que-me-edificam-0089-supercombo-rogerio.html\"},\"author\":{\"name\":\"Crentassos\",\"@id\":\"https:\/\/crentassos.com.br\/blog\/#\/schema\/person\/c143e75f920e3ad15d83540f47db500c\"},\"headline\":\"M\u00fasicas do Mundo que Me Edificam #0089 &#8211; Supercombo &#8211; Rog\u00e9rio\",\"datePublished\":\"2016-08-26T03:01:02+00:00\",\"dateModified\":\"2016-08-26T10:45:57+00:00\",\"mainEntityOfPage\":{\"@id\":\"https:\/\/crentassos.com.br\/blog\/2016\/08\/musicas-do-mundo-que-me-edificam-0089-supercombo-rogerio.html\"},\"wordCount\":559,\"commentCount\":8,\"publisher\":{\"@id\":\"https:\/\/crentassos.com.br\/blog\/#organization\"},\"image\":{\"@id\":\"https:\/\/crentassos.com.br\/blog\/2016\/08\/musicas-do-mundo-que-me-edificam-0089-supercombo-rogerio.html#primaryimage\"},\"thumbnailUrl\":\"https:\/\/crentassos.com.br\/blog\/wp-content\/uploads\/2016\/08\/maxresdefault.jpg\",\"keywords\":[\"aquela tag pra deixar mensagem subliminar\",\"leitor\",\"mdmqe\",\"musicas do mundo que me edificam\",\"rog\u00e9rio\",\"supercombo\"],\"articleSection\":[\"Artigos\",\"musiacs do mundo que me edificam\",\"musica\",\"m\u00fasicas do mundo\",\"M\u00fasicas do Mundo que Me Edificam\",\"musicas seculares\",\"Post do Leitor\"],\"inLanguage\":\"pt-BR\",\"potentialAction\":[{\"@type\":\"CommentAction\",\"name\":\"Comment\",\"target\":[\"https:\/\/crentassos.com.br\/blog\/2016\/08\/musicas-do-mundo-que-me-edificam-0089-supercombo-rogerio.html#respond\"]}]},{\"@type\":\"WebPage\",\"@id\":\"https:\/\/crentassos.com.br\/blog\/2016\/08\/musicas-do-mundo-que-me-edificam-0089-supercombo-rogerio.html\",\"url\":\"https:\/\/crentassos.com.br\/blog\/2016\/08\/musicas-do-mundo-que-me-edificam-0089-supercombo-rogerio.html\",\"name\":\"M\u00fasicas do Mundo que Me Edificam #0089 - Supercombo - Rog\u00e9rio - Crentassos Produ\u00e7\u00f5es Subversivas\",\"isPartOf\":{\"@id\":\"https:\/\/crentassos.com.br\/blog\/#website\"},\"primaryImageOfPage\":{\"@id\":\"https:\/\/crentassos.com.br\/blog\/2016\/08\/musicas-do-mundo-que-me-edificam-0089-supercombo-rogerio.html#primaryimage\"},\"image\":{\"@id\":\"https:\/\/crentassos.com.br\/blog\/2016\/08\/musicas-do-mundo-que-me-edificam-0089-supercombo-rogerio.html#primaryimage\"},\"thumbnailUrl\":\"https:\/\/crentassos.com.br\/blog\/wp-content\/uploads\/2016\/08\/maxresdefault.jpg\",\"datePublished\":\"2016-08-26T03:01:02+00:00\",\"dateModified\":\"2016-08-26T10:45:57+00:00\",\"breadcrumb\":{\"@id\":\"https:\/\/crentassos.com.br\/blog\/2016\/08\/musicas-do-mundo-que-me-edificam-0089-supercombo-rogerio.html#breadcrumb\"},\"inLanguage\":\"pt-BR\",\"potentialAction\":[{\"@type\":\"ReadAction\",\"target\":[\"https:\/\/crentassos.com.br\/blog\/2016\/08\/musicas-do-mundo-que-me-edificam-0089-supercombo-rogerio.html\"]}]},{\"@type\":\"ImageObject\",\"inLanguage\":\"pt-BR\",\"@id\":\"https:\/\/crentassos.com.br\/blog\/2016\/08\/musicas-do-mundo-que-me-edificam-0089-supercombo-rogerio.html#primaryimage\",\"url\":\"https:\/\/crentassos.com.br\/blog\/wp-content\/uploads\/2016\/08\/maxresdefault.jpg\",\"contentUrl\":\"https:\/\/crentassos.com.br\/blog\/wp-content\/uploads\/2016\/08\/maxresdefault.jpg\",\"width\":1920,\"height\":1080},{\"@type\":\"BreadcrumbList\",\"@id\":\"https:\/\/crentassos.com.br\/blog\/2016\/08\/musicas-do-mundo-que-me-edificam-0089-supercombo-rogerio.html#breadcrumb\",\"itemListElement\":[{\"@type\":\"ListItem\",\"position\":1,\"name\":\"Home\",\"item\":\"https:\/\/crentassos.com.br\/blog\/\"},{\"@type\":\"ListItem\",\"position\":2,\"name\":\"M\u00fasicas do Mundo que Me Edificam #0089 &#8211; Supercombo &#8211; Rog\u00e9rio\"}]},{\"@type\":\"WebSite\",\"@id\":\"https:\/\/crentassos.com.br\/blog\/#website\",\"url\":\"https:\/\/crentassos.com.br\/blog\/\",\"name\":\"Crentassos Produ\u00e7\u00f5es Subversivas\",\"description\":\"Podcast Crist\u00e3o, Podcrent, Da Prateleira, Artigos crist\u00e3os, Teologia, Estudos, Textos B\u00edblicos\",\"publisher\":{\"@id\":\"https:\/\/crentassos.com.br\/blog\/#organization\"},\"potentialAction\":[{\"@type\":\"SearchAction\",\"target\":{\"@type\":\"EntryPoint\",\"urlTemplate\":\"https:\/\/crentassos.com.br\/blog\/?s={search_term_string}\"},\"query-input\":{\"@type\":\"PropertyValueSpecification\",\"valueRequired\":true,\"valueName\":\"search_term_string\"}}],\"inLanguage\":\"pt-BR\"},{\"@type\":\"Organization\",\"@id\":\"https:\/\/crentassos.com.br\/blog\/#organization\",\"name\":\"Crentassos Produ\u00e7\u00f5es Subversivas\",\"url\":\"https:\/\/crentassos.com.br\/blog\/\",\"logo\":{\"@type\":\"ImageObject\",\"inLanguage\":\"pt-BR\",\"@id\":\"https:\/\/crentassos.com.br\/blog\/#\/schema\/logo\/image\/\",\"url\":\"https:\/\/crentassos.com.br\/blog\/wp-content\/uploads\/2020\/05\/cropped-crentassos1-300x300png.png\",\"contentUrl\":\"https:\/\/crentassos.com.br\/blog\/wp-content\/uploads\/2020\/05\/cropped-crentassos1-300x300png.png\",\"width\":300,\"height\":300,\"caption\":\"Crentassos Produ\u00e7\u00f5es Subversivas\"},\"image\":{\"@id\":\"https:\/\/crentassos.com.br\/blog\/#\/schema\/logo\/image\/\"},\"sameAs\":[\"http:\/\/www.facebook.com\/crentassos\",\"https:\/\/x.com\/crentassos\",\"https:\/\/www.instagram.com\/crentassos\",\"https:\/\/www.youtube.com\/crentassos\"]},{\"@type\":\"Person\",\"@id\":\"https:\/\/crentassos.com.br\/blog\/#\/schema\/person\/c143e75f920e3ad15d83540f47db500c\",\"name\":\"Crentassos\",\"image\":{\"@type\":\"ImageObject\",\"inLanguage\":\"pt-BR\",\"@id\":\"https:\/\/crentassos.com.br\/blog\/#\/schema\/person\/image\/\",\"url\":\"https:\/\/secure.gravatar.com\/avatar\/cb1b9c88bcd90ec2f909823639a352ece8d3a3cea59b9d08637fe057502fa227?s=96&d=retro&r=g\",\"contentUrl\":\"https:\/\/secure.gravatar.com\/avatar\/cb1b9c88bcd90ec2f909823639a352ece8d3a3cea59b9d08637fe057502fa227?s=96&d=retro&r=g\",\"caption\":\"Crentassos\"},\"description\":\"Perfil padr\u00e3o do blog dos Crentassos.\",\"sameAs\":[\"http:\/\/www.crentassos.com.br\"],\"url\":\"https:\/\/crentassos.com.br\/blog\/author\/crentassos\"}]}<\/script>\n<!-- \/ Yoast SEO plugin. -->","yoast_head_json":{"title":"M\u00fasicas do Mundo que Me Edificam #0089 - Supercombo - Rog\u00e9rio - Crentassos Produ\u00e7\u00f5es Subversivas","robots":{"index":"index","follow":"follow","max-snippet":"max-snippet:-1","max-image-preview":"max-image-preview:large","max-video-preview":"max-video-preview:-1"},"canonical":"https:\/\/crentassos.com.br\/blog\/2016\/08\/musicas-do-mundo-que-me-edificam-0089-supercombo-rogerio.html","og_locale":"pt_BR","og_type":"article","og_title":"M\u00fasicas do Mundo que Me Edificam #0089 - Supercombo - Rog\u00e9rio - Crentassos Produ\u00e7\u00f5es Subversivas","og_description":"Passo a bola do M\u00fasicas do Mundo que Me Edificam desta sexta pro Hernani Medola, l\u00e1 do Telesc\u00f3pio, trazer uma m\u00fasica de [&hellip;]","og_url":"https:\/\/crentassos.com.br\/blog\/2016\/08\/musicas-do-mundo-que-me-edificam-0089-supercombo-rogerio.html","og_site_name":"Crentassos Produ\u00e7\u00f5es Subversivas","article_publisher":"http:\/\/www.facebook.com\/crentassos","article_published_time":"2016-08-26T03:01:02+00:00","article_modified_time":"2016-08-26T10:45:57+00:00","og_image":[{"width":1920,"height":1080,"url":"https:\/\/crentassos.com.br\/blog\/wp-content\/uploads\/2016\/08\/maxresdefault.jpg","type":"image\/jpeg"}],"author":"Crentassos","twitter_card":"summary_large_image","twitter_creator":"@crentassos","twitter_site":"@crentassos","twitter_misc":{"Escrito por":"Crentassos","Est. tempo de leitura":"3 minutos"},"schema":{"@context":"https:\/\/schema.org","@graph":[{"@type":"Article","@id":"https:\/\/crentassos.com.br\/blog\/2016\/08\/musicas-do-mundo-que-me-edificam-0089-supercombo-rogerio.html#article","isPartOf":{"@id":"https:\/\/crentassos.com.br\/blog\/2016\/08\/musicas-do-mundo-que-me-edificam-0089-supercombo-rogerio.html"},"author":{"name":"Crentassos","@id":"https:\/\/crentassos.com.br\/blog\/#\/schema\/person\/c143e75f920e3ad15d83540f47db500c"},"headline":"M\u00fasicas do Mundo que Me Edificam #0089 &#8211; Supercombo &#8211; Rog\u00e9rio","datePublished":"2016-08-26T03:01:02+00:00","dateModified":"2016-08-26T10:45:57+00:00","mainEntityOfPage":{"@id":"https:\/\/crentassos.com.br\/blog\/2016\/08\/musicas-do-mundo-que-me-edificam-0089-supercombo-rogerio.html"},"wordCount":559,"commentCount":8,"publisher":{"@id":"https:\/\/crentassos.com.br\/blog\/#organization"},"image":{"@id":"https:\/\/crentassos.com.br\/blog\/2016\/08\/musicas-do-mundo-que-me-edificam-0089-supercombo-rogerio.html#primaryimage"},"thumbnailUrl":"https:\/\/crentassos.com.br\/blog\/wp-content\/uploads\/2016\/08\/maxresdefault.jpg","keywords":["aquela tag pra deixar mensagem subliminar","leitor","mdmqe","musicas do mundo que me edificam","rog\u00e9rio","supercombo"],"articleSection":["Artigos","musiacs do mundo que me edificam","musica","m\u00fasicas do mundo","M\u00fasicas do Mundo que Me Edificam","musicas seculares","Post do Leitor"],"inLanguage":"pt-BR","potentialAction":[{"@type":"CommentAction","name":"Comment","target":["https:\/\/crentassos.com.br\/blog\/2016\/08\/musicas-do-mundo-que-me-edificam-0089-supercombo-rogerio.html#respond"]}]},{"@type":"WebPage","@id":"https:\/\/crentassos.com.br\/blog\/2016\/08\/musicas-do-mundo-que-me-edificam-0089-supercombo-rogerio.html","url":"https:\/\/crentassos.com.br\/blog\/2016\/08\/musicas-do-mundo-que-me-edificam-0089-supercombo-rogerio.html","name":"M\u00fasicas do Mundo que Me Edificam #0089 - Supercombo - Rog\u00e9rio - Crentassos Produ\u00e7\u00f5es Subversivas","isPartOf":{"@id":"https:\/\/crentassos.com.br\/blog\/#website"},"primaryImageOfPage":{"@id":"https:\/\/crentassos.com.br\/blog\/2016\/08\/musicas-do-mundo-que-me-edificam-0089-supercombo-rogerio.html#primaryimage"},"image":{"@id":"https:\/\/crentassos.com.br\/blog\/2016\/08\/musicas-do-mundo-que-me-edificam-0089-supercombo-rogerio.html#primaryimage"},"thumbnailUrl":"https:\/\/crentassos.com.br\/blog\/wp-content\/uploads\/2016\/08\/maxresdefault.jpg","datePublished":"2016-08-26T03:01:02+00:00","dateModified":"2016-08-26T10:45:57+00:00","breadcrumb":{"@id":"https:\/\/crentassos.com.br\/blog\/2016\/08\/musicas-do-mundo-que-me-edificam-0089-supercombo-rogerio.html#breadcrumb"},"inLanguage":"pt-BR","potentialAction":[{"@type":"ReadAction","target":["https:\/\/crentassos.com.br\/blog\/2016\/08\/musicas-do-mundo-que-me-edificam-0089-supercombo-rogerio.html"]}]},{"@type":"ImageObject","inLanguage":"pt-BR","@id":"https:\/\/crentassos.com.br\/blog\/2016\/08\/musicas-do-mundo-que-me-edificam-0089-supercombo-rogerio.html#primaryimage","url":"https:\/\/crentassos.com.br\/blog\/wp-content\/uploads\/2016\/08\/maxresdefault.jpg","contentUrl":"https:\/\/crentassos.com.br\/blog\/wp-content\/uploads\/2016\/08\/maxresdefault.jpg","width":1920,"height":1080},{"@type":"BreadcrumbList","@id":"https:\/\/crentassos.com.br\/blog\/2016\/08\/musicas-do-mundo-que-me-edificam-0089-supercombo-rogerio.html#breadcrumb","itemListElement":[{"@type":"ListItem","position":1,"name":"Home","item":"https:\/\/crentassos.com.br\/blog\/"},{"@type":"ListItem","position":2,"name":"M\u00fasicas do Mundo que Me Edificam #0089 &#8211; Supercombo &#8211; Rog\u00e9rio"}]},{"@type":"WebSite","@id":"https:\/\/crentassos.com.br\/blog\/#website","url":"https:\/\/crentassos.com.br\/blog\/","name":"Crentassos Produ\u00e7\u00f5es Subversivas","description":"Podcast Crist\u00e3o, Podcrent, Da Prateleira, Artigos crist\u00e3os, Teologia, Estudos, Textos B\u00edblicos","publisher":{"@id":"https:\/\/crentassos.com.br\/blog\/#organization"},"potentialAction":[{"@type":"SearchAction","target":{"@type":"EntryPoint","urlTemplate":"https:\/\/crentassos.com.br\/blog\/?s={search_term_string}"},"query-input":{"@type":"PropertyValueSpecification","valueRequired":true,"valueName":"search_term_string"}}],"inLanguage":"pt-BR"},{"@type":"Organization","@id":"https:\/\/crentassos.com.br\/blog\/#organization","name":"Crentassos Produ\u00e7\u00f5es Subversivas","url":"https:\/\/crentassos.com.br\/blog\/","logo":{"@type":"ImageObject","inLanguage":"pt-BR","@id":"https:\/\/crentassos.com.br\/blog\/#\/schema\/logo\/image\/","url":"https:\/\/crentassos.com.br\/blog\/wp-content\/uploads\/2020\/05\/cropped-crentassos1-300x300png.png","contentUrl":"https:\/\/crentassos.com.br\/blog\/wp-content\/uploads\/2020\/05\/cropped-crentassos1-300x300png.png","width":300,"height":300,"caption":"Crentassos Produ\u00e7\u00f5es Subversivas"},"image":{"@id":"https:\/\/crentassos.com.br\/blog\/#\/schema\/logo\/image\/"},"sameAs":["http:\/\/www.facebook.com\/crentassos","https:\/\/x.com\/crentassos","https:\/\/www.instagram.com\/crentassos","https:\/\/www.youtube.com\/crentassos"]},{"@type":"Person","@id":"https:\/\/crentassos.com.br\/blog\/#\/schema\/person\/c143e75f920e3ad15d83540f47db500c","name":"Crentassos","image":{"@type":"ImageObject","inLanguage":"pt-BR","@id":"https:\/\/crentassos.com.br\/blog\/#\/schema\/person\/image\/","url":"https:\/\/secure.gravatar.com\/avatar\/cb1b9c88bcd90ec2f909823639a352ece8d3a3cea59b9d08637fe057502fa227?s=96&d=retro&r=g","contentUrl":"https:\/\/secure.gravatar.com\/avatar\/cb1b9c88bcd90ec2f909823639a352ece8d3a3cea59b9d08637fe057502fa227?s=96&d=retro&r=g","caption":"Crentassos"},"description":"Perfil padr\u00e3o do blog dos Crentassos.","sameAs":["http:\/\/www.crentassos.com.br"],"url":"https:\/\/crentassos.com.br\/blog\/author\/crentassos"}]}},"_links":{"self":[{"href":"https:\/\/crentassos.com.br\/blog\/wp-json\/wp\/v2\/posts\/12845","targetHints":{"allow":["GET"]}}],"collection":[{"href":"https:\/\/crentassos.com.br\/blog\/wp-json\/wp\/v2\/posts"}],"about":[{"href":"https:\/\/crentassos.com.br\/blog\/wp-json\/wp\/v2\/types\/post"}],"author":[{"embeddable":true,"href":"https:\/\/crentassos.com.br\/blog\/wp-json\/wp\/v2\/users\/1"}],"replies":[{"embeddable":true,"href":"https:\/\/crentassos.com.br\/blog\/wp-json\/wp\/v2\/comments?post=12845"}],"version-history":[{"count":4,"href":"https:\/\/crentassos.com.br\/blog\/wp-json\/wp\/v2\/posts\/12845\/revisions"}],"predecessor-version":[{"id":12894,"href":"https:\/\/crentassos.com.br\/blog\/wp-json\/wp\/v2\/posts\/12845\/revisions\/12894"}],"wp:featuredmedia":[{"embeddable":true,"href":"https:\/\/crentassos.com.br\/blog\/wp-json\/wp\/v2\/media\/12846"}],"wp:attachment":[{"href":"https:\/\/crentassos.com.br\/blog\/wp-json\/wp\/v2\/media?parent=12845"}],"wp:term":[{"taxonomy":"category","embeddable":true,"href":"https:\/\/crentassos.com.br\/blog\/wp-json\/wp\/v2\/categories?post=12845"},{"taxonomy":"post_tag","embeddable":true,"href":"https:\/\/crentassos.com.br\/blog\/wp-json\/wp\/v2\/tags?post=12845"}],"curies":[{"name":"wp","href":"https:\/\/api.w.org\/{rel}","templated":true}]}}