{"id":12689,"date":"2016-07-20T18:10:57","date_gmt":"2016-07-20T21:10:57","guid":{"rendered":"http:\/\/crentassos.com.br\/blog\/?p=12689"},"modified":"2016-07-21T10:09:04","modified_gmt":"2016-07-21T13:09:04","slug":"voce-quer-o-que-sua-religiao-propoem","status":"publish","type":"post","link":"https:\/\/crentassos.com.br\/blog\/2016\/07\/voce-quer-o-que-sua-religiao-propoem.html","title":{"rendered":"VOC\u00ca QUER O QUE SUA RELIGI\u00c3O PROP\u00d5E?"},"content":{"rendered":"<p class=\"graf--p graf--hasDropCapModel graf--hasDropCap graf-after--blockquote\">Nenhuma religi\u00e3o \u00e9 indiferente\u2026 Quanto a isso ningu\u00e9m pode duvidar.<\/p>\n<p class=\"graf--p graf--hasDropCapModel graf--hasDropCap graf-after--blockquote\"><img loading=\"lazy\" decoding=\"async\" class=\"aligncenter size-full wp-image-12690\" src=\"http:\/\/crentassos.com.br\/blog\/wp-content\/uploads\/2016\/07\/1468986025708.jpg\" alt=\"1468986025708\" width=\"1920\" height=\"1080\" srcset=\"https:\/\/crentassos.com.br\/blog\/wp-content\/uploads\/2016\/07\/1468986025708.jpg 1920w, https:\/\/crentassos.com.br\/blog\/wp-content\/uploads\/2016\/07\/1468986025708-275x154.jpg 275w, https:\/\/crentassos.com.br\/blog\/wp-content\/uploads\/2016\/07\/1468986025708-300x169.jpg 300w, https:\/\/crentassos.com.br\/blog\/wp-content\/uploads\/2016\/07\/1468986025708-768x432.jpg 768w, https:\/\/crentassos.com.br\/blog\/wp-content\/uploads\/2016\/07\/1468986025708-620x349.jpg 620w\" sizes=\"auto, (max-width: 1920px) 100vw, 1920px\" \/><\/p>\n<p id=\"9e10\" class=\"graf--p graf-after--blockquote\">E por mais que supostamente existam CAT\u00d3LICOS, PROTESTANTES, JUDEUS e MU\u00c7ULMANOS (outras religi\u00f5es tamb\u00e9m, mas preferi me limitar a essas) apostatas, ou n\u00e3o-praticantes, para que julga a palavra muito pesada, \u00e9 preciso entender que quem n\u00e3o PRATICA a religi\u00e3o, n\u00e3o \u00e9 um RELIGIOSO, logo, um n\u00e3o-praticante, \u00e9 na melhor das hip\u00f3teses, uma pessoa que tem a cultura religiosa de determinada religi\u00e3o e s\u00f3.<\/p>\n<p id=\"5712\" class=\"graf--p graf-after--p\">Ser membro de uma religi\u00e3o \u00e9 mais do que ter determinados costumes adquiridos pelo conv\u00edvio, para que os pais e parentes mais velhos n\u00e3o fiquem olhando torto quando n\u00e3o fazemos o sinal da cruz ao passar em frente a uma igreja ou por pedir um prato com carne de porco e muito menos, ter uma rela\u00e7\u00e3o exot\u00e9rica limitada ao racioc\u00ednio de que a manipula\u00e7\u00e3o de determinados elementos f\u00edsicos podem acionar as engrenagens do mundo espiritual, fazendo-as girar em nosso favor\u2026 Me perdoem os dizimistas fi\u00e9is que aguardam a ben\u00e7\u00e3o de Deus ou aos apaixonados que colocam a estatua de Santo Ant\u00f3nio de cabe\u00e7a pra baixo at\u00e9 que a pessoa amada lhe d\u00ea aten\u00e7\u00e3o, mas isso tamb\u00e9m n\u00e3o \u00e9 religi\u00e3o.<\/p>\n<p id=\"a5b2\" class=\"graf--p graf-after--p\">Um sistema organizado de regras e pr\u00e1ticas sistematizada e motivadas por uma entidade superior \u00e9 uma melhore respostas do que o tradicional \u201cReligar-se a Deus ou ao divino\u201d, pois quando falamos em DEUS, n\u00f3s crist\u00e3os, tendemos a imediatamente, associar o termo deus ao nosso Deus e esse erro acaba acontecendo justamente por influencia da nossa religi\u00e3o, que de uma maneira ou de outra, julga-se superior a todas as outras\u2026 Obvio, isso n\u00e3o \u00e9 uma exclusividade da nossa religi\u00e3o, pois QUALQUER religi\u00e3o julga-se superior \u00e0s outras. Mas antes de qualquer rea\u00e7\u00e3o extrema, deixe-me explicar:<\/p>\n<p id=\"1273\" class=\"graf--p graf-after--p\">Ningu\u00e9m se filia a uma religi\u00e3o, sujeitando-se, portanto a todo o sistema organizado de regras e pr\u00e1ticas sistematizada e motivadas por uma entidade superior, crendo que QUALQUER RELIGI\u00c3O LEVA A DEUS, e por mais antip\u00e1tica que essa afirma\u00e7\u00e3o possa parecer aos p\u00f3s modernos, \u00e9 a mais pura verdade, ningu\u00e9m se submete a uma serie de regas sendo que a pratica das mesmas n\u00e3o v\u00e3 lhe conceder benef\u00edcios imediatos ou futuros.<\/p>\n<p id=\"a0da\" class=\"graf--p graf-after--p\">Poderia dar uma serie de exemplos, dos ordin\u00e1rios aos complexos de como essa afirma\u00e7\u00e3o \u00e9 verdadeira. Ou seja:<\/p>\n<blockquote id=\"9fdb\" class=\"graf--blockquote graf-after--p\"><p><span class=\"markup--quote markup--blockquote-quote is-me\" data-creator-ids=\"3b6c1a8fd2e0\"><strong class=\"markup--strong markup--blockquote-strong\">Toda religi\u00e3o \u00e9 uma proposta e todo religioso tem um objetivo.<\/strong><\/span><\/p><\/blockquote>\n<p id=\"a4e9\" class=\"graf--p graf-after--blockquote\">Mesmo a religi\u00e3o mais primitiva e mais simples \u00e9 uma proposta e seus adeptos tem objetivos, assim como a religi\u00e3o mais complexa \u00e9 uma proposta e seus adeptos tem objetivos e divididas pela complexidades dos rituais e liturgias, posturas \u00e9ticas e etiquetas de conv\u00edvio, abstra\u00e7\u00f5es e conceitos defendidos, toda religi\u00e3o \u00e9 uma proposta e todo religioso tem um objetivo.<\/p>\n<p id=\"a22d\" class=\"graf--p graf-after--p\">Obviamente, n\u00e3o podemos defender que religi\u00f5es antigas como as que citei no inicio do texto possam ser pensadas como um mon\u00f3lito intelectual que independe das classes e ambientes em que cada adepto da religi\u00e3o esteja inserido. Dois mu\u00e7ulmanos fieis \u00e0 seu Deus e com um cora\u00e7\u00e3o disposto a viver uma vida de acordo com seu preceito religioso, um do ramo petrol\u00edfero que vive num pal\u00e1cio e outro assalariado nativo de um pa\u00eds em desenvolvimento, que vive numa favela, n\u00e3o poder\u00e3o ter pratica religiosa id\u00eanticas e essa l\u00f3gica se aplicaria a qualquer grupo religioso.<\/p>\n<p id=\"98d9\" class=\"graf--p graf-after--p\">Condi\u00e7\u00f5es econ\u00f4micas, sociais, emocionais, existenciais s\u00e3o por vezes causa e por vezes consequ\u00eancia de nos associarmos a religi\u00f5es e consequentemente aderirmos \u00e0 corrida pelos objetivos da mesma, a causa de cada religi\u00e3o.<\/p>\n<p id=\"cf40\" class=\"graf--p graf-after--p\">A quest\u00e3o mais importante, portanto, n\u00e3o \u00e9 outra que n\u00e3o seja, qual \u00e9 a proposta da sua religi\u00e3o e consequentemente, qual o seu objetivo, pois se a sua religi\u00e3o prop\u00f5e coisas que n\u00e3o seu seu objetivo, fatalmente, voc\u00ea est\u00e1 trilhando um caminho com inevit\u00e1vel frustra\u00e7\u00e3o ao final.<\/p>\n<p id=\"a210\" class=\"graf--p graf-after--p\">O que voc\u00ea quer? O que sua religi\u00e3o prop\u00f5e?<\/p>\n<p id=\"cd3f\" class=\"graf--p graf-after--p\">Poder\u00edamos sintetizar, essas duas, numa \u00fanica pergunta, por sinal, aquela que d\u00e1 titulo a esse singelo texto:<\/p>\n<blockquote id=\"c91a\" class=\"graf--blockquote graf-after--p\"><p><strong class=\"markup--strong markup--blockquote-strong\">Voc\u00ea quer o que sua religi\u00e3o prop\u00f5e?<\/strong><\/p><\/blockquote>\n<p id=\"9483\" class=\"graf--p graf-after--blockquote\">E a\u00ed, eu preciso me desfazer dos exemplos primeiros que utilizei e arrancar da minha lista, o Isl\u00e3 e o Juda\u00edsmo, n\u00e3o fa\u00e7o parte de nenhum desses grupos, n\u00e3o sei qual a proposta dessas religi\u00f5es e n\u00e3o sei se o que busco est\u00e1 em conformidade com elas e me limito ao CRISTIANISMO e mais especialmente, o PROTESTANTISMO.<\/p>\n<p id=\"4e86\" class=\"graf--p graf-after--p\">O protestantismo, religi\u00e3o fruto da divis\u00e3o com a igreja de Roma, simbolizada pelos documentos que Lutero pregou na porta da igreja do castelo de Wittenberg em 1517, contendo 95 teses contestando posturas da igreja de roma, mas que j\u00e1 tinha sinais de sua inevitabilidade desde muito antes com outros pensadores e sacerdotes que foram silenciados pela for\u00e7a de Roma, \u00e9 a proposta na qual eu me aliei.<\/p>\n<p id=\"8f12\" class=\"graf--p graf-after--p\">Desvinculado do poder centralizado em Roma, na figura do Papa, o protestantismo prop\u00f5e que o texto b\u00edblico seja colocado no mais alto posto, superior \u00e0 tradi\u00e7\u00e3o e aos costumes, superior a qualquer outra coisa. A exclusividade da interpreta\u00e7\u00e3o sai das m\u00e3os do clero e cada homem e mulher tem livre acesso ao texto no seu pr\u00f3prio idioma, podendo questionar seus lideres e mestres caso tenham uma compreens\u00e3o diferente. Os sacerdotes perdem o car\u00e1ter de homens distintos do povo e passam a ser dedicados \u00e0 leitura e ensino da palavra, assim como do cuidado de sua comunidade.<\/p>\n<p id=\"f160\" class=\"graf--p graf-after--p\">A B\u00cdBLIA \u00e9 o centro dessa dessa religi\u00e3o e a leitura, compreens\u00e3o e interpreta\u00e7\u00e3o da b\u00edblia \u00e9 fato determinante a todos que aderem a essa proposta, ao passo que muitas igrejas evang\u00e9licas s\u00e3o respons\u00e1veis pro programas de alfabetiza\u00e7\u00e3o ao longo de sua historia, assim como cria\u00e7\u00e3o de col\u00e9gios e faculdades, por consequ\u00eancia. Um crist\u00e3o que evangeliza um analfabeto, precisa tamb\u00e9m se responsabilizar por sua alfabetiza\u00e7\u00e3o.<\/p>\n<p id=\"db7d\" class=\"graf--p graf-after--p\">O texto b\u00edblico \u00e9 um livro complexo, alias, 66 livros escrito por aproximadamente 40 pessoas, contam uma historia, dividido em dois grandes grupos, o Antigo testamento e o novo testamento, divididos pelo advento da MORTE de Jesus Cristo em sacrif\u00edcio na cruz, para a remiss\u00e3o dos pecados de todos os homens e mulheres que vieram antes e que viriam depois deste evento. Por mais complexo que seja o texto, \u00e9 inevit\u00e1vel compreender que o pr\u00f3prio Cristo, quando questionado sobre o maior mandamento de todos, d\u00e1 a seguinte resposta:<\/p>\n<blockquote id=\"d7a4\" class=\"graf--blockquote graf--startsWithDoubleQuote graf-after--p\"><p>\u201cO mais importante \u00e9 este: \u2018Ouve, \u00f3 Israel, o Senhor, o nosso Deus, o Senhor \u00e9 o \u00fanico Senhor.<br \/>\nAme o Senhor, o seu Deus de todo o seu cora\u00e7\u00e3o, de toda a sua alma, de todo o seu entendimento e de todas as suas for\u00e7as\u2019.<br \/>\nO segundo \u00e9 este: \u2018Ame o seu pr\u00f3ximo como a si mesmo\u2019. N\u00e3o existe mandamento maior do que estes\u201d.<br \/>\n<a class=\"markup--anchor markup--blockquote-anchor\" href=\"https:\/\/www.bibliaonline.com.br\/nvi\/mc\/12\/29-31\" rel=\"nofollow\" data-href=\"https:\/\/www.bibliaonline.com.br\/nvi\/mc\/12\/29-31\">Marcos 12:29\u201331<\/a><\/p><\/blockquote>\n<p id=\"4576\" class=\"graf--p graf-after--blockquote\">Pode ser question\u00e1vel muitas coisas dentro da f\u00e9 crist\u00e3 protestante, dogmas liturgias, usos e costumes, mas \u00e9 intransfer\u00edvel e inegoci\u00e1vel o AMOR e obviamente, poder\u00edamos problematizar o conceito de amor de N maneiras diferentes, no entanto, n\u00e3o poder\u00edamos, de maneira nenhuma JUSTIFICAR atitudes de \u00f3dio ou de desprezo, ainda que o \u00f3dio ou desprezo fossem frutos do intenso amor ao extremo oposto do que representa o alvo do \u00f3dio e do desprezo, pois o pr\u00f3prio Cristo, nos orientou a amarmos os nosso inimigos.<\/p>\n<blockquote id=\"e0fe\" class=\"graf--pullquote pullquote graf-after--p\"><p><strong class=\"markup--strong markup--pullquote-strong\">A f\u00e9 crist\u00e3, \u00e9, antes de tudo, uma proposta de amor\u2026 Amor a Deus e amor ao pr\u00f3ximo.<\/strong><\/p><\/blockquote>\n<p id=\"a2c6\" class=\"graf--p graf-after--pullquote\">Temos outras coisas envolvidas e outros pontos teol\u00f3gicos e sociol\u00f3gicos a serem abordados, mas sobre tudo, a proposta do protestantismo \u00e9 o AMOR.<\/p>\n<p id=\"4362\" class=\"graf--p graf-after--p\">Se a proposta do cristianismo \u00e9 AMAR nos resta responder \u00e0 pergunta:<\/p>\n<blockquote id=\"d54f\" class=\"graf--pullquote pullquote graf-after--p\"><p>Enquanto religiosos que somos, qual \u00e9 o nosso objetivo?<\/p><\/blockquote>\n<p id=\"5341\" class=\"graf--p graf-after--pullquote\">N\u00e3o podemos deixar de ter em mente que se a proposta e o objetivo, ainda que n\u00e3o se encontrem por insufici\u00eancia de um ou do outro, n\u00e3o podem ser distintos, pois n\u00e3o faria sentido buscar vingan\u00e7a ou a riqueza numa religi\u00e3o que prop\u00f5e o amor e eis o ponto culminante do que pretendo apresentar-lhe, viver uma vida religiosa com objetivos diferentes dos propostos pela religi\u00e3o \u00e9 ou ignor\u00e2ncia, ou m\u00e1 f\u00e9. Ignor\u00e2ncia como a de muitos analfabeto que s\u00e3o carregados para dentro das igrejas evang\u00e9licas neo pentecostais que prometem todo tipo de vitoria financeira sendo que n\u00e3o existe nenhuma linha que ligue a palavra da b\u00edblia \u00e0s promessas dos pastores, o que logicamente, descaracterizariam essas igrejas da condi\u00e7\u00e3o de protestantes, visto que a promessa infundada do pastor tem maior valor do que o texto escrito na b\u00edblia. Muitos deles n\u00e3o s\u00e3o de fato analfabetos e alias, podem at\u00e9 mesmo ter t\u00edtulos acad\u00eamicos, mas continuam sem conseguir distinguir a mentira dos lideres que para serem sustentados por seus d\u00edzimos e ofertas, fazem uma constante lavagem cerebral colocando-os na posi\u00e7\u00e3o de ovelhas encurraladas seguindo ao matadouro. E num segundo e mais terr\u00edvel caso, compreendem a mentira e o \u201cteatro\u201d criado pelos lideres e aderem assim mesmo, no intuito de lucrar, entrando na roda dos que manipulam e saqueiam.<\/p>\n<p id=\"a78b\" class=\"graf--p graf-after--p graf--last\">Qual o seu objetivo?<\/p>\n","protected":false},"excerpt":{"rendered":"<p>Nenhuma religi\u00e3o \u00e9 indiferente\u2026 Quanto a isso ningu\u00e9m pode duvidar. E por mais que supostamente existam CAT\u00d3LICOS, PROTESTANTES, JUDEUS e MU\u00c7ULMANOS (outras [&hellip;]<\/p>\n","protected":false},"author":9,"featured_media":12690,"comment_status":"open","ping_status":"open","sticky":false,"template":"","format":"standard","meta":{"_exactmetrics_skip_tracking":false,"_exactmetrics_sitenote_active":false,"_exactmetrics_sitenote_note":"","_exactmetrics_sitenote_category":0,"footnotes":"","_links_to":"","_links_to_target":""},"categories":[112],"tags":[69,6123,1016],"class_list":{"0":"post-12689","1":"post","2":"type-post","3":"status-publish","4":"format-standard","5":"has-post-thumbnail","6":"hentry","7":"category-artigos","8":"tag-fe","9":"tag-motivacao","10":"tag-religiao","12":"post-with-thumbnail","13":"post-with-thumbnail-large"},"yoast_head":"<!-- This site is optimized with the Yoast SEO plugin v27.1.1 - https:\/\/yoast.com\/product\/yoast-seo-wordpress\/ -->\n<title>VOC\u00ca QUER O QUE SUA RELIGI\u00c3O PROP\u00d5E? - Crentassos Produ\u00e7\u00f5es Subversivas<\/title>\n<meta name=\"robots\" content=\"index, follow, max-snippet:-1, max-image-preview:large, max-video-preview:-1\" \/>\n<link rel=\"canonical\" href=\"https:\/\/crentassos.com.br\/blog\/2016\/07\/voce-quer-o-que-sua-religiao-propoem.html\" \/>\n<meta property=\"og:locale\" content=\"pt_BR\" \/>\n<meta property=\"og:type\" content=\"article\" \/>\n<meta property=\"og:title\" content=\"VOC\u00ca QUER O QUE SUA RELIGI\u00c3O PROP\u00d5E? - Crentassos Produ\u00e7\u00f5es Subversivas\" \/>\n<meta property=\"og:description\" content=\"Nenhuma religi\u00e3o \u00e9 indiferente\u2026 Quanto a isso ningu\u00e9m pode duvidar. E por mais que supostamente existam CAT\u00d3LICOS, PROTESTANTES, JUDEUS e MU\u00c7ULMANOS (outras [&hellip;]\" \/>\n<meta property=\"og:url\" content=\"https:\/\/crentassos.com.br\/blog\/2016\/07\/voce-quer-o-que-sua-religiao-propoem.html\" \/>\n<meta property=\"og:site_name\" content=\"Crentassos Produ\u00e7\u00f5es Subversivas\" \/>\n<meta property=\"article:publisher\" content=\"http:\/\/www.facebook.com\/crentassos\" \/>\n<meta property=\"article:published_time\" content=\"2016-07-20T21:10:57+00:00\" \/>\n<meta property=\"article:modified_time\" content=\"2016-07-21T13:09:04+00:00\" \/>\n<meta property=\"og:image\" content=\"https:\/\/crentassos.com.br\/blog\/wp-content\/uploads\/2016\/07\/1468986025708.jpg\" \/>\n\t<meta property=\"og:image:width\" content=\"1920\" \/>\n\t<meta property=\"og:image:height\" content=\"1080\" \/>\n\t<meta property=\"og:image:type\" content=\"image\/jpeg\" \/>\n<meta name=\"author\" content=\"Cristiano Machado\" \/>\n<meta name=\"twitter:card\" content=\"summary_large_image\" \/>\n<meta name=\"twitter:creator\" content=\"@crentassos\" \/>\n<meta name=\"twitter:site\" content=\"@crentassos\" \/>\n<meta name=\"twitter:label1\" content=\"Escrito por\" \/>\n\t<meta name=\"twitter:data1\" content=\"Cristiano Machado\" \/>\n\t<meta name=\"twitter:label2\" content=\"Est. tempo de leitura\" \/>\n\t<meta name=\"twitter:data2\" content=\"8 minutos\" \/>\n<script type=\"application\/ld+json\" class=\"yoast-schema-graph\">{\"@context\":\"https:\/\/schema.org\",\"@graph\":[{\"@type\":\"Article\",\"@id\":\"https:\/\/crentassos.com.br\/blog\/2016\/07\/voce-quer-o-que-sua-religiao-propoem.html#article\",\"isPartOf\":{\"@id\":\"https:\/\/crentassos.com.br\/blog\/2016\/07\/voce-quer-o-que-sua-religiao-propoem.html\"},\"author\":{\"name\":\"Cristiano Machado\",\"@id\":\"https:\/\/crentassos.com.br\/blog\/#\/schema\/person\/7ec3329a98c44e20ccd6cc2c9e18acbd\"},\"headline\":\"VOC\u00ca QUER O QUE SUA RELIGI\u00c3O PROP\u00d5E?\",\"datePublished\":\"2016-07-20T21:10:57+00:00\",\"dateModified\":\"2016-07-21T13:09:04+00:00\",\"mainEntityOfPage\":{\"@id\":\"https:\/\/crentassos.com.br\/blog\/2016\/07\/voce-quer-o-que-sua-religiao-propoem.html\"},\"wordCount\":1585,\"commentCount\":0,\"publisher\":{\"@id\":\"https:\/\/crentassos.com.br\/blog\/#organization\"},\"image\":{\"@id\":\"https:\/\/crentassos.com.br\/blog\/2016\/07\/voce-quer-o-que-sua-religiao-propoem.html#primaryimage\"},\"thumbnailUrl\":\"https:\/\/crentassos.com.br\/blog\/wp-content\/uploads\/2016\/07\/1468986025708.jpg\",\"keywords\":[\"F\u00e9\",\"motiva\u00e7\u00e3o\",\"religi\u00e3o\"],\"articleSection\":[\"Artigos\"],\"inLanguage\":\"pt-BR\",\"potentialAction\":[{\"@type\":\"CommentAction\",\"name\":\"Comment\",\"target\":[\"https:\/\/crentassos.com.br\/blog\/2016\/07\/voce-quer-o-que-sua-religiao-propoem.html#respond\"]}]},{\"@type\":\"WebPage\",\"@id\":\"https:\/\/crentassos.com.br\/blog\/2016\/07\/voce-quer-o-que-sua-religiao-propoem.html\",\"url\":\"https:\/\/crentassos.com.br\/blog\/2016\/07\/voce-quer-o-que-sua-religiao-propoem.html\",\"name\":\"VOC\u00ca QUER O QUE SUA RELIGI\u00c3O PROP\u00d5E? - Crentassos Produ\u00e7\u00f5es Subversivas\",\"isPartOf\":{\"@id\":\"https:\/\/crentassos.com.br\/blog\/#website\"},\"primaryImageOfPage\":{\"@id\":\"https:\/\/crentassos.com.br\/blog\/2016\/07\/voce-quer-o-que-sua-religiao-propoem.html#primaryimage\"},\"image\":{\"@id\":\"https:\/\/crentassos.com.br\/blog\/2016\/07\/voce-quer-o-que-sua-religiao-propoem.html#primaryimage\"},\"thumbnailUrl\":\"https:\/\/crentassos.com.br\/blog\/wp-content\/uploads\/2016\/07\/1468986025708.jpg\",\"datePublished\":\"2016-07-20T21:10:57+00:00\",\"dateModified\":\"2016-07-21T13:09:04+00:00\",\"breadcrumb\":{\"@id\":\"https:\/\/crentassos.com.br\/blog\/2016\/07\/voce-quer-o-que-sua-religiao-propoem.html#breadcrumb\"},\"inLanguage\":\"pt-BR\",\"potentialAction\":[{\"@type\":\"ReadAction\",\"target\":[\"https:\/\/crentassos.com.br\/blog\/2016\/07\/voce-quer-o-que-sua-religiao-propoem.html\"]}]},{\"@type\":\"ImageObject\",\"inLanguage\":\"pt-BR\",\"@id\":\"https:\/\/crentassos.com.br\/blog\/2016\/07\/voce-quer-o-que-sua-religiao-propoem.html#primaryimage\",\"url\":\"https:\/\/crentassos.com.br\/blog\/wp-content\/uploads\/2016\/07\/1468986025708.jpg\",\"contentUrl\":\"https:\/\/crentassos.com.br\/blog\/wp-content\/uploads\/2016\/07\/1468986025708.jpg\",\"width\":1920,\"height\":1080},{\"@type\":\"BreadcrumbList\",\"@id\":\"https:\/\/crentassos.com.br\/blog\/2016\/07\/voce-quer-o-que-sua-religiao-propoem.html#breadcrumb\",\"itemListElement\":[{\"@type\":\"ListItem\",\"position\":1,\"name\":\"Home\",\"item\":\"https:\/\/crentassos.com.br\/blog\/\"},{\"@type\":\"ListItem\",\"position\":2,\"name\":\"VOC\u00ca QUER O QUE SUA RELIGI\u00c3O PROP\u00d5E?\"}]},{\"@type\":\"WebSite\",\"@id\":\"https:\/\/crentassos.com.br\/blog\/#website\",\"url\":\"https:\/\/crentassos.com.br\/blog\/\",\"name\":\"Crentassos Produ\u00e7\u00f5es Subversivas\",\"description\":\"Podcast Crist\u00e3o, Podcrent, Da Prateleira, Artigos crist\u00e3os, Teologia, Estudos, Textos B\u00edblicos\",\"publisher\":{\"@id\":\"https:\/\/crentassos.com.br\/blog\/#organization\"},\"potentialAction\":[{\"@type\":\"SearchAction\",\"target\":{\"@type\":\"EntryPoint\",\"urlTemplate\":\"https:\/\/crentassos.com.br\/blog\/?s={search_term_string}\"},\"query-input\":{\"@type\":\"PropertyValueSpecification\",\"valueRequired\":true,\"valueName\":\"search_term_string\"}}],\"inLanguage\":\"pt-BR\"},{\"@type\":\"Organization\",\"@id\":\"https:\/\/crentassos.com.br\/blog\/#organization\",\"name\":\"Crentassos Produ\u00e7\u00f5es Subversivas\",\"url\":\"https:\/\/crentassos.com.br\/blog\/\",\"logo\":{\"@type\":\"ImageObject\",\"inLanguage\":\"pt-BR\",\"@id\":\"https:\/\/crentassos.com.br\/blog\/#\/schema\/logo\/image\/\",\"url\":\"https:\/\/crentassos.com.br\/blog\/wp-content\/uploads\/2020\/05\/cropped-crentassos1-300x300png.png\",\"contentUrl\":\"https:\/\/crentassos.com.br\/blog\/wp-content\/uploads\/2020\/05\/cropped-crentassos1-300x300png.png\",\"width\":300,\"height\":300,\"caption\":\"Crentassos Produ\u00e7\u00f5es Subversivas\"},\"image\":{\"@id\":\"https:\/\/crentassos.com.br\/blog\/#\/schema\/logo\/image\/\"},\"sameAs\":[\"http:\/\/www.facebook.com\/crentassos\",\"https:\/\/x.com\/crentassos\",\"https:\/\/www.instagram.com\/crentassos\",\"https:\/\/www.youtube.com\/crentassos\"]},{\"@type\":\"Person\",\"@id\":\"https:\/\/crentassos.com.br\/blog\/#\/schema\/person\/7ec3329a98c44e20ccd6cc2c9e18acbd\",\"name\":\"Cristiano Machado\",\"image\":{\"@type\":\"ImageObject\",\"inLanguage\":\"pt-BR\",\"@id\":\"https:\/\/crentassos.com.br\/blog\/#\/schema\/person\/image\/\",\"url\":\"https:\/\/secure.gravatar.com\/avatar\/3e7427d384f99d15935b3008477c324124816869ceb70e362e586dcccdb265bf?s=96&d=retro&r=g\",\"contentUrl\":\"https:\/\/secure.gravatar.com\/avatar\/3e7427d384f99d15935b3008477c324124816869ceb70e362e586dcccdb265bf?s=96&d=retro&r=g\",\"caption\":\"Cristiano Machado\"},\"description\":\"Cristiano Machado \u00e9 o culpado pelo inicio do COLETIVO CRENTASSOS PRODU\u00c7\u00d5ES SUBVERSIVAS e atua como auxiliar de cirurgi\u00e3o barbeiro, tocando o bumbo, jogando malabares, preparando o elixir, costurando amputa\u00e7\u00f5es e demais atividades relacionadas \u00e0 sua ocupa\u00e7\u00e3o. Pensa n\u00e3o vida em forma de pergunta e nunca de resposta, e tem um profundo sentimento de gratid\u00e3o e amor por sua esposa e filha. Religi\u00e3o: Crist\u00e3o Protestante Reformando-se Estado Civil: Inteiramente apaixonado\",\"sameAs\":[\"http:\/\/crentassos.com.br\/blog\"],\"url\":\"https:\/\/crentassos.com.br\/blog\/author\/o_cristiano\"}]}<\/script>\n<!-- \/ Yoast SEO plugin. -->","yoast_head_json":{"title":"VOC\u00ca QUER O QUE SUA RELIGI\u00c3O PROP\u00d5E? - Crentassos Produ\u00e7\u00f5es Subversivas","robots":{"index":"index","follow":"follow","max-snippet":"max-snippet:-1","max-image-preview":"max-image-preview:large","max-video-preview":"max-video-preview:-1"},"canonical":"https:\/\/crentassos.com.br\/blog\/2016\/07\/voce-quer-o-que-sua-religiao-propoem.html","og_locale":"pt_BR","og_type":"article","og_title":"VOC\u00ca QUER O QUE SUA RELIGI\u00c3O PROP\u00d5E? - Crentassos Produ\u00e7\u00f5es Subversivas","og_description":"Nenhuma religi\u00e3o \u00e9 indiferente\u2026 Quanto a isso ningu\u00e9m pode duvidar. E por mais que supostamente existam CAT\u00d3LICOS, PROTESTANTES, JUDEUS e MU\u00c7ULMANOS (outras [&hellip;]","og_url":"https:\/\/crentassos.com.br\/blog\/2016\/07\/voce-quer-o-que-sua-religiao-propoem.html","og_site_name":"Crentassos Produ\u00e7\u00f5es Subversivas","article_publisher":"http:\/\/www.facebook.com\/crentassos","article_published_time":"2016-07-20T21:10:57+00:00","article_modified_time":"2016-07-21T13:09:04+00:00","og_image":[{"width":1920,"height":1080,"url":"https:\/\/crentassos.com.br\/blog\/wp-content\/uploads\/2016\/07\/1468986025708.jpg","type":"image\/jpeg"}],"author":"Cristiano Machado","twitter_card":"summary_large_image","twitter_creator":"@crentassos","twitter_site":"@crentassos","twitter_misc":{"Escrito por":"Cristiano Machado","Est. tempo de leitura":"8 minutos"},"schema":{"@context":"https:\/\/schema.org","@graph":[{"@type":"Article","@id":"https:\/\/crentassos.com.br\/blog\/2016\/07\/voce-quer-o-que-sua-religiao-propoem.html#article","isPartOf":{"@id":"https:\/\/crentassos.com.br\/blog\/2016\/07\/voce-quer-o-que-sua-religiao-propoem.html"},"author":{"name":"Cristiano Machado","@id":"https:\/\/crentassos.com.br\/blog\/#\/schema\/person\/7ec3329a98c44e20ccd6cc2c9e18acbd"},"headline":"VOC\u00ca QUER O QUE SUA RELIGI\u00c3O PROP\u00d5E?","datePublished":"2016-07-20T21:10:57+00:00","dateModified":"2016-07-21T13:09:04+00:00","mainEntityOfPage":{"@id":"https:\/\/crentassos.com.br\/blog\/2016\/07\/voce-quer-o-que-sua-religiao-propoem.html"},"wordCount":1585,"commentCount":0,"publisher":{"@id":"https:\/\/crentassos.com.br\/blog\/#organization"},"image":{"@id":"https:\/\/crentassos.com.br\/blog\/2016\/07\/voce-quer-o-que-sua-religiao-propoem.html#primaryimage"},"thumbnailUrl":"https:\/\/crentassos.com.br\/blog\/wp-content\/uploads\/2016\/07\/1468986025708.jpg","keywords":["F\u00e9","motiva\u00e7\u00e3o","religi\u00e3o"],"articleSection":["Artigos"],"inLanguage":"pt-BR","potentialAction":[{"@type":"CommentAction","name":"Comment","target":["https:\/\/crentassos.com.br\/blog\/2016\/07\/voce-quer-o-que-sua-religiao-propoem.html#respond"]}]},{"@type":"WebPage","@id":"https:\/\/crentassos.com.br\/blog\/2016\/07\/voce-quer-o-que-sua-religiao-propoem.html","url":"https:\/\/crentassos.com.br\/blog\/2016\/07\/voce-quer-o-que-sua-religiao-propoem.html","name":"VOC\u00ca QUER O QUE SUA RELIGI\u00c3O PROP\u00d5E? - Crentassos Produ\u00e7\u00f5es Subversivas","isPartOf":{"@id":"https:\/\/crentassos.com.br\/blog\/#website"},"primaryImageOfPage":{"@id":"https:\/\/crentassos.com.br\/blog\/2016\/07\/voce-quer-o-que-sua-religiao-propoem.html#primaryimage"},"image":{"@id":"https:\/\/crentassos.com.br\/blog\/2016\/07\/voce-quer-o-que-sua-religiao-propoem.html#primaryimage"},"thumbnailUrl":"https:\/\/crentassos.com.br\/blog\/wp-content\/uploads\/2016\/07\/1468986025708.jpg","datePublished":"2016-07-20T21:10:57+00:00","dateModified":"2016-07-21T13:09:04+00:00","breadcrumb":{"@id":"https:\/\/crentassos.com.br\/blog\/2016\/07\/voce-quer-o-que-sua-religiao-propoem.html#breadcrumb"},"inLanguage":"pt-BR","potentialAction":[{"@type":"ReadAction","target":["https:\/\/crentassos.com.br\/blog\/2016\/07\/voce-quer-o-que-sua-religiao-propoem.html"]}]},{"@type":"ImageObject","inLanguage":"pt-BR","@id":"https:\/\/crentassos.com.br\/blog\/2016\/07\/voce-quer-o-que-sua-religiao-propoem.html#primaryimage","url":"https:\/\/crentassos.com.br\/blog\/wp-content\/uploads\/2016\/07\/1468986025708.jpg","contentUrl":"https:\/\/crentassos.com.br\/blog\/wp-content\/uploads\/2016\/07\/1468986025708.jpg","width":1920,"height":1080},{"@type":"BreadcrumbList","@id":"https:\/\/crentassos.com.br\/blog\/2016\/07\/voce-quer-o-que-sua-religiao-propoem.html#breadcrumb","itemListElement":[{"@type":"ListItem","position":1,"name":"Home","item":"https:\/\/crentassos.com.br\/blog\/"},{"@type":"ListItem","position":2,"name":"VOC\u00ca QUER O QUE SUA RELIGI\u00c3O PROP\u00d5E?"}]},{"@type":"WebSite","@id":"https:\/\/crentassos.com.br\/blog\/#website","url":"https:\/\/crentassos.com.br\/blog\/","name":"Crentassos Produ\u00e7\u00f5es Subversivas","description":"Podcast Crist\u00e3o, Podcrent, Da Prateleira, Artigos crist\u00e3os, Teologia, Estudos, Textos B\u00edblicos","publisher":{"@id":"https:\/\/crentassos.com.br\/blog\/#organization"},"potentialAction":[{"@type":"SearchAction","target":{"@type":"EntryPoint","urlTemplate":"https:\/\/crentassos.com.br\/blog\/?s={search_term_string}"},"query-input":{"@type":"PropertyValueSpecification","valueRequired":true,"valueName":"search_term_string"}}],"inLanguage":"pt-BR"},{"@type":"Organization","@id":"https:\/\/crentassos.com.br\/blog\/#organization","name":"Crentassos Produ\u00e7\u00f5es Subversivas","url":"https:\/\/crentassos.com.br\/blog\/","logo":{"@type":"ImageObject","inLanguage":"pt-BR","@id":"https:\/\/crentassos.com.br\/blog\/#\/schema\/logo\/image\/","url":"https:\/\/crentassos.com.br\/blog\/wp-content\/uploads\/2020\/05\/cropped-crentassos1-300x300png.png","contentUrl":"https:\/\/crentassos.com.br\/blog\/wp-content\/uploads\/2020\/05\/cropped-crentassos1-300x300png.png","width":300,"height":300,"caption":"Crentassos Produ\u00e7\u00f5es Subversivas"},"image":{"@id":"https:\/\/crentassos.com.br\/blog\/#\/schema\/logo\/image\/"},"sameAs":["http:\/\/www.facebook.com\/crentassos","https:\/\/x.com\/crentassos","https:\/\/www.instagram.com\/crentassos","https:\/\/www.youtube.com\/crentassos"]},{"@type":"Person","@id":"https:\/\/crentassos.com.br\/blog\/#\/schema\/person\/7ec3329a98c44e20ccd6cc2c9e18acbd","name":"Cristiano Machado","image":{"@type":"ImageObject","inLanguage":"pt-BR","@id":"https:\/\/crentassos.com.br\/blog\/#\/schema\/person\/image\/","url":"https:\/\/secure.gravatar.com\/avatar\/3e7427d384f99d15935b3008477c324124816869ceb70e362e586dcccdb265bf?s=96&d=retro&r=g","contentUrl":"https:\/\/secure.gravatar.com\/avatar\/3e7427d384f99d15935b3008477c324124816869ceb70e362e586dcccdb265bf?s=96&d=retro&r=g","caption":"Cristiano Machado"},"description":"Cristiano Machado \u00e9 o culpado pelo inicio do COLETIVO CRENTASSOS PRODU\u00c7\u00d5ES SUBVERSIVAS e atua como auxiliar de cirurgi\u00e3o barbeiro, tocando o bumbo, jogando malabares, preparando o elixir, costurando amputa\u00e7\u00f5es e demais atividades relacionadas \u00e0 sua ocupa\u00e7\u00e3o. Pensa n\u00e3o vida em forma de pergunta e nunca de resposta, e tem um profundo sentimento de gratid\u00e3o e amor por sua esposa e filha. Religi\u00e3o: Crist\u00e3o Protestante Reformando-se Estado Civil: Inteiramente apaixonado","sameAs":["http:\/\/crentassos.com.br\/blog"],"url":"https:\/\/crentassos.com.br\/blog\/author\/o_cristiano"}]}},"_links":{"self":[{"href":"https:\/\/crentassos.com.br\/blog\/wp-json\/wp\/v2\/posts\/12689","targetHints":{"allow":["GET"]}}],"collection":[{"href":"https:\/\/crentassos.com.br\/blog\/wp-json\/wp\/v2\/posts"}],"about":[{"href":"https:\/\/crentassos.com.br\/blog\/wp-json\/wp\/v2\/types\/post"}],"author":[{"embeddable":true,"href":"https:\/\/crentassos.com.br\/blog\/wp-json\/wp\/v2\/users\/9"}],"replies":[{"embeddable":true,"href":"https:\/\/crentassos.com.br\/blog\/wp-json\/wp\/v2\/comments?post=12689"}],"version-history":[{"count":3,"href":"https:\/\/crentassos.com.br\/blog\/wp-json\/wp\/v2\/posts\/12689\/revisions"}],"predecessor-version":[{"id":12694,"href":"https:\/\/crentassos.com.br\/blog\/wp-json\/wp\/v2\/posts\/12689\/revisions\/12694"}],"wp:featuredmedia":[{"embeddable":true,"href":"https:\/\/crentassos.com.br\/blog\/wp-json\/wp\/v2\/media\/12690"}],"wp:attachment":[{"href":"https:\/\/crentassos.com.br\/blog\/wp-json\/wp\/v2\/media?parent=12689"}],"wp:term":[{"taxonomy":"category","embeddable":true,"href":"https:\/\/crentassos.com.br\/blog\/wp-json\/wp\/v2\/categories?post=12689"},{"taxonomy":"post_tag","embeddable":true,"href":"https:\/\/crentassos.com.br\/blog\/wp-json\/wp\/v2\/tags?post=12689"}],"curies":[{"name":"wp","href":"https:\/\/api.w.org\/{rel}","templated":true}]}}