{"id":1252,"date":"2010-07-29T01:30:00","date_gmt":"2010-07-29T03:30:00","guid":{"rendered":"http:\/\/oueleouela.wordpress.com\/2010\/07\/29\/um-depoimento-e-um-conselho-caio-fabio"},"modified":"2012-12-11T15:26:34","modified_gmt":"2012-12-11T18:26:34","slug":"um-depoimento-e-um-conselho-caio-fabio","status":"publish","type":"post","link":"https:\/\/crentassos.com.br\/blog\/2010\/07\/um-depoimento-e-um-conselho-caio-fabio.html","title":{"rendered":"Um depoimento e um conselho. (Caio F\u00e1bio)"},"content":{"rendered":"<div class=\"separator\" style=\"clear: both; text-align: center;\"><span class=\"Apple-style-span\" style=\"clear: left; float: left; font-family: Verdana,sans-serif; margin-bottom: 1em; margin-right: 1em;\"><img loading=\"lazy\" decoding=\"async\" src=\"http:\/\/oueleouela.files.wordpress.com\/2010\/07\/ia_isaias40_11-fundo.jpg?w=300\" alt=\"\" width=\"320\" height=\"240\" border=\"0\" \/><\/span><\/div>\n<div style=\"text-align: center;\">\n<blockquote><p><span class=\"Apple-style-span\" style=\"font-family: Verdana,sans-serif;\"><strong>\u201cPastoreai o Rebanho de Deus que h\u00e1 entre v\u00f3s, n\u00e3o por constrangimento, mas espontaneamente, como Deus quer; nem por s\u00f3rdida gan\u00e2ncia, mas de boa vontade; nem como dominadores dos que vos foram confiados, antes, tornando-vos modelos do rebanho.\u201d (I Pedro 5:2-3)<\/strong><\/span><\/p><\/blockquote>\n<\/div>\n<div style=\"text-align: justify;\"><span class=\"Apple-style-span\" style=\"font-size: small;\"><span class=\"Apple-style-span\" style=\"font-family: Verdana,sans-serif;\">H\u00e1 uma coisa que deveria ser pejorativamente chamada de &#8220;esp\u00edrito de pastor&#8221;, e essa tal coisa \u00e9 uma casta existencial dif\u00edcil de deixar a gente.<\/span><\/span><\/div>\n<div style=\"text-align: justify;\"><span class=\"Apple-style-span\" style=\"font-size: small;\"><span class=\"Apple-style-span\" style=\"font-family: Verdana,sans-serif;\">O fato \u00e9 que h\u00e1 muita gente &#8220;possessa desse esp\u00edrito&#8221;, o qual tira da pessoa a possibilidade de ser ela mesma, fazendo dela um clone psicol\u00f3gico de um modo de sentir completamente artificial, e sem espontaneidade humana com os outros e com a pr\u00f3pria pessoa.<\/span><\/span><\/div>\n<div style=\"text-align: justify;\"><span class=\"Apple-style-span\" style=\"font-size: small;\"><span class=\"Apple-style-span\" style=\"font-family: Verdana,sans-serif;\">Eu s\u00f3 tinha 18 anos e meio, e era apenas um menino amante de Jesus. Pregava em toda parte. N\u00e3o queria ser pastor e nem ordenado. Desejava apenas pregar, e pregava. Aos 21 anos, me ordenaram, mesmo sem que eu tenha aceitado as imposi\u00e7\u00f5es da denomina\u00e7\u00e3o para ordenar ministros.<\/span><\/span><\/div>\n<div style=\"text-align: justify;\"><\/div>\n<div style=\"text-align: justify;\"><\/div>\n<p><a name=\"more\"><\/a><\/p>\n<div style=\"text-align: justify;\"><span class=\"Apple-style-span\" style=\"font-family: Verdana,sans-serif;\">Ent\u00e3o, logo come\u00e7aram a me chamar de &#8220;Reverendo&#8221;. Aquele garoto livre, agora, de s\u00fabito, da noite para o dia, era o &#8220;Reverendo Caio&#8221;. A\u00ed o tratamento passa a mudar: O melhor lugar na casa, na mesa, na sala, no sal\u00e3o, no anivers\u00e1rio, no funeral, nas festas de casamento, nas bodas, etc. As pessoas come\u00e7am a ver o &#8220;sacerdote&#8221;, o homem diferente dos homens, o santo, o ungido do Senhor, o anjo da igreja&#8230;; e tamb\u00e9m se percebe que as pessoas mudam com voc\u00ea; mas raramente se percebe que depois de um tempo, muito suave e lentamente, voc\u00ea tamb\u00e9m aceita a mudan\u00e7a que fizeram acerca de voc\u00ea. Ora, \u00e9 a\u00ed que nasce o &#8220;esp\u00edrito de pastor&#8221;!<\/span><\/div>\n<div style=\"text-align: justify;\"><span class=\"Apple-style-span\" style=\"font-size: small;\"><span class=\"Apple-style-span\" style=\"font-family: Verdana,sans-serif;\">Ent\u00e3o, come\u00e7a a transforma\u00e7\u00e3o do ser humano numa figura tot\u00eamica, um totem erguido para a manuten\u00e7\u00e3o de tudo: Ele \u00e9 santo pelos outros; \u00e9 puro pelos demais; \u00e9 quem n\u00e3o se diverte pelos que se divertem; \u00e9 quem n\u00e3o fica doente para poder curar; \u00e9 quem &#8220;estuda Deus&#8221; e &#8220;entende de Deus&#8221;, a fim de poder explicar; e \u00e9 quem \u00e9 exemplo para se fazer clones comunit\u00e1rios. Se ele n\u00e3o casa os que se casam, eles se ressentem e magoam. Se ele est\u00e1 viajando quando algu\u00e9m morre, ele abandonou o moribundo. Se ele est\u00e1 de f\u00e9rias, a igreja pode esvaziar. Ou seja: sem ele, nada do que foi feito de fez ou se faz! Vivendo sob tais responsabilidades e honras, o indiv\u00edduo vai virando paj\u00e9 e n\u00e3o sente. Ou, em muitas ocasi\u00f5es, passa a gostar mesmo de ser essa figura totemizada para a &#8220;igreja&#8221;.<\/span><\/span><\/div>\n<div style=\"text-align: justify;\"><span class=\"Apple-style-span\" style=\"font-size: small;\"><span class=\"Apple-style-span\" style=\"font-family: Verdana,sans-serif;\">Ora, \u00e9 nesta necessidade que o povo tem de ter &#8220;sacerdotes&#8221; e &#8220;figuras cultuadas&#8221;, que tanto os bem intencionados se corrompem entregando-se ao &#8220;esp\u00edrito de pastor&#8221;; como tamb\u00e9m os lobos se aproveitam e tiram as carnes do rebanho.<\/span><\/span><\/div>\n<div style=\"text-align: justify;\"><span class=\"Apple-style-span\" style=\"font-size: small;\"><span class=\"Apple-style-span\" style=\"font-family: Verdana,sans-serif;\">De fato, os minist\u00e9rios pastoral, episcopal, apost\u00f3lico ou de qualquer outra natureza j\u00e1 carregam em si pr\u00f3prios o germe do poder desse imantamento espiritual. As pessoas olham para qualquer desses &#8220;seres&#8221; \u2014 &#8220;ungidos&#8221; formalmente para tais posi\u00e7\u00f5es \u2014, como &#8220;ungidos do Senhor&#8221;; aqueles contra os quais n\u00e3o se pode ter uma opini\u00e3o, pois, em assim sendo, Deus mesmo punir\u00e1 os &#8220;rebeldes&#8221;, ou &#8220;hereges&#8221;, ou &#8220;desviados&#8221;. Imagine quanto poder isto significa! Ali est\u00e1 um homem que \u00e9 visto como &#8220;o homem de Deus&#8221; no meio dos demais homens &#8220;normais&#8221;, e, de tal proje\u00e7\u00e3o, pode nascer apenas o &#8220;pastor clerical&#8221;, como tamb\u00e9m pode vingar qualquer maluquice!<\/span><\/span><\/div>\n<div style=\"text-align: justify;\"><span class=\"Apple-style-span\" style=\"font-size: small;\"><span class=\"Apple-style-span\" style=\"font-family: Verdana,sans-serif;\">Eu tenho por certo que todos os modos de clericalismo s\u00e3o malignos em rela\u00e7\u00e3o \u00e0 sa\u00fade do indiv\u00edduo que carrega o peso cultural dessa &#8220;posi\u00e7\u00e3o&#8221;.<\/span><\/span><\/div>\n<div style=\"text-align: justify;\"><span class=\"Apple-style-span\" style=\"font-size: small;\"><span class=\"Apple-style-span\" style=\"font-family: Verdana,sans-serif;\">E a comunidade tamb\u00e9m fica adoecida! Sim, porque enquanto ela v\u00ea o l\u00edder com tais olhos, ela n\u00e3o cresce; ao contr\u00e1rio, se infantiliza; e jamais aprende a andar com as pr\u00f3prias pernas.<\/span><\/span><\/div>\n<div style=\"text-align: justify;\"><span class=\"Apple-style-span\" style=\"font-size: small;\"><span class=\"Apple-style-span\" style=\"font-family: Verdana,sans-serif;\">Ora, o verdadeiro pastor cuida, n\u00e3o domina; ajuda, n\u00e3o controla; alimenta, n\u00e3o explora; s\u00f3 se faz notado em caso absolutamente necess\u00e1rio; e deixa a porta aberta, de tal modo que todos entram e saem e acham pastagem.<\/span><\/span><\/div>\n<div style=\"text-align: justify;\"><span class=\"Apple-style-span\" style=\"font-size: small;\"><span class=\"Apple-style-span\" style=\"font-family: Verdana,sans-serif;\">A analogia do Bom Pastor em Jo\u00e3o 10, todavia, \u00e9 perfeita no seu todo apenas em rela\u00e7\u00e3o a Jesus, e a mais ningu\u00e9m. Isto porque em rela\u00e7\u00e3o a Jesus todos n\u00f3s somos apenas ovelhas do rebanho.<\/span><\/span><\/div>\n<div style=\"text-align: justify;\"><span class=\"Apple-style-span\" style=\"font-size: small;\"><span class=\"Apple-style-span\" style=\"font-family: Verdana,sans-serif;\">Por\u00e9m, em rela\u00e7\u00e3o a nenhum &#8220;outro pastor&#8221;, n\u00f3s devemos ser &#8220;ovelhas do rebanho&#8221;; posto que ser ovelha de Jesus j\u00e1 nos p\u00f5e na condi\u00e7\u00e3o de s\u00f3 ouvir a voz de um homem se ela for de acordo com a Voz do \u00danico Pastor; do contr\u00e1rio, a ordem de Jesus \u00e9 para n\u00e3o &#8220;seguir a voz do estranho&#8221;, pois somos o Rebanho de Deus.<\/span><\/span><\/div>\n<div style=\"text-align: justify;\"><span class=\"Apple-style-span\" style=\"font-size: small;\"><span class=\"Apple-style-span\" style=\"font-family: Verdana,sans-serif;\">Portanto, o verdadeiro pastor de homens \u00e9 apenas mais um do rebanho \u00fanico, sendo somente uma ovelha que j\u00e1 se deixou ensinar um pouco mais pela voz do \u00danico Pastor. \u00c9 na Sua fidelidade e reconhecimento \u00e0 Voz do Pastor que ele se qualifica para ser pastor entre ovelhas, pois, conforme Pedro, ele se torna &#8220;modelo do rebanho&#8221;.<\/span><\/span><\/div>\n<div style=\"text-align: justify;\"><span class=\"Apple-style-span\" style=\"font-size: small;\"><span class=\"Apple-style-span\" style=\"font-family: Verdana,sans-serif;\">Assim, \u00e9 o caminho da ovelha seguindo o Pastor, o que a torna uma ovelha-pastor; visto que seu passo e obedi\u00eancia estabelecem refer\u00eancia para as demais.<\/span><\/span><\/div>\n<div style=\"text-align: justify;\"><span class=\"Apple-style-span\" style=\"font-size: small;\"><span class=\"Apple-style-span\" style=\"font-family: Verdana,sans-serif;\">O problema \u00e9 que alguns &#8220;pastores&#8221; e cl\u00e9rigos pensam que s\u00e3o os &#8220;Jesuses&#8221; da comunidade; e, diferentemente de Jesus, transformam-se nos lobos que n\u00e3o amam as ovelhas, mas apenas os privil\u00e9gios e poderes que delas &#8220;arrancam&#8221;.<\/span><\/span><\/div>\n<div style=\"text-align: justify;\"><span class=\"Apple-style-span\" style=\"font-size: small;\"><span class=\"Apple-style-span\" style=\"font-family: Verdana,sans-serif;\">E como agravante, a &#8220;igreja&#8221;, por ser pag\u00e3 ainda em sua ess\u00eancia, precisa desses &#8220;pastores tiranos&#8221;, pois, como associam a &#8220;figura clerical&#8221; ao &#8220;representante de Deus&#8221;, sentem-se objeticamente mais seguras se t\u00eam um d\u00e9spota dizendo o que fazer, o que n\u00e3o fazer, com quem casar ou n\u00e3o, e quem \u00e9 quem.<\/span><\/span><\/div>\n<div style=\"text-align: justify;\"><span class=\"Apple-style-span\" style=\"font-size: small;\"><span class=\"Apple-style-span\" style=\"font-family: Verdana,sans-serif;\">&#8220;N\u00e3o \u00e9 assim entre v\u00f3s!&#8221;\u2014 disse Jesus!<\/span><\/span><\/div>\n<div style=\"text-align: justify;\"><span class=\"Apple-style-span\" style=\"font-size: small;\"><span class=\"Apple-style-span\" style=\"font-family: Verdana,sans-serif;\">Foi por esta raz\u00e3o que Jesus tirou as roupas de cima e se cingiu de uma toalha e passou a lavar os p\u00e9s dos disc\u00edpulos. Sim, porque liderar \u00e9, sobretudo, poder lavar p\u00e9s e servir em nudez.<\/span><\/span><\/div>\n<div style=\"text-align: justify;\"><span class=\"Apple-style-span\" style=\"font-size: small;\"><span class=\"Apple-style-span\" style=\"font-family: Verdana,sans-serif;\">Na realidade, al\u00e9m de tudo o que o gesto de Jesus ensina, nele tamb\u00e9m vemos o modelo existencial do significado da lideran\u00e7a: O l\u00edder serve em revela\u00e7\u00e3o de sua humanidade. E os liderados s\u00e3o servidos aceitando a humanidade de quem lidera servindo de modo humano. E Jesus disse a Pedro que ou seria assim, ou Pedro n\u00e3o teria parte com Ele!<\/span><\/span><\/div>\n<div style=\"text-align: justify;\"><span class=\"Apple-style-span\" style=\"font-size: small;\"><span class=\"Apple-style-span\" style=\"font-family: Verdana,sans-serif;\">Somente quando os l\u00edderes tiverem a coragem de fazer como Paulo e Barnab\u00e9, que rasgaram as roupas e expuseram sua nudez quando foram chamados de &#8220;deuses&#8221;, \u00e9 que aqueles que crerem no que as lideran\u00e7as disserem, n\u00e3o ficar\u00e3o ainda mais adoecidos de idolatria.<\/span><\/span><\/div>\n<div style=\"text-align: justify;\"><span class=\"Apple-style-span\" style=\"font-size: small;\"><span class=\"Apple-style-span\" style=\"font-family: Verdana,sans-serif;\">Hoje se d\u00e1 o contr\u00e1rio da experi\u00eancia dos ap\u00f3stolos: a maioria dos l\u00edderes faz todo o poss\u00edvel para passar por deuses; e, o povo, vai se ameninando na f\u00e9, apenas trocando de &#8220;pai-de-santo&#8221;, ou de paj\u00e9 ou de sacerdote; por\u00e9m existindo sob a escravid\u00e3o da espiritualidade da idolatria; adorando e servindo a criatura, mesmo que se vistam de pastores, bispos ou ap\u00f3stolos.<\/span><\/span><\/div>\n<div style=\"text-align: justify;\"><span class=\"Apple-style-span\" style=\"font-size: small;\"><span class=\"Apple-style-span\" style=\"font-family: Verdana,sans-serif;\">No Caminho n\u00f3s temos buscado diante de Deus e conforme o Evangelho, quebrar todos esses paradigmas tot\u00eamicos. Sugiro que todos, em todo lugar, e com todo bom cora\u00e7\u00e3o, assim o fa\u00e7am tamb\u00e9m, em nome de Jesus, o Bom Pastor!<\/span><\/span><\/div>\n<div style=\"text-align: justify;\"><span class=\"Apple-style-span\" style=\"font-size: small;\"><span class=\"Apple-style-span\" style=\"font-family: Verdana,sans-serif;\">Nele, Que \u00e9 o Caminho, a Verdade e a Vida, e em Quem &#8220;Caminho&#8221; \u00e9 apenas um nome da jornada de f\u00e9,<\/span><\/span><\/div>\n<div style=\"text-align: justify;\"><span class=\"Apple-style-span\" style=\"font-size: small;\"><span class=\"Apple-style-span\" style=\"font-family: Verdana,sans-serif;\">Caio Fabio<\/span><\/span><\/div>\n<p><span class=\"Apple-style-span\" style=\"font-size: small;\"><span class=\"Apple-style-span\" style=\"font-family: Verdana,sans-serif;\"><br \/>\n<\/span><\/span><br \/>\n<span class=\"Apple-style-span\" style=\"font-size: small;\"><span class=\"Apple-style-span\" style=\"font-family: Verdana,sans-serif;\">Fonte: <\/span><\/span><a href=\"http:\/\/www.caminhoabc.com.br\/2009\/05\/um-depoimento-e-um-conselho-caio-fabio.html\"><span class=\"Apple-style-span\" style=\"font-size: small;\"><span class=\"Apple-style-span\" style=\"font-family: Verdana,sans-serif;\">Blog Caminho da Gra\u00e7a\u00a0<\/span><\/span><\/a><br \/>\n<span class=\"Apple-style-span\" style=\"font-family: Verdana,sans-serif;\"><span class=\"Apple-style-span\" style=\"font-size: small;\">26 de maio de 2009<\/span><\/span><\/p>\n<div>&#8212;&#8212;&#8212;&#8212;&#8212;&#8212;&#8212;&#8212;&#8212;&#8212;&#8212;&#8212;&#8212;&#8212;&#8212;&#8212;&#8212;&#8212;&#8212;&#8212;&#8212;&#8212;&#8212;<\/div>\n<div><span class=\"Apple-style-span\" style=\"font-family: Verdana,sans-serif;\"><span class=\"Apple-style-span\" style=\"font-size: small;\">Por muito tempo escutei conversas divergentes sobre o pol\u00eamico Caio Fabio, suas id\u00e9ias, suas motiva\u00e7\u00f5es, enfim&#8230; pessoas divididas entre o rep\u00fadio e a admira\u00e7\u00e3o ao cara.<\/span><\/span><\/div>\n<div><span class=\"Apple-style-span\" style=\"font-family: Verdana,sans-serif;\"><span class=\"Apple-style-span\" style=\"font-size: small;\">Gosto do que ele fala, mesmo que em muitas vezes n\u00e3o concorde integralmente com suas palavras, mas tem que se admitir de que ele conhece muito da Palavra e traz reflex\u00f5es profundas para n\u00f3s.<\/span><\/span><\/div>\n<div><span class=\"Apple-style-span\" style=\"font-family: Verdana,sans-serif;\"><span class=\"Apple-style-span\" style=\"font-size: small;\">Essa sobre o Bom Pastor \u00e9 nota 10.<\/span><\/span><\/div>\n<div><span class=\"Apple-style-span\" style=\"font-family: Verdana,sans-serif;\"><span class=\"Apple-style-span\" style=\"font-size: small;\"><br \/>\n<\/span><\/span><\/div>\n<div><span class=\"Apple-style-span\" style=\"font-family: Verdana,sans-serif;\"><span class=\"Apple-style-span\" style=\"font-size: small;\">Soli Deo Gloria<\/span><\/span><\/div>\n","protected":false},"excerpt":{"rendered":"<p>\u201cPastoreai o Rebanho de Deus que h\u00e1 entre v\u00f3s, n\u00e3o por constrangimento, mas espontaneamente, como Deus quer; nem por s\u00f3rdida gan\u00e2ncia, mas [&hellip;]<\/p>\n","protected":false},"author":1,"featured_media":0,"comment_status":"open","ping_status":"closed","sticky":false,"template":"","format":"standard","meta":{"_exactmetrics_skip_tracking":false,"_exactmetrics_sitenote_active":false,"_exactmetrics_sitenote_note":"","_exactmetrics_sitenote_category":0,"footnotes":"","_links_to":"","_links_to_target":""},"categories":[112],"tags":[2856],"class_list":["post-1252","post","type-post","status-publish","format-standard","hentry","category-artigos","tag-uncategorized"],"yoast_head":"<!-- This site is optimized with the Yoast SEO plugin v27.1.1 - https:\/\/yoast.com\/product\/yoast-seo-wordpress\/ -->\n<title>Um depoimento e um conselho. (Caio F\u00e1bio) - Crentassos Produ\u00e7\u00f5es Subversivas<\/title>\n<meta name=\"robots\" content=\"index, follow, max-snippet:-1, max-image-preview:large, max-video-preview:-1\" \/>\n<link rel=\"canonical\" href=\"https:\/\/crentassos.com.br\/blog\/2010\/07\/um-depoimento-e-um-conselho-caio-fabio.html\" \/>\n<meta property=\"og:locale\" content=\"pt_BR\" \/>\n<meta property=\"og:type\" content=\"article\" \/>\n<meta property=\"og:title\" content=\"Um depoimento e um conselho. (Caio F\u00e1bio) - Crentassos Produ\u00e7\u00f5es Subversivas\" \/>\n<meta property=\"og:description\" content=\"\u201cPastoreai o Rebanho de Deus que h\u00e1 entre v\u00f3s, n\u00e3o por constrangimento, mas espontaneamente, como Deus quer; nem por s\u00f3rdida gan\u00e2ncia, mas [&hellip;]\" \/>\n<meta property=\"og:url\" content=\"https:\/\/crentassos.com.br\/blog\/2010\/07\/um-depoimento-e-um-conselho-caio-fabio.html\" \/>\n<meta property=\"og:site_name\" content=\"Crentassos Produ\u00e7\u00f5es Subversivas\" \/>\n<meta property=\"article:publisher\" content=\"http:\/\/www.facebook.com\/crentassos\" \/>\n<meta property=\"article:published_time\" content=\"2010-07-29T03:30:00+00:00\" \/>\n<meta property=\"article:modified_time\" content=\"2012-12-11T18:26:34+00:00\" \/>\n<meta property=\"og:image\" content=\"http:\/\/oueleouela.files.wordpress.com\/2010\/07\/ia_isaias40_11-fundo.jpg?w=300\" \/>\n<meta name=\"author\" content=\"Crentassos\" \/>\n<meta name=\"twitter:card\" content=\"summary_large_image\" \/>\n<meta name=\"twitter:creator\" content=\"@crentassos\" \/>\n<meta name=\"twitter:site\" content=\"@crentassos\" \/>\n<meta name=\"twitter:label1\" content=\"Escrito por\" \/>\n\t<meta name=\"twitter:data1\" content=\"Crentassos\" \/>\n\t<meta name=\"twitter:label2\" content=\"Est. tempo de leitura\" \/>\n\t<meta name=\"twitter:data2\" content=\"7 minutos\" \/>\n<script type=\"application\/ld+json\" class=\"yoast-schema-graph\">{\"@context\":\"https:\/\/schema.org\",\"@graph\":[{\"@type\":\"Article\",\"@id\":\"https:\/\/crentassos.com.br\/blog\/2010\/07\/um-depoimento-e-um-conselho-caio-fabio.html#article\",\"isPartOf\":{\"@id\":\"https:\/\/crentassos.com.br\/blog\/2010\/07\/um-depoimento-e-um-conselho-caio-fabio.html\"},\"author\":{\"name\":\"Crentassos\",\"@id\":\"https:\/\/crentassos.com.br\/blog\/#\/schema\/person\/c143e75f920e3ad15d83540f47db500c\"},\"headline\":\"Um depoimento e um conselho. (Caio F\u00e1bio)\",\"datePublished\":\"2010-07-29T03:30:00+00:00\",\"dateModified\":\"2012-12-11T18:26:34+00:00\",\"mainEntityOfPage\":{\"@id\":\"https:\/\/crentassos.com.br\/blog\/2010\/07\/um-depoimento-e-um-conselho-caio-fabio.html\"},\"wordCount\":1375,\"commentCount\":3,\"publisher\":{\"@id\":\"https:\/\/crentassos.com.br\/blog\/#organization\"},\"image\":{\"@id\":\"https:\/\/crentassos.com.br\/blog\/2010\/07\/um-depoimento-e-um-conselho-caio-fabio.html#primaryimage\"},\"thumbnailUrl\":\"http:\/\/oueleouela.files.wordpress.com\/2010\/07\/ia_isaias40_11-fundo.jpg?w=300\",\"keywords\":[\"Uncategorized\"],\"articleSection\":[\"Artigos\"],\"inLanguage\":\"pt-BR\",\"potentialAction\":[{\"@type\":\"CommentAction\",\"name\":\"Comment\",\"target\":[\"https:\/\/crentassos.com.br\/blog\/2010\/07\/um-depoimento-e-um-conselho-caio-fabio.html#respond\"]}]},{\"@type\":\"WebPage\",\"@id\":\"https:\/\/crentassos.com.br\/blog\/2010\/07\/um-depoimento-e-um-conselho-caio-fabio.html\",\"url\":\"https:\/\/crentassos.com.br\/blog\/2010\/07\/um-depoimento-e-um-conselho-caio-fabio.html\",\"name\":\"Um depoimento e um conselho. (Caio F\u00e1bio) - Crentassos Produ\u00e7\u00f5es Subversivas\",\"isPartOf\":{\"@id\":\"https:\/\/crentassos.com.br\/blog\/#website\"},\"primaryImageOfPage\":{\"@id\":\"https:\/\/crentassos.com.br\/blog\/2010\/07\/um-depoimento-e-um-conselho-caio-fabio.html#primaryimage\"},\"image\":{\"@id\":\"https:\/\/crentassos.com.br\/blog\/2010\/07\/um-depoimento-e-um-conselho-caio-fabio.html#primaryimage\"},\"thumbnailUrl\":\"http:\/\/oueleouela.files.wordpress.com\/2010\/07\/ia_isaias40_11-fundo.jpg?w=300\",\"datePublished\":\"2010-07-29T03:30:00+00:00\",\"dateModified\":\"2012-12-11T18:26:34+00:00\",\"breadcrumb\":{\"@id\":\"https:\/\/crentassos.com.br\/blog\/2010\/07\/um-depoimento-e-um-conselho-caio-fabio.html#breadcrumb\"},\"inLanguage\":\"pt-BR\",\"potentialAction\":[{\"@type\":\"ReadAction\",\"target\":[\"https:\/\/crentassos.com.br\/blog\/2010\/07\/um-depoimento-e-um-conselho-caio-fabio.html\"]}]},{\"@type\":\"ImageObject\",\"inLanguage\":\"pt-BR\",\"@id\":\"https:\/\/crentassos.com.br\/blog\/2010\/07\/um-depoimento-e-um-conselho-caio-fabio.html#primaryimage\",\"url\":\"http:\/\/oueleouela.files.wordpress.com\/2010\/07\/ia_isaias40_11-fundo.jpg?w=300\",\"contentUrl\":\"http:\/\/oueleouela.files.wordpress.com\/2010\/07\/ia_isaias40_11-fundo.jpg?w=300\"},{\"@type\":\"BreadcrumbList\",\"@id\":\"https:\/\/crentassos.com.br\/blog\/2010\/07\/um-depoimento-e-um-conselho-caio-fabio.html#breadcrumb\",\"itemListElement\":[{\"@type\":\"ListItem\",\"position\":1,\"name\":\"Home\",\"item\":\"https:\/\/crentassos.com.br\/blog\/\"},{\"@type\":\"ListItem\",\"position\":2,\"name\":\"Um depoimento e um conselho. (Caio F\u00e1bio)\"}]},{\"@type\":\"WebSite\",\"@id\":\"https:\/\/crentassos.com.br\/blog\/#website\",\"url\":\"https:\/\/crentassos.com.br\/blog\/\",\"name\":\"Crentassos Produ\u00e7\u00f5es Subversivas\",\"description\":\"Podcast Crist\u00e3o, Podcrent, Da Prateleira, Artigos crist\u00e3os, Teologia, Estudos, Textos B\u00edblicos\",\"publisher\":{\"@id\":\"https:\/\/crentassos.com.br\/blog\/#organization\"},\"potentialAction\":[{\"@type\":\"SearchAction\",\"target\":{\"@type\":\"EntryPoint\",\"urlTemplate\":\"https:\/\/crentassos.com.br\/blog\/?s={search_term_string}\"},\"query-input\":{\"@type\":\"PropertyValueSpecification\",\"valueRequired\":true,\"valueName\":\"search_term_string\"}}],\"inLanguage\":\"pt-BR\"},{\"@type\":\"Organization\",\"@id\":\"https:\/\/crentassos.com.br\/blog\/#organization\",\"name\":\"Crentassos Produ\u00e7\u00f5es Subversivas\",\"url\":\"https:\/\/crentassos.com.br\/blog\/\",\"logo\":{\"@type\":\"ImageObject\",\"inLanguage\":\"pt-BR\",\"@id\":\"https:\/\/crentassos.com.br\/blog\/#\/schema\/logo\/image\/\",\"url\":\"https:\/\/crentassos.com.br\/blog\/wp-content\/uploads\/2020\/05\/cropped-crentassos1-300x300png.png\",\"contentUrl\":\"https:\/\/crentassos.com.br\/blog\/wp-content\/uploads\/2020\/05\/cropped-crentassos1-300x300png.png\",\"width\":300,\"height\":300,\"caption\":\"Crentassos Produ\u00e7\u00f5es Subversivas\"},\"image\":{\"@id\":\"https:\/\/crentassos.com.br\/blog\/#\/schema\/logo\/image\/\"},\"sameAs\":[\"http:\/\/www.facebook.com\/crentassos\",\"https:\/\/x.com\/crentassos\",\"https:\/\/www.instagram.com\/crentassos\",\"https:\/\/www.youtube.com\/crentassos\"]},{\"@type\":\"Person\",\"@id\":\"https:\/\/crentassos.com.br\/blog\/#\/schema\/person\/c143e75f920e3ad15d83540f47db500c\",\"name\":\"Crentassos\",\"image\":{\"@type\":\"ImageObject\",\"inLanguage\":\"pt-BR\",\"@id\":\"https:\/\/crentassos.com.br\/blog\/#\/schema\/person\/image\/\",\"url\":\"https:\/\/secure.gravatar.com\/avatar\/cb1b9c88bcd90ec2f909823639a352ece8d3a3cea59b9d08637fe057502fa227?s=96&d=retro&r=g\",\"contentUrl\":\"https:\/\/secure.gravatar.com\/avatar\/cb1b9c88bcd90ec2f909823639a352ece8d3a3cea59b9d08637fe057502fa227?s=96&d=retro&r=g\",\"caption\":\"Crentassos\"},\"description\":\"Perfil padr\u00e3o do blog dos Crentassos.\",\"sameAs\":[\"http:\/\/www.crentassos.com.br\"],\"url\":\"https:\/\/crentassos.com.br\/blog\/author\/crentassos\"}]}<\/script>\n<!-- \/ Yoast SEO plugin. -->","yoast_head_json":{"title":"Um depoimento e um conselho. (Caio F\u00e1bio) - Crentassos Produ\u00e7\u00f5es Subversivas","robots":{"index":"index","follow":"follow","max-snippet":"max-snippet:-1","max-image-preview":"max-image-preview:large","max-video-preview":"max-video-preview:-1"},"canonical":"https:\/\/crentassos.com.br\/blog\/2010\/07\/um-depoimento-e-um-conselho-caio-fabio.html","og_locale":"pt_BR","og_type":"article","og_title":"Um depoimento e um conselho. (Caio F\u00e1bio) - Crentassos Produ\u00e7\u00f5es Subversivas","og_description":"\u201cPastoreai o Rebanho de Deus que h\u00e1 entre v\u00f3s, n\u00e3o por constrangimento, mas espontaneamente, como Deus quer; nem por s\u00f3rdida gan\u00e2ncia, mas [&hellip;]","og_url":"https:\/\/crentassos.com.br\/blog\/2010\/07\/um-depoimento-e-um-conselho-caio-fabio.html","og_site_name":"Crentassos Produ\u00e7\u00f5es Subversivas","article_publisher":"http:\/\/www.facebook.com\/crentassos","article_published_time":"2010-07-29T03:30:00+00:00","article_modified_time":"2012-12-11T18:26:34+00:00","og_image":[{"url":"http:\/\/oueleouela.files.wordpress.com\/2010\/07\/ia_isaias40_11-fundo.jpg?w=300","type":"","width":"","height":""}],"author":"Crentassos","twitter_card":"summary_large_image","twitter_creator":"@crentassos","twitter_site":"@crentassos","twitter_misc":{"Escrito por":"Crentassos","Est. tempo de leitura":"7 minutos"},"schema":{"@context":"https:\/\/schema.org","@graph":[{"@type":"Article","@id":"https:\/\/crentassos.com.br\/blog\/2010\/07\/um-depoimento-e-um-conselho-caio-fabio.html#article","isPartOf":{"@id":"https:\/\/crentassos.com.br\/blog\/2010\/07\/um-depoimento-e-um-conselho-caio-fabio.html"},"author":{"name":"Crentassos","@id":"https:\/\/crentassos.com.br\/blog\/#\/schema\/person\/c143e75f920e3ad15d83540f47db500c"},"headline":"Um depoimento e um conselho. (Caio F\u00e1bio)","datePublished":"2010-07-29T03:30:00+00:00","dateModified":"2012-12-11T18:26:34+00:00","mainEntityOfPage":{"@id":"https:\/\/crentassos.com.br\/blog\/2010\/07\/um-depoimento-e-um-conselho-caio-fabio.html"},"wordCount":1375,"commentCount":3,"publisher":{"@id":"https:\/\/crentassos.com.br\/blog\/#organization"},"image":{"@id":"https:\/\/crentassos.com.br\/blog\/2010\/07\/um-depoimento-e-um-conselho-caio-fabio.html#primaryimage"},"thumbnailUrl":"http:\/\/oueleouela.files.wordpress.com\/2010\/07\/ia_isaias40_11-fundo.jpg?w=300","keywords":["Uncategorized"],"articleSection":["Artigos"],"inLanguage":"pt-BR","potentialAction":[{"@type":"CommentAction","name":"Comment","target":["https:\/\/crentassos.com.br\/blog\/2010\/07\/um-depoimento-e-um-conselho-caio-fabio.html#respond"]}]},{"@type":"WebPage","@id":"https:\/\/crentassos.com.br\/blog\/2010\/07\/um-depoimento-e-um-conselho-caio-fabio.html","url":"https:\/\/crentassos.com.br\/blog\/2010\/07\/um-depoimento-e-um-conselho-caio-fabio.html","name":"Um depoimento e um conselho. (Caio F\u00e1bio) - Crentassos Produ\u00e7\u00f5es Subversivas","isPartOf":{"@id":"https:\/\/crentassos.com.br\/blog\/#website"},"primaryImageOfPage":{"@id":"https:\/\/crentassos.com.br\/blog\/2010\/07\/um-depoimento-e-um-conselho-caio-fabio.html#primaryimage"},"image":{"@id":"https:\/\/crentassos.com.br\/blog\/2010\/07\/um-depoimento-e-um-conselho-caio-fabio.html#primaryimage"},"thumbnailUrl":"http:\/\/oueleouela.files.wordpress.com\/2010\/07\/ia_isaias40_11-fundo.jpg?w=300","datePublished":"2010-07-29T03:30:00+00:00","dateModified":"2012-12-11T18:26:34+00:00","breadcrumb":{"@id":"https:\/\/crentassos.com.br\/blog\/2010\/07\/um-depoimento-e-um-conselho-caio-fabio.html#breadcrumb"},"inLanguage":"pt-BR","potentialAction":[{"@type":"ReadAction","target":["https:\/\/crentassos.com.br\/blog\/2010\/07\/um-depoimento-e-um-conselho-caio-fabio.html"]}]},{"@type":"ImageObject","inLanguage":"pt-BR","@id":"https:\/\/crentassos.com.br\/blog\/2010\/07\/um-depoimento-e-um-conselho-caio-fabio.html#primaryimage","url":"http:\/\/oueleouela.files.wordpress.com\/2010\/07\/ia_isaias40_11-fundo.jpg?w=300","contentUrl":"http:\/\/oueleouela.files.wordpress.com\/2010\/07\/ia_isaias40_11-fundo.jpg?w=300"},{"@type":"BreadcrumbList","@id":"https:\/\/crentassos.com.br\/blog\/2010\/07\/um-depoimento-e-um-conselho-caio-fabio.html#breadcrumb","itemListElement":[{"@type":"ListItem","position":1,"name":"Home","item":"https:\/\/crentassos.com.br\/blog\/"},{"@type":"ListItem","position":2,"name":"Um depoimento e um conselho. (Caio F\u00e1bio)"}]},{"@type":"WebSite","@id":"https:\/\/crentassos.com.br\/blog\/#website","url":"https:\/\/crentassos.com.br\/blog\/","name":"Crentassos Produ\u00e7\u00f5es Subversivas","description":"Podcast Crist\u00e3o, Podcrent, Da Prateleira, Artigos crist\u00e3os, Teologia, Estudos, Textos B\u00edblicos","publisher":{"@id":"https:\/\/crentassos.com.br\/blog\/#organization"},"potentialAction":[{"@type":"SearchAction","target":{"@type":"EntryPoint","urlTemplate":"https:\/\/crentassos.com.br\/blog\/?s={search_term_string}"},"query-input":{"@type":"PropertyValueSpecification","valueRequired":true,"valueName":"search_term_string"}}],"inLanguage":"pt-BR"},{"@type":"Organization","@id":"https:\/\/crentassos.com.br\/blog\/#organization","name":"Crentassos Produ\u00e7\u00f5es Subversivas","url":"https:\/\/crentassos.com.br\/blog\/","logo":{"@type":"ImageObject","inLanguage":"pt-BR","@id":"https:\/\/crentassos.com.br\/blog\/#\/schema\/logo\/image\/","url":"https:\/\/crentassos.com.br\/blog\/wp-content\/uploads\/2020\/05\/cropped-crentassos1-300x300png.png","contentUrl":"https:\/\/crentassos.com.br\/blog\/wp-content\/uploads\/2020\/05\/cropped-crentassos1-300x300png.png","width":300,"height":300,"caption":"Crentassos Produ\u00e7\u00f5es Subversivas"},"image":{"@id":"https:\/\/crentassos.com.br\/blog\/#\/schema\/logo\/image\/"},"sameAs":["http:\/\/www.facebook.com\/crentassos","https:\/\/x.com\/crentassos","https:\/\/www.instagram.com\/crentassos","https:\/\/www.youtube.com\/crentassos"]},{"@type":"Person","@id":"https:\/\/crentassos.com.br\/blog\/#\/schema\/person\/c143e75f920e3ad15d83540f47db500c","name":"Crentassos","image":{"@type":"ImageObject","inLanguage":"pt-BR","@id":"https:\/\/crentassos.com.br\/blog\/#\/schema\/person\/image\/","url":"https:\/\/secure.gravatar.com\/avatar\/cb1b9c88bcd90ec2f909823639a352ece8d3a3cea59b9d08637fe057502fa227?s=96&d=retro&r=g","contentUrl":"https:\/\/secure.gravatar.com\/avatar\/cb1b9c88bcd90ec2f909823639a352ece8d3a3cea59b9d08637fe057502fa227?s=96&d=retro&r=g","caption":"Crentassos"},"description":"Perfil padr\u00e3o do blog dos Crentassos.","sameAs":["http:\/\/www.crentassos.com.br"],"url":"https:\/\/crentassos.com.br\/blog\/author\/crentassos"}]}},"_links":{"self":[{"href":"https:\/\/crentassos.com.br\/blog\/wp-json\/wp\/v2\/posts\/1252","targetHints":{"allow":["GET"]}}],"collection":[{"href":"https:\/\/crentassos.com.br\/blog\/wp-json\/wp\/v2\/posts"}],"about":[{"href":"https:\/\/crentassos.com.br\/blog\/wp-json\/wp\/v2\/types\/post"}],"author":[{"embeddable":true,"href":"https:\/\/crentassos.com.br\/blog\/wp-json\/wp\/v2\/users\/1"}],"replies":[{"embeddable":true,"href":"https:\/\/crentassos.com.br\/blog\/wp-json\/wp\/v2\/comments?post=1252"}],"version-history":[{"count":2,"href":"https:\/\/crentassos.com.br\/blog\/wp-json\/wp\/v2\/posts\/1252\/revisions"}],"predecessor-version":[{"id":7788,"href":"https:\/\/crentassos.com.br\/blog\/wp-json\/wp\/v2\/posts\/1252\/revisions\/7788"}],"wp:attachment":[{"href":"https:\/\/crentassos.com.br\/blog\/wp-json\/wp\/v2\/media?parent=1252"}],"wp:term":[{"taxonomy":"category","embeddable":true,"href":"https:\/\/crentassos.com.br\/blog\/wp-json\/wp\/v2\/categories?post=1252"},{"taxonomy":"post_tag","embeddable":true,"href":"https:\/\/crentassos.com.br\/blog\/wp-json\/wp\/v2\/tags?post=1252"}],"curies":[{"name":"wp","href":"https:\/\/api.w.org\/{rel}","templated":true}]}}