{"id":12273,"date":"2016-03-22T02:27:13","date_gmt":"2016-03-22T05:27:13","guid":{"rendered":"http:\/\/crentassos.com.br\/blog\/?p=12273"},"modified":"2016-04-24T09:01:09","modified_gmt":"2016-04-24T12:01:09","slug":"musicas-do-mundo-que-me-edificam-0080-secos-e-molhados-fala","status":"publish","type":"post","link":"https:\/\/crentassos.com.br\/blog\/2016\/03\/musicas-do-mundo-que-me-edificam-0080-secos-e-molhados-fala.html","title":{"rendered":"M\u00fasicas do Mundo que Me Edificam #0080 \u2013 Secos e Molhados \u2013 Fala"},"content":{"rendered":"<p>Ol\u00e1&#8230; Vc gosta de Secos e Molhados?<\/p>\n<p>Bem, talvez vc nem tem ouvido falar deles, pois trata-se de uma banda dos prim\u00f3rdios do rock nacional, a qual teve por vocalista, ningu\u00e9m mais ningu\u00e9m menos que Ney Matogrosso, uma das vozes mais privilegiadas que esse pa\u00eds j\u00e1 deu ao mundo.<\/p>\n<p><iframe loading=\"lazy\" width=\"720\" height=\"405\" src=\"https:\/\/www.youtube.com\/embed\/vBJ9iDvwFdo?feature=oembed\" frameborder=\"0\" allowfullscreen><\/iframe><\/p>\n<p>Bem, \u00e9 dif\u00edcil acreditar, assim de cara, que uma banda brasileira de rock psicod\u00e9lico dos anos 70 tem alguma coisa pra nos dizer da parte de Deus, pelo menos do Deus dos crist\u00e3os, contudo, a musica FALA, me toca o cora\u00e7\u00e3o desde que comecei a ressignificar o conceito de ora\u00e7\u00e3o, com auxilio de pastores amigos que me deram uma perspectiva nova, onde o dialogo com Deus, n\u00e3o se limita a fazer pedidos ou agradecimentos, antes, nos coloca numa posi\u00e7\u00e3o de atentos expectadores da vontade de Deus, mediante a leitura b\u00edblica e a contempla\u00e7\u00e3o da palavra de Deus.<\/p>\n<p>Eu realmente n\u00e3o sei dizer nada por dizer, e Diante da grandeza de Deus, s\u00f3 posso prestar a aten\u00e7\u00e3o na dimens\u00e3o infinita da sua palavra, ent\u00e3o eu clamo, mais que minhas demandas pessoais, que \u00a0pr\u00f3prio Deus, fale tudo que quiser me revelar e tudo que eu puder traduzir ao mundo&#8230;<\/p>\n<p>Se eu n\u00e3o compreender a grandeza de Deus, permane\u00e7o em sil\u00eancio, contemplando a sua palavra e buscando em Deus a compreens\u00e3o, para s\u00f3 falar e fazer o que realmente vier de Deus, o que realmente for sua vontade&#8230;<\/p>\n<p>&nbsp;<\/p>\n<p>FALA&#8230;<br \/>\nPara ilustrar esse post, usei uma bel\u00edssima cena do filme &#8220;A Hist\u00f3ria da Eternidade&#8221; interpretada pelo grande ator Irandhir Santos.<\/p>\n","protected":false},"excerpt":{"rendered":"<p>Ol\u00e1&#8230; Vc gosta de Secos e Molhados? Bem, talvez vc nem tem ouvido falar deles, pois trata-se de uma banda dos prim\u00f3rdios [&hellip;]<\/p>\n","protected":false},"author":9,"featured_media":12274,"comment_status":"open","ping_status":"open","sticky":false,"template":"","format":"standard","meta":{"_exactmetrics_skip_tracking":false,"_exactmetrics_sitenote_active":false,"_exactmetrics_sitenote_note":"","_exactmetrics_sitenote_category":0,"footnotes":"","_links_to":"","_links_to_target":""},"categories":[112,117],"tags":[5882,1638,5881,5880],"class_list":{"0":"post-12273","1":"post","2":"type-post","3":"status-publish","4":"format-standard","5":"has-post-thumbnail","6":"hentry","7":"category-artigos","8":"category-musicas-boa","9":"tag-fala","10":"tag-musicas-do-mundo-que-me-edificam","11":"tag-ney-matogrosso","12":"tag-secos-e-molhados","14":"post-with-thumbnail","15":"post-with-thumbnail-large"},"yoast_head":"<!-- This site is optimized with the Yoast SEO plugin v27.1.1 - https:\/\/yoast.com\/product\/yoast-seo-wordpress\/ -->\n<title>M\u00fasicas do Mundo que Me Edificam #0080 \u2013 Secos e Molhados \u2013 Fala - Crentassos Produ\u00e7\u00f5es Subversivas<\/title>\n<meta name=\"robots\" content=\"index, follow, max-snippet:-1, max-image-preview:large, max-video-preview:-1\" \/>\n<link rel=\"canonical\" href=\"https:\/\/crentassos.com.br\/blog\/2016\/03\/musicas-do-mundo-que-me-edificam-0080-secos-e-molhados-fala.html\" \/>\n<meta property=\"og:locale\" content=\"pt_BR\" \/>\n<meta property=\"og:type\" content=\"article\" \/>\n<meta property=\"og:title\" content=\"M\u00fasicas do Mundo que Me Edificam #0080 \u2013 Secos e Molhados \u2013 Fala - Crentassos Produ\u00e7\u00f5es Subversivas\" \/>\n<meta property=\"og:description\" content=\"Ol\u00e1&#8230; Vc gosta de Secos e Molhados? Bem, talvez vc nem tem ouvido falar deles, pois trata-se de uma banda dos prim\u00f3rdios [&hellip;]\" \/>\n<meta property=\"og:url\" content=\"https:\/\/crentassos.com.br\/blog\/2016\/03\/musicas-do-mundo-que-me-edificam-0080-secos-e-molhados-fala.html\" \/>\n<meta property=\"og:site_name\" content=\"Crentassos Produ\u00e7\u00f5es Subversivas\" \/>\n<meta property=\"article:publisher\" content=\"http:\/\/www.facebook.com\/crentassos\" \/>\n<meta property=\"article:published_time\" content=\"2016-03-22T05:27:13+00:00\" \/>\n<meta property=\"article:modified_time\" content=\"2016-04-24T12:01:09+00:00\" \/>\n<meta property=\"og:image\" content=\"https:\/\/crentassos.com.br\/blog\/wp-content\/uploads\/2016\/03\/secosmolhados.jpg\" \/>\n\t<meta property=\"og:image:width\" content=\"580\" \/>\n\t<meta property=\"og:image:height\" content=\"350\" \/>\n\t<meta property=\"og:image:type\" content=\"image\/jpeg\" \/>\n<meta name=\"author\" content=\"Cristiano Machado\" \/>\n<meta name=\"twitter:card\" content=\"summary_large_image\" \/>\n<meta name=\"twitter:creator\" content=\"@crentassos\" \/>\n<meta name=\"twitter:site\" content=\"@crentassos\" \/>\n<meta name=\"twitter:label1\" content=\"Escrito por\" \/>\n\t<meta name=\"twitter:data1\" content=\"Cristiano Machado\" \/>\n\t<meta name=\"twitter:label2\" content=\"Est. tempo de leitura\" \/>\n\t<meta name=\"twitter:data2\" content=\"1 minuto\" \/>\n<script type=\"application\/ld+json\" class=\"yoast-schema-graph\">{\"@context\":\"https:\/\/schema.org\",\"@graph\":[{\"@type\":\"Article\",\"@id\":\"https:\/\/crentassos.com.br\/blog\/2016\/03\/musicas-do-mundo-que-me-edificam-0080-secos-e-molhados-fala.html#article\",\"isPartOf\":{\"@id\":\"https:\/\/crentassos.com.br\/blog\/2016\/03\/musicas-do-mundo-que-me-edificam-0080-secos-e-molhados-fala.html\"},\"author\":{\"name\":\"Cristiano Machado\",\"@id\":\"https:\/\/crentassos.com.br\/blog\/#\/schema\/person\/7ec3329a98c44e20ccd6cc2c9e18acbd\"},\"headline\":\"M\u00fasicas do Mundo que Me Edificam #0080 \u2013 Secos e Molhados \u2013 Fala\",\"datePublished\":\"2016-03-22T05:27:13+00:00\",\"dateModified\":\"2016-04-24T12:01:09+00:00\",\"mainEntityOfPage\":{\"@id\":\"https:\/\/crentassos.com.br\/blog\/2016\/03\/musicas-do-mundo-que-me-edificam-0080-secos-e-molhados-fala.html\"},\"wordCount\":299,\"commentCount\":0,\"publisher\":{\"@id\":\"https:\/\/crentassos.com.br\/blog\/#organization\"},\"image\":{\"@id\":\"https:\/\/crentassos.com.br\/blog\/2016\/03\/musicas-do-mundo-que-me-edificam-0080-secos-e-molhados-fala.html#primaryimage\"},\"thumbnailUrl\":\"https:\/\/crentassos.com.br\/blog\/wp-content\/uploads\/2016\/03\/secosmolhados.jpg\",\"keywords\":[\"fala\",\"musicas do mundo que me edificam\",\"ney matogrosso\",\"secos e molhados\"],\"articleSection\":[\"Artigos\",\"M\u00fasicas do Mundo que Me Edificam\"],\"inLanguage\":\"pt-BR\",\"potentialAction\":[{\"@type\":\"CommentAction\",\"name\":\"Comment\",\"target\":[\"https:\/\/crentassos.com.br\/blog\/2016\/03\/musicas-do-mundo-que-me-edificam-0080-secos-e-molhados-fala.html#respond\"]}]},{\"@type\":\"WebPage\",\"@id\":\"https:\/\/crentassos.com.br\/blog\/2016\/03\/musicas-do-mundo-que-me-edificam-0080-secos-e-molhados-fala.html\",\"url\":\"https:\/\/crentassos.com.br\/blog\/2016\/03\/musicas-do-mundo-que-me-edificam-0080-secos-e-molhados-fala.html\",\"name\":\"M\u00fasicas do Mundo que Me Edificam #0080 \u2013 Secos e Molhados \u2013 Fala - Crentassos Produ\u00e7\u00f5es Subversivas\",\"isPartOf\":{\"@id\":\"https:\/\/crentassos.com.br\/blog\/#website\"},\"primaryImageOfPage\":{\"@id\":\"https:\/\/crentassos.com.br\/blog\/2016\/03\/musicas-do-mundo-que-me-edificam-0080-secos-e-molhados-fala.html#primaryimage\"},\"image\":{\"@id\":\"https:\/\/crentassos.com.br\/blog\/2016\/03\/musicas-do-mundo-que-me-edificam-0080-secos-e-molhados-fala.html#primaryimage\"},\"thumbnailUrl\":\"https:\/\/crentassos.com.br\/blog\/wp-content\/uploads\/2016\/03\/secosmolhados.jpg\",\"datePublished\":\"2016-03-22T05:27:13+00:00\",\"dateModified\":\"2016-04-24T12:01:09+00:00\",\"breadcrumb\":{\"@id\":\"https:\/\/crentassos.com.br\/blog\/2016\/03\/musicas-do-mundo-que-me-edificam-0080-secos-e-molhados-fala.html#breadcrumb\"},\"inLanguage\":\"pt-BR\",\"potentialAction\":[{\"@type\":\"ReadAction\",\"target\":[\"https:\/\/crentassos.com.br\/blog\/2016\/03\/musicas-do-mundo-que-me-edificam-0080-secos-e-molhados-fala.html\"]}]},{\"@type\":\"ImageObject\",\"inLanguage\":\"pt-BR\",\"@id\":\"https:\/\/crentassos.com.br\/blog\/2016\/03\/musicas-do-mundo-que-me-edificam-0080-secos-e-molhados-fala.html#primaryimage\",\"url\":\"https:\/\/crentassos.com.br\/blog\/wp-content\/uploads\/2016\/03\/secosmolhados.jpg\",\"contentUrl\":\"https:\/\/crentassos.com.br\/blog\/wp-content\/uploads\/2016\/03\/secosmolhados.jpg\",\"width\":580,\"height\":350},{\"@type\":\"BreadcrumbList\",\"@id\":\"https:\/\/crentassos.com.br\/blog\/2016\/03\/musicas-do-mundo-que-me-edificam-0080-secos-e-molhados-fala.html#breadcrumb\",\"itemListElement\":[{\"@type\":\"ListItem\",\"position\":1,\"name\":\"Home\",\"item\":\"https:\/\/crentassos.com.br\/blog\/\"},{\"@type\":\"ListItem\",\"position\":2,\"name\":\"M\u00fasicas do Mundo que Me Edificam #0080 \u2013 Secos e Molhados \u2013 Fala\"}]},{\"@type\":\"WebSite\",\"@id\":\"https:\/\/crentassos.com.br\/blog\/#website\",\"url\":\"https:\/\/crentassos.com.br\/blog\/\",\"name\":\"Crentassos Produ\u00e7\u00f5es Subversivas\",\"description\":\"Podcast Crist\u00e3o, Podcrent, Da Prateleira, Artigos crist\u00e3os, Teologia, Estudos, Textos B\u00edblicos\",\"publisher\":{\"@id\":\"https:\/\/crentassos.com.br\/blog\/#organization\"},\"potentialAction\":[{\"@type\":\"SearchAction\",\"target\":{\"@type\":\"EntryPoint\",\"urlTemplate\":\"https:\/\/crentassos.com.br\/blog\/?s={search_term_string}\"},\"query-input\":{\"@type\":\"PropertyValueSpecification\",\"valueRequired\":true,\"valueName\":\"search_term_string\"}}],\"inLanguage\":\"pt-BR\"},{\"@type\":\"Organization\",\"@id\":\"https:\/\/crentassos.com.br\/blog\/#organization\",\"name\":\"Crentassos Produ\u00e7\u00f5es Subversivas\",\"url\":\"https:\/\/crentassos.com.br\/blog\/\",\"logo\":{\"@type\":\"ImageObject\",\"inLanguage\":\"pt-BR\",\"@id\":\"https:\/\/crentassos.com.br\/blog\/#\/schema\/logo\/image\/\",\"url\":\"https:\/\/crentassos.com.br\/blog\/wp-content\/uploads\/2020\/05\/cropped-crentassos1-300x300png.png\",\"contentUrl\":\"https:\/\/crentassos.com.br\/blog\/wp-content\/uploads\/2020\/05\/cropped-crentassos1-300x300png.png\",\"width\":300,\"height\":300,\"caption\":\"Crentassos Produ\u00e7\u00f5es Subversivas\"},\"image\":{\"@id\":\"https:\/\/crentassos.com.br\/blog\/#\/schema\/logo\/image\/\"},\"sameAs\":[\"http:\/\/www.facebook.com\/crentassos\",\"https:\/\/x.com\/crentassos\",\"https:\/\/www.instagram.com\/crentassos\",\"https:\/\/www.youtube.com\/crentassos\"]},{\"@type\":\"Person\",\"@id\":\"https:\/\/crentassos.com.br\/blog\/#\/schema\/person\/7ec3329a98c44e20ccd6cc2c9e18acbd\",\"name\":\"Cristiano Machado\",\"image\":{\"@type\":\"ImageObject\",\"inLanguage\":\"pt-BR\",\"@id\":\"https:\/\/crentassos.com.br\/blog\/#\/schema\/person\/image\/\",\"url\":\"https:\/\/secure.gravatar.com\/avatar\/3e7427d384f99d15935b3008477c324124816869ceb70e362e586dcccdb265bf?s=96&d=retro&r=g\",\"contentUrl\":\"https:\/\/secure.gravatar.com\/avatar\/3e7427d384f99d15935b3008477c324124816869ceb70e362e586dcccdb265bf?s=96&d=retro&r=g\",\"caption\":\"Cristiano Machado\"},\"description\":\"Cristiano Machado \u00e9 o culpado pelo inicio do COLETIVO CRENTASSOS PRODU\u00c7\u00d5ES SUBVERSIVAS e atua como auxiliar de cirurgi\u00e3o barbeiro, tocando o bumbo, jogando malabares, preparando o elixir, costurando amputa\u00e7\u00f5es e demais atividades relacionadas \u00e0 sua ocupa\u00e7\u00e3o. Pensa n\u00e3o vida em forma de pergunta e nunca de resposta, e tem um profundo sentimento de gratid\u00e3o e amor por sua esposa e filha. Religi\u00e3o: Crist\u00e3o Protestante Reformando-se Estado Civil: Inteiramente apaixonado\",\"sameAs\":[\"http:\/\/crentassos.com.br\/blog\"],\"url\":\"https:\/\/crentassos.com.br\/blog\/author\/o_cristiano\"}]}<\/script>\n<!-- \/ Yoast SEO plugin. -->","yoast_head_json":{"title":"M\u00fasicas do Mundo que Me Edificam #0080 \u2013 Secos e Molhados \u2013 Fala - Crentassos Produ\u00e7\u00f5es Subversivas","robots":{"index":"index","follow":"follow","max-snippet":"max-snippet:-1","max-image-preview":"max-image-preview:large","max-video-preview":"max-video-preview:-1"},"canonical":"https:\/\/crentassos.com.br\/blog\/2016\/03\/musicas-do-mundo-que-me-edificam-0080-secos-e-molhados-fala.html","og_locale":"pt_BR","og_type":"article","og_title":"M\u00fasicas do Mundo que Me Edificam #0080 \u2013 Secos e Molhados \u2013 Fala - Crentassos Produ\u00e7\u00f5es Subversivas","og_description":"Ol\u00e1&#8230; Vc gosta de Secos e Molhados? Bem, talvez vc nem tem ouvido falar deles, pois trata-se de uma banda dos prim\u00f3rdios [&hellip;]","og_url":"https:\/\/crentassos.com.br\/blog\/2016\/03\/musicas-do-mundo-que-me-edificam-0080-secos-e-molhados-fala.html","og_site_name":"Crentassos Produ\u00e7\u00f5es Subversivas","article_publisher":"http:\/\/www.facebook.com\/crentassos","article_published_time":"2016-03-22T05:27:13+00:00","article_modified_time":"2016-04-24T12:01:09+00:00","og_image":[{"width":580,"height":350,"url":"https:\/\/crentassos.com.br\/blog\/wp-content\/uploads\/2016\/03\/secosmolhados.jpg","type":"image\/jpeg"}],"author":"Cristiano Machado","twitter_card":"summary_large_image","twitter_creator":"@crentassos","twitter_site":"@crentassos","twitter_misc":{"Escrito por":"Cristiano Machado","Est. tempo de leitura":"1 minuto"},"schema":{"@context":"https:\/\/schema.org","@graph":[{"@type":"Article","@id":"https:\/\/crentassos.com.br\/blog\/2016\/03\/musicas-do-mundo-que-me-edificam-0080-secos-e-molhados-fala.html#article","isPartOf":{"@id":"https:\/\/crentassos.com.br\/blog\/2016\/03\/musicas-do-mundo-que-me-edificam-0080-secos-e-molhados-fala.html"},"author":{"name":"Cristiano Machado","@id":"https:\/\/crentassos.com.br\/blog\/#\/schema\/person\/7ec3329a98c44e20ccd6cc2c9e18acbd"},"headline":"M\u00fasicas do Mundo que Me Edificam #0080 \u2013 Secos e Molhados \u2013 Fala","datePublished":"2016-03-22T05:27:13+00:00","dateModified":"2016-04-24T12:01:09+00:00","mainEntityOfPage":{"@id":"https:\/\/crentassos.com.br\/blog\/2016\/03\/musicas-do-mundo-que-me-edificam-0080-secos-e-molhados-fala.html"},"wordCount":299,"commentCount":0,"publisher":{"@id":"https:\/\/crentassos.com.br\/blog\/#organization"},"image":{"@id":"https:\/\/crentassos.com.br\/blog\/2016\/03\/musicas-do-mundo-que-me-edificam-0080-secos-e-molhados-fala.html#primaryimage"},"thumbnailUrl":"https:\/\/crentassos.com.br\/blog\/wp-content\/uploads\/2016\/03\/secosmolhados.jpg","keywords":["fala","musicas do mundo que me edificam","ney matogrosso","secos e molhados"],"articleSection":["Artigos","M\u00fasicas do Mundo que Me Edificam"],"inLanguage":"pt-BR","potentialAction":[{"@type":"CommentAction","name":"Comment","target":["https:\/\/crentassos.com.br\/blog\/2016\/03\/musicas-do-mundo-que-me-edificam-0080-secos-e-molhados-fala.html#respond"]}]},{"@type":"WebPage","@id":"https:\/\/crentassos.com.br\/blog\/2016\/03\/musicas-do-mundo-que-me-edificam-0080-secos-e-molhados-fala.html","url":"https:\/\/crentassos.com.br\/blog\/2016\/03\/musicas-do-mundo-que-me-edificam-0080-secos-e-molhados-fala.html","name":"M\u00fasicas do Mundo que Me Edificam #0080 \u2013 Secos e Molhados \u2013 Fala - Crentassos Produ\u00e7\u00f5es Subversivas","isPartOf":{"@id":"https:\/\/crentassos.com.br\/blog\/#website"},"primaryImageOfPage":{"@id":"https:\/\/crentassos.com.br\/blog\/2016\/03\/musicas-do-mundo-que-me-edificam-0080-secos-e-molhados-fala.html#primaryimage"},"image":{"@id":"https:\/\/crentassos.com.br\/blog\/2016\/03\/musicas-do-mundo-que-me-edificam-0080-secos-e-molhados-fala.html#primaryimage"},"thumbnailUrl":"https:\/\/crentassos.com.br\/blog\/wp-content\/uploads\/2016\/03\/secosmolhados.jpg","datePublished":"2016-03-22T05:27:13+00:00","dateModified":"2016-04-24T12:01:09+00:00","breadcrumb":{"@id":"https:\/\/crentassos.com.br\/blog\/2016\/03\/musicas-do-mundo-que-me-edificam-0080-secos-e-molhados-fala.html#breadcrumb"},"inLanguage":"pt-BR","potentialAction":[{"@type":"ReadAction","target":["https:\/\/crentassos.com.br\/blog\/2016\/03\/musicas-do-mundo-que-me-edificam-0080-secos-e-molhados-fala.html"]}]},{"@type":"ImageObject","inLanguage":"pt-BR","@id":"https:\/\/crentassos.com.br\/blog\/2016\/03\/musicas-do-mundo-que-me-edificam-0080-secos-e-molhados-fala.html#primaryimage","url":"https:\/\/crentassos.com.br\/blog\/wp-content\/uploads\/2016\/03\/secosmolhados.jpg","contentUrl":"https:\/\/crentassos.com.br\/blog\/wp-content\/uploads\/2016\/03\/secosmolhados.jpg","width":580,"height":350},{"@type":"BreadcrumbList","@id":"https:\/\/crentassos.com.br\/blog\/2016\/03\/musicas-do-mundo-que-me-edificam-0080-secos-e-molhados-fala.html#breadcrumb","itemListElement":[{"@type":"ListItem","position":1,"name":"Home","item":"https:\/\/crentassos.com.br\/blog\/"},{"@type":"ListItem","position":2,"name":"M\u00fasicas do Mundo que Me Edificam #0080 \u2013 Secos e Molhados \u2013 Fala"}]},{"@type":"WebSite","@id":"https:\/\/crentassos.com.br\/blog\/#website","url":"https:\/\/crentassos.com.br\/blog\/","name":"Crentassos Produ\u00e7\u00f5es Subversivas","description":"Podcast Crist\u00e3o, Podcrent, Da Prateleira, Artigos crist\u00e3os, Teologia, Estudos, Textos B\u00edblicos","publisher":{"@id":"https:\/\/crentassos.com.br\/blog\/#organization"},"potentialAction":[{"@type":"SearchAction","target":{"@type":"EntryPoint","urlTemplate":"https:\/\/crentassos.com.br\/blog\/?s={search_term_string}"},"query-input":{"@type":"PropertyValueSpecification","valueRequired":true,"valueName":"search_term_string"}}],"inLanguage":"pt-BR"},{"@type":"Organization","@id":"https:\/\/crentassos.com.br\/blog\/#organization","name":"Crentassos Produ\u00e7\u00f5es Subversivas","url":"https:\/\/crentassos.com.br\/blog\/","logo":{"@type":"ImageObject","inLanguage":"pt-BR","@id":"https:\/\/crentassos.com.br\/blog\/#\/schema\/logo\/image\/","url":"https:\/\/crentassos.com.br\/blog\/wp-content\/uploads\/2020\/05\/cropped-crentassos1-300x300png.png","contentUrl":"https:\/\/crentassos.com.br\/blog\/wp-content\/uploads\/2020\/05\/cropped-crentassos1-300x300png.png","width":300,"height":300,"caption":"Crentassos Produ\u00e7\u00f5es Subversivas"},"image":{"@id":"https:\/\/crentassos.com.br\/blog\/#\/schema\/logo\/image\/"},"sameAs":["http:\/\/www.facebook.com\/crentassos","https:\/\/x.com\/crentassos","https:\/\/www.instagram.com\/crentassos","https:\/\/www.youtube.com\/crentassos"]},{"@type":"Person","@id":"https:\/\/crentassos.com.br\/blog\/#\/schema\/person\/7ec3329a98c44e20ccd6cc2c9e18acbd","name":"Cristiano Machado","image":{"@type":"ImageObject","inLanguage":"pt-BR","@id":"https:\/\/crentassos.com.br\/blog\/#\/schema\/person\/image\/","url":"https:\/\/secure.gravatar.com\/avatar\/3e7427d384f99d15935b3008477c324124816869ceb70e362e586dcccdb265bf?s=96&d=retro&r=g","contentUrl":"https:\/\/secure.gravatar.com\/avatar\/3e7427d384f99d15935b3008477c324124816869ceb70e362e586dcccdb265bf?s=96&d=retro&r=g","caption":"Cristiano Machado"},"description":"Cristiano Machado \u00e9 o culpado pelo inicio do COLETIVO CRENTASSOS PRODU\u00c7\u00d5ES SUBVERSIVAS e atua como auxiliar de cirurgi\u00e3o barbeiro, tocando o bumbo, jogando malabares, preparando o elixir, costurando amputa\u00e7\u00f5es e demais atividades relacionadas \u00e0 sua ocupa\u00e7\u00e3o. Pensa n\u00e3o vida em forma de pergunta e nunca de resposta, e tem um profundo sentimento de gratid\u00e3o e amor por sua esposa e filha. Religi\u00e3o: Crist\u00e3o Protestante Reformando-se Estado Civil: Inteiramente apaixonado","sameAs":["http:\/\/crentassos.com.br\/blog"],"url":"https:\/\/crentassos.com.br\/blog\/author\/o_cristiano"}]}},"_links":{"self":[{"href":"https:\/\/crentassos.com.br\/blog\/wp-json\/wp\/v2\/posts\/12273","targetHints":{"allow":["GET"]}}],"collection":[{"href":"https:\/\/crentassos.com.br\/blog\/wp-json\/wp\/v2\/posts"}],"about":[{"href":"https:\/\/crentassos.com.br\/blog\/wp-json\/wp\/v2\/types\/post"}],"author":[{"embeddable":true,"href":"https:\/\/crentassos.com.br\/blog\/wp-json\/wp\/v2\/users\/9"}],"replies":[{"embeddable":true,"href":"https:\/\/crentassos.com.br\/blog\/wp-json\/wp\/v2\/comments?post=12273"}],"version-history":[{"count":1,"href":"https:\/\/crentassos.com.br\/blog\/wp-json\/wp\/v2\/posts\/12273\/revisions"}],"predecessor-version":[{"id":12275,"href":"https:\/\/crentassos.com.br\/blog\/wp-json\/wp\/v2\/posts\/12273\/revisions\/12275"}],"wp:featuredmedia":[{"embeddable":true,"href":"https:\/\/crentassos.com.br\/blog\/wp-json\/wp\/v2\/media\/12274"}],"wp:attachment":[{"href":"https:\/\/crentassos.com.br\/blog\/wp-json\/wp\/v2\/media?parent=12273"}],"wp:term":[{"taxonomy":"category","embeddable":true,"href":"https:\/\/crentassos.com.br\/blog\/wp-json\/wp\/v2\/categories?post=12273"},{"taxonomy":"post_tag","embeddable":true,"href":"https:\/\/crentassos.com.br\/blog\/wp-json\/wp\/v2\/tags?post=12273"}],"curies":[{"name":"wp","href":"https:\/\/api.w.org\/{rel}","templated":true}]}}