{"id":11402,"date":"2015-03-05T11:01:00","date_gmt":"2015-03-05T14:01:00","guid":{"rendered":"http:\/\/crentassos.com.br\/blog\/?p=11402"},"modified":"2015-03-05T21:03:59","modified_gmt":"2015-03-06T00:03:59","slug":"sobre-a-tal-musica-do-mundo","status":"publish","type":"post","link":"https:\/\/crentassos.com.br\/blog\/2015\/03\/sobre-a-tal-musica-do-mundo.html","title":{"rendered":"Sobre a tal musica do mundo"},"content":{"rendered":"<figure id=\"61a2\"><img loading=\"lazy\" decoding=\"async\" class=\"alignleft\" style=\"line-height: 1.5em;\" alt=\"\" src=\"https:\/\/d262ilb51hltx0.cloudfront.net\/max\/800\/1*0HN8ZO8hxsa4xguRTSuo5Q.gif\" width=\"350\" height=\"180\" data-image-id=\"1*0HN8ZO8hxsa4xguRTSuo5Q.gif\" data-width=\"500\" data-height=\"257\" \/><\/figure>\n<h1 id=\"bcd4\"><\/h1>\n<p id=\"45e9\">Pode parecer meio estranho, mas ainda hoje, seculo XXI, tem gente questionando o qu\u00e3o pecaminoso \u00e9 ouvir musicas do mundo, doravante, chamadas,\u00a0<strong>musicas seculares<\/strong>, para fins did\u00e1ticos. Pode parecer bobagem, mas pasmem, n\u00e3o \u00e9, pois esse tipo de duvida gera muita confus\u00e3o e nas m\u00e3os de lideres mal intencionados, jovens podem acabar tendo problemas muito maiores do que simplesmente deixar de ouvir essa ou aquela banda e \u00e9 sobre isso que tentarei, no limite do meu entendimento, comentar neste texto.<\/p>\n<h1 id=\"e761\">MUSICA EVANG\u00c9LICA?<\/h1>\n<p id=\"880b\">A tal MUSICA SECULAR, para os que n\u00e3o est\u00e3o familiarizados com o assunto, \u00e9 nada mais nada menos que as musicas que n\u00e3o s\u00e3o do repertorio comum das igrejas evang\u00e9licas, ou seja: Qualquer musica que n\u00e3o seja EVANG\u00c9LICA \u00e9 uma musica do secular\u2026 Bem, mas vamos caminhar lentamente, para construirmos uma unidade de entendimento antes de concluir no SIM ou N\u00c3O final, nos questionando: O QUE \u00c9 UMA MUSICA EVANG\u00c9LICA?<\/p>\n<p id=\"2407\">No Brasil, equivocamente, chamamos colocamos todos os crist\u00e3o associados a grupos oriundos direta ou indiretamente da reforma, de EVANG\u00c9LICOS, o que n\u00e3o chega a ser um problema a n\u00e3o ser pelo caso de que acaba dissociando os CAT\u00d3LICOS ROMANOS e ESPIRITAS KARDECISTAS (para dar apenas dois exemplos) do evangelho de Cristo. Independentemente do julgamento que fa\u00e7amos sobre a interpreta\u00e7\u00e3o desses grupos ao evangelho, \u00e9 fato. ESTES TAMB\u00c9M S\u00c3O EVANG\u00c9LICOS no sentido mais ralo da palavra, eles tamb\u00e9m se utilizam do evangelho para fundamentar sua f\u00e9, mesmo que n\u00e3o exclusivamente. Assim, no senso comum, entendemos por EVANG\u00c9LICO todo aquele que \u00e9 convertido \u00e0 f\u00e9 PROTESTANTE, (seja qual for a linha que a institui\u00e7\u00e3o em que est\u00e1 ligado siga) ou por tudo aquilo que \u00e9 referente a essa religi\u00e3o e nesse segundo ponto \u00e9 que temos mais um problema.<\/p>\n<p id=\"183b\">Algumas das IGREJAS EVANG\u00c9LICAS contempor\u00e2neas s\u00e3o o que antrop\u00f3logos chamariam de SINCRETISMO RELIGIOSO, a reuni\u00e3o de doutrinas diferentes, com a manuten\u00e7\u00e3o embora de tra\u00e7os percept\u00edveis das doutrinas originais, entre o PROTESTANTISMO o JUDA\u00cdSMO e RELIGI\u00d5ES DE MATRIZ AFRICANA. De modo bem geral, (antes de qualquer coisa, n\u00e3o estou reduzindo nenhuma das religi\u00f5es aos coment\u00e1rios que fiz, apenas afirmando que no sincretismo que aponto, apenas esses aspectos de cada religi\u00e3o \u00e9 apropriado pelo agente sincr\u00e9tico) temos a INSTITUI\u00c7\u00c3O CRIST\u00c3 PROTESTANTE com os S\u00cdMBOLOS E ALGUNS RITUAIS JUDAICOS com o objetivo de auxiliar ou motivar entidades superiores a atuar de modo a serem beneficiados a partir dos rituais prestados.<\/p>\n<p id=\"bc0c\">Da tradi\u00e7\u00e3o JUDAICA vem tamb\u00e9m o habito de ungir utens\u00edlios para exclusiva dedica\u00e7\u00e3o ao templos (Algo que n\u00e3o vemos orienta\u00e7\u00e3o direta de Jesus sobre isso, ou mesmo qualquer men\u00e7\u00e3o no novo testamento). Ungindo objetos como pr\u00e9dios ou instrumentos musicas, assim como, ungindo propriedades imateriais, como musicas, e a\u00ed surgem as musicas EVANG\u00c9LICAS.<\/p>\n<p id=\"bc76\">Mas os EVANG\u00c9LICOS deveriam ser aqueles que, antes de qualquer coisa, motivados por um evento sobrenatural ou uma decis\u00e3o pessoal (indiretamente, tamb\u00e9m um evento sobre natural) resolveram aderir a uma nova pratica \u00e9tica\/espiritual que anuncia a boa noticia que est\u00e1 na raiz do termo EVANGELHO e c\u00e1, entre n\u00f3s, objetos ou musica n\u00e3o aderem a uma nova perspectiva \u00e9tica\/espiritual mas podem ser utilizados para anunciar essa boa noticia. Isso tornaria um objeto ou uma musica, EVANG\u00c9LICOS? Um microfone evang\u00e9lico s\u00f3 amplifica a voz de quem anuncia o evangelho? um pr\u00e9dio evang\u00e9lico s\u00f3 abriga pessoas que anunciam o evangelho? \u00c9 \u00f3bvio que n\u00e3o, pois o microfone e o templo, n\u00e3o tem decis\u00f5es pr\u00f3prias, e est\u00e3o completamente subjugados a decis\u00e3o daquele que os opera ou mantem e assim, s\u00e3o tamb\u00e9m as musicas. \u00c9 claro que poesias musicadas, tem uma mensagem contida, mas n\u00e3o tem uma santidade em si mesmas. se considerarmos que musicas que falam de JESUS s\u00e3o musicas EVANG\u00c9LICAS ter\u00edamos que colocar muitas musicas que n\u00e3o est\u00e3o no repertorio evang\u00e9lico, como a musica JESUS CRISTO do Roberto Carlos, por exemplo, e isso faria com que alguns ficassem de cabelo em p\u00e9. Se considerarmos a forma\u00e7\u00e3o religiosa do autor da musica, ter\u00edamos outro problema: Como julgar o cora\u00e7\u00e3o de quem comp\u00f4s a musica? temos condi\u00e7\u00f5es espirituais para isso? Como fazer isso sem ser injusto, ou pior, sem ser herege?<\/p>\n<h1 id=\"c4ea\">Quem resolve esse problema?<\/h1>\n<p id=\"da58\">Diante do problema apresentado, surge a solu\u00e7\u00e3o mais r\u00e1pida, f\u00e1cil e objetiva: N\u00c3O DECIDA, DEIXE ALGU\u00c9M DECIDIR POR VOC\u00ca. Pronto, todos os seus problemas acabaram\u2026 Ou n\u00e3o! Na verdade, em muitos aspectos da nossa vida enquanto sociedade, quando um adulto opta por abrir m\u00e3o da decis\u00e3o e confere-a a um representante, acabamos por reconhecer nossa insufici\u00eancia intelectual (o que n\u00e3o chega a ser um problema) e a nossa completa falta de autonomia diante da nossa pr\u00f3pria vida (esse sim \u00e9 um grande problema), haja visto nossa \u201cDEMOCRACIA REPRESENTATIVA\u201d. Sobre a insufici\u00eancia intelectual, veja, tentarei ser bem simples: Ningu\u00e9m \u00e9 obrigado a saber tudo ou mesmo a ser inteligente\u2026N\u00e3o \u00e9 uma ofensa ou defici\u00eancia n\u00e3o ter algum tipo de conhecimento especifico em determinada \u00e1rea, de maneira geral, todos somos ignorantes nalguns assuntos assim como especialistas em outros, contudo, abrir m\u00e3o da nossa autonomia enquanto seres humanos, \u00e9 sim um problema muito grave, seja voc\u00ea inteligente ou n\u00e3o. Quando voc\u00ea, conscientemente autoriza algu\u00e9m a decidir que tipo de roupa deve usar, musica deve ouvir, filmes por assistir, jornais, livros ou revistas deve ler, saiba que em breve, esse algu\u00e9m estar\u00e1 ditando onde voc\u00ea deve gastar seu dinheiro, qual candidato deve votar e por a\u00ed em diante, e fatalmente voc\u00ea estar\u00e1 colaborando para o surgimento de um tirano, como os muitos que vemos liderando as supracitadas igrejas sincr\u00e9ticas e at\u00e9 outras institui\u00e7\u00f5es religiosas.<\/p>\n<p id=\"d1c0\">Pois \u00e9, um \u201cpastor\u201d que define qual \u00e9 o tipo de musica que voc\u00ea deve ouvir, qual \u00e9 o tipo de roupa que voc\u00ea deve, usando de chantagens e amea\u00e7as de uma suposta for\u00e7a superior, n\u00e3o \u00e9 um pastor no sentido b\u00edblico, mas um TIRANO que manipula pessoas para acumular poder ou at\u00e9 mesmo dinheiro para si. Essa tirania \u00e9 um ciclo, pois quanto mais as pessoas se entregam a ele, mais ele se entende como tal e num ciclo que s\u00f3 \u00e9 quebrado pela consci\u00eancia de que o cristianismo n\u00e3o \u00e9 uma religi\u00e3o que prega a depend\u00eancia de um l\u00edder, mas uma comunidade de rela\u00e7\u00e3o entre iguais.<\/p>\n<p id=\"4ba4\">A posi\u00e7\u00e3o do pastor, em decis\u00f5es como essa deve ser a de um orientador que explana de maneira honesta todas as possibilidades que ele encontra e assim, viabilizar a possibilidade de que cada membro da sua igreja tome a melhor decis\u00e3o pra si e partindo dessa l\u00f3gica, tentarei expor os pontos que me parecem mais expl\u00edcitos e tratar um pouco sobre eles.<\/p>\n<figure id=\"f2db\">\n<div>\n<div><\/div>\n<p><img decoding=\"async\" alt=\"\" src=\"https:\/\/d262ilb51hltx0.cloudfront.net\/max\/956\/1*qCWIklhmsWKdzdO3wzdQ6g.jpeg\" data-image-id=\"1*qCWIklhmsWKdzdO3wzdQ6g.jpeg\" data-width=\"956\" data-height=\"500\" data-action=\"zoom\" data-action-value=\"1*qCWIklhmsWKdzdO3wzdQ6g.jpeg\" \/><\/p>\n<\/div><figcaption>\u201cNo Brasil, m\u00fasica e f\u00e9 podem estar juntas\u201d, diz freira do \u201cThe Voice\u201d<a href=\"http:\/\/musica.uol.com.br\/noticias\/bbc\/2014\/11\/05\/no-brasil-musica-e-fe-podem-estar-juntas-diz-freira-do-the-voice.htm\" target=\"_blank\" rel=\"nofollow\" data-href=\"http:\/\/musica.uol.com.br\/noticias\/bbc\/2014\/11\/05\/no-brasil-musica-e-fe-podem-estar-juntas-diz-freira-do-the-voice.htm\">http:\/\/musica.uol.com.br\/noticias\/bbc\/2014\/11\/05\/no-brasil-musica-e-fe-podem-estar-juntas-diz-freira-do-the-voice.htm<\/a><\/figcaption><\/figure>\n<h2 id=\"00a7\">1. Musicas do mundo podem influenciar minha f\u00e9?<\/h2>\n<p id=\"5dad\">Sim\u2026 Com certeza! A nossa f\u00e9 n\u00e3o \u00e9 um valor est\u00e1tico que recebemos num dado momento e que nunca se altera na nossa vida. As vezes estamos mais confiantes e outras mais temerosos, as vezes estamos dispostos a enfrentar o ISIS e as vezes n\u00e3o temos coragem nem de assumir que somos crist\u00e3os aos colegas de trabalho. Essas express\u00f5es s\u00e3o vari\u00e1veis entre cada crist\u00e3o e cada crist\u00e3o tem sua f\u00e9 variando ao longo da sua vida e s\u00e3o tantos os motivos que n\u00e3o bastaria um texto como esse para enumera-los. Nosso animo \u00e9 vari\u00e1vel e nossa f\u00e9 varia com ele numa matem\u00e1tica t\u00e3o imprecisa que \u00e9 imposs\u00edvel definir uma formula ou fun\u00e7\u00e3o que desenhe o gr\u00e1fico \u00e2nimo x f\u00e9. Alguns ao sofrerem uma desilus\u00e3o amorosa, a morte de uma pessoa querida, um golpe financeiro, um acidente, acabam por culpar Deus, outros acabam por se tornar fervorosos crist\u00e3os, como explicar? Ora\u2026 Somos seres humanos e n\u00e3o rob\u00f4s, assim, a explica\u00e7\u00e3o \u00e9 s\u00f3 uma: N\u00e3o tem explica\u00e7\u00e3o. e musicas assim como qualquer pe\u00e7a art\u00edstica, pode despertar tanto sentimentos bons, quanto sentimentos ruins em cada um de n\u00f3s, segundo nossas experi\u00eancias anteriores, segundo o momento em que estamos vivendo em nossas vidas e por a\u00ed vai, logo: a resposta \u00e9 SIM, na minha singela opini\u00e3o.<\/p>\n<h2 id=\"4585\">2. Ent\u00e3o n\u00e3o posso ouvir musica que n\u00e3o fale de Jesus?<\/h2>\n<p id=\"747b\">\u00a0Oi? De onde voc\u00ea tirou essa ideia? Um Crist\u00e3o s\u00f3 pode consumir arte que tenha referencias ao cristianismo? Essa ideia \u00e9 um absurdo e remonta a quest\u00e3o problem\u00e1tica dos TIRANOS que costumeiramente chamamos de pastores. o mundo inteiro foi feito por Deus para o homem usufruir e cuidar, toda express\u00e3o de beleza e de bondade s\u00f3 podem vir de Deus, direta ou indiretamente e sendo assim, a arte, seja ela qual for, n\u00e3o precisa necessariamente ter referencias crist\u00e3s EXPLICITAS para ser boa, ela precisa \u00e9 simplesmente ser BELA, pois toda beleza j\u00e1 \u00e9 fruto de DEUS. Mas a\u00ed, cabe pensarmos um pouco mais profundo sobre o caso.<\/p>\n<figure id=\"79ab\">\n<div><\/div>\n<h2><img loading=\"lazy\" decoding=\"async\" class=\"alignright\" alt=\"\" src=\"https:\/\/d262ilb51hltx0.cloudfront.net\/max\/450\/1*_ttCfq2ZfBeELAvSwUtRLA.jpeg\" width=\"450\" height=\"338\" data-image-id=\"1*_ttCfq2ZfBeELAvSwUtRLA.jpeg\" data-width=\"450\" data-height=\"338\" data-action=\"zoom\" data-action-value=\"1*_ttCfq2ZfBeELAvSwUtRLA.jpeg\" \/><\/h2><figcaption style=\"display: inline !important;\"><span style=\"font-size: 1em; line-height: 1.5em;\">3. Bem, se tudo que \u00e9 belo vem de Deus e o conceito est\u00e9tico n\u00e3o precisa de argumentos, tudo que eu gosto \u00e9 de Deus?<\/span><\/figcaption><\/figure>\n<p id=\"bb4b\">\u00a0O conceito est\u00e9tico realmente n\u00e3o precisa de argumentos e esse \u00e9 um problema grave para julgarmos o que \u00e9 bom ou ruim em se tratando de pe\u00e7as art\u00edsticas, contudo, em se tratando de CERTO ou ERRADO, temos um c\u00e2non ao qual nos curvamos diante de quest\u00f5es \u00c9TICAS e n\u00e3o mais EST\u00c9TICAS; Como um crist\u00e3o pode julgar se uma musica \u00e9 CERTA ou ERRADA? Ora, analisando se os valores descritos na musica s\u00e3o ou n\u00e3o compat\u00edveis com os valores propagados por Cristo nos evangelhos ou n\u00e3o. Agora, cabe a cada crist\u00e3o, conhecer a b\u00edblia, conhecer o texto do evangelho e n\u00e3o engolir piamente as informa\u00e7\u00f5es que qualquer PASTOR ou TIRANO lhe entrega, \u00e9 urgente a necessidade de que crist\u00e3os voltem a ler a b\u00edblia, abrindo m\u00e3o de seus preconceitos, dogmas e tradi\u00e7\u00f5es.<\/p>\n<h2 id=\"ae2f\">4. Ok, barba, mas o que VOC\u00ca acha?<\/h2>\n<p id=\"cf5e\">\u00a0Acho que se pud\u00e9ssemos definir o REINO DE DEUS, a defini\u00e7\u00e3o seria: Um local ou situa\u00e7\u00e3o onde TUDO que acontece \u00e9 motivado pela vontade de Deus, e a vontade de Deus \u00e9 a VIDA antes de qualquer coisa, logo, todo lugar ou situa\u00e7\u00e3o que viabiliza ou promove a vida est\u00e1 dentro do reino de Deus. Ent\u00e3o, acredito que poesias musicadas que v\u00e3o contra os valores crist\u00e3os essenciais s\u00e3o contr\u00e1rias, ideologicamente, ao o que eu acredito, n\u00e3o s\u00e3o boas para que eu escute, mas n\u00e3o por quest\u00f5es espirituais, como se o dem\u00f4nio ou algo assim, tivesse algum tipo de influencia sobre a minha vida, Eu n\u00e3o escuto musicas que v\u00e3o contra os valores do reino assim como n\u00e3o escuto musicas que s\u00e3o machistas, ou musicas que s\u00e3o racistas, classista ou homof\u00f3bicas, pois, simplesmente, eu DISCORDO desses valores.<\/p>\n<div>\n<h1>\u00a0<span style=\"font-size: 1em; line-height: 1.5em;\">Mas, antes de concluir\u2026<\/span><\/h1>\n<\/div>\n<p id=\"2530\">Bem, vamos falar um pouco sobre musica dita evang\u00e9lica, ou\u00a0, musica oriunda do MERCADO GOSPEL.<\/p>\n<p id=\"e8ce\">\u00c9 interessante salientar que a palavra GOSPEL (derivada do ingl\u00eas antigo \u201cGod-spell\u201d que significa\u00a0<em>good tidings<\/em>, ou\u00a0<em>good news<\/em>, em portugu\u00eas, \u201cboas novas,\u201d aludindo ao Evangelho b\u00edblico que nos narra as \u201cboas novas ao mundo\u201d\u200a\u2014\u200aou seja, a vinda de Cristo ao Mundo\u200a\u2014\u200awiki) \u00e9 extra\u00edda dos estados unidos, de um ritmo musical das igrejas de negros desse pa\u00eds, e vem para o Brasil como sin\u00f4nimo de\u00a0<strong>musica crist\u00e3 contempor\u00e2nea\u00a0<\/strong>e at\u00e9 a\u00ed, nada de novo, pois at\u00e9 o evangelho que foi pregado aqui no Brasil, na sua maioria tem esse estigma, um avan\u00e7o imperialista, que tr\u00e1s a boa-nova somada ao estilo de vida do evangelista e todos os seus valores culturais. Ao pousar em terras brasileiras, o termo gospel deixa de ser um ritmo musical e toma propor\u00e7\u00e3o de movimento cultural, e d\u00e1 origem ao mais variado leque de PRODUTOS gospel, como livros, roupas, adesivos para carro com frases b\u00edblicas descontextualizadas e todo tipo de bugigangas evang\u00e9licas, para gerar lucro e, n\u00e3o sejamos injustos, criar uma identidade cultural dos evang\u00e9licos do Brasil. A cria\u00e7\u00e3o de uma identidade evang\u00e9lica \u00e9 efetivamente um problema num pais multicultural como o Brasil, mesmo outras express\u00f5es religiosas tem suas diferen\u00e7as entre os estados, assim como todo tipo de ideologia que se possa imaginar, acabam por se dividir em varias formas de se manifestar. At\u00e9 a\u00ed, sem problemas, ainda, mas\u2026 (e sempre tem um \u201cmas\u201d, n\u00e9)<\/p>\n<p id=\"3e3d\">Quando empreendedores evang\u00e9licos os quais equivocadamente chamamos de pastores, acabam se utilizando da influencia que tem sob seu rebanho com o fim de direcionar qual o tipo de arte, roupas, etc, eles tem que consumir, tornando-se com isso, tiranos e n\u00e3o pastores, eles acabam por criar, um grupo que est\u00e1 pouqu\u00edssimo interessando na constru\u00e7\u00e3o da identidade crist\u00e3o-evang\u00e9lica-brasileira, e muito mais interessado em lucrar muito com isso\u2026 acompanhe comigo o racioc\u00ednio.<\/p>\n<p id=\"d27b\">Supondo que existam duas marcas de ACHOCOLATADO, um INES-CAL e o REVOL-TODDY e vivendo num sistema capitalista, as empresas que os produzem e distribuem acabam por competir pelo mercado, melhorando a qualidade do produto, diminuindo o pre\u00e7o ou agregando outros valores aos produtos, como brinquedos ou coisas assim\u2026 Por mais que o sistema capitalista seja digno de muitas criticas, as regras do jogo s\u00e3o essas\u2026 mas vamos supor que por algum motivo, a diretoria de marketing do INES-CAL, resolve associar, de maneira sorrateira, o boato de que a REVOL-TODDY tem, no meio de seus acionistas, pessoas envolvidas com pedofilia e distribui\u00e7\u00e3o de material pornogr\u00e1fico com crian\u00e7as e coisa e tal. Convenhamos que a) o fato do cara ser um ped\u00f3filo n\u00e3o influencia em nada a qualidade do achocolatado, entretanto, b) Ningu\u00e9m em s\u00e3 consci\u00eancia, iria querer se associar a um cara como esse (sem entrar no m\u00e9rito de a pedofilia ser uma doen\u00e7a um uma falha de car\u00e1ter de um psicopata). Ora\u2026 Eu mesmo, n\u00e3o iria mais comprar nada dessa empresa, afinal de contas, eu n\u00e3o quero dar dinheiro para um \u201cped\u00f3filo desgra\u00e7ado\u201d. Ora\u2026 na mentalidade m\u00e9dia evang\u00e9lica, o que \u00e9 mais grave? Ser um ped\u00f3filo ou consumir uma coisa \u201cDO DIABO\u201d? Assim, em oposi\u00e7\u00e3o \u00e0s coisas do mundo (entenda como DO DIABO) surgem as coisas DE DEUS, as quais devem ser consumidas para barrar o avan\u00e7o das empresas DO DIABO. Ora\u2026 Em poucas palavras, o termo GOSPEL se tornou uma estrat\u00e9gia mercadol\u00f3gica que se utiliza de maneira leviana do nome de DEUS para manipular pessoas atrav\u00e9s de \u201cpastores\u201d e outros lideres a consumir cada vez mais produtos de um determinado nicho, fazendo com que como numa\u00a0<em>bola de neve<\/em>\u00a0industria gospel e esses \u201cpastores\u201d e lideres, lucrem cada vez mais. \u00c9 claro que isso n\u00e3o \u00e9 exclusividade do n\u00facleo evang\u00e9lico, causa LGBT, NERDS, HIPSTERS e tantos outros grupos que s\u00e3o considerados uma subcultura tamb\u00e9m passam por esse processo, entretanto, nenhum outro grupo destes tem, supostamente, um compromisso com o REINO DE DEUS, aquele que citei a\u00ed no meio do texto e sendo assim, poupando todas as minhas criticas ao capitalismo, visto que esse texto n\u00e3o se refere a isso, LUCRAR com a ignor\u00e2ncia daqueles que confiam em voc\u00ea fiados na esperan\u00e7a de que voc\u00ea \u00e9 um representante de Deus, n\u00e3o \u00e9 uma atitude muito crist\u00e3, alias, se existe alguma coisa de DEMON\u00cdACA nessa ind\u00fastria musical, talvez seja isso mesmo, USAR O NOME DE DEUS PARA LUCRAR E GANHAR PODER.<\/p>\n<h1 id=\"270d\">FINALMENTE, Concluindo<\/h1>\n<p id=\"8b06\">N\u00e3o existe pecado em ouvir boa musica, e ouvir musica ruim n\u00e3o \u00e9 pecado, \u00e9 apenas mal gosto\u2026 Propagar ideias contr\u00e1rias a suas ideologias e cren\u00e7as, n\u00e3o \u00e9 pecado, \u00e9 apenas burrice, abrir m\u00e3o da liberdade que Jesus nos confere, enquanto crist\u00e3os, de decidir o que podemos ou n\u00e3o fazer, \u00e9 retroceder na consci\u00eancia crist\u00e3 e se faz necess\u00e1rio uma ressignifica\u00e7\u00e3o do conceito de crist\u00e3o para si mesmo, enquanto igreja e na comunidade onde se est\u00e1 inserido e se h\u00e1 algum pecado envolvendo a musica gospel ou n\u00e3o, \u00e9 a cria\u00e7\u00e3o de um mercado composto por homens e mulheres que dominam e oprimem pessoas inocentes por conta da confian\u00e7a que essas tem nestes supostos PASTORES e HOMENS-DE-DEUS, doravante, chamados por mim apenas pelo titulo de TIRANOS RELIGIOSOS.<\/p>\n","protected":false},"excerpt":{"rendered":"<p>Pode parecer meio estranho, mas ainda hoje, seculo XXI, tem gente questionando o qu\u00e3o pecaminoso \u00e9 ouvir musicas do mundo, doravante, chamadas,\u00a0musicas [&hellip;]<\/p>\n","protected":false},"author":9,"featured_media":11403,"comment_status":"open","ping_status":"open","sticky":false,"template":"","format":"standard","meta":{"_exactmetrics_skip_tracking":false,"_exactmetrics_sitenote_active":false,"_exactmetrics_sitenote_note":"","_exactmetrics_sitenote_category":0,"footnotes":"","_links_to":"","_links_to_target":""},"categories":[112],"tags":[2757,495,591,1678,1320,1604,2758],"class_list":{"0":"post-11402","1":"post","2":"type-post","3":"status-publish","4":"format-standard","5":"has-post-thumbnail","6":"hentry","7":"category-artigos","8":"tag-compportamento","9":"tag-espiritualidade","10":"tag-gospel","11":"tag-mercado-gospel","12":"tag-musica-gospel","13":"tag-musica-secular","14":"tag-tiranos","16":"post-with-thumbnail","17":"post-with-thumbnail-large"},"yoast_head":"<!-- This site is optimized with the Yoast SEO plugin v27.1.1 - https:\/\/yoast.com\/product\/yoast-seo-wordpress\/ -->\n<title>Sobre a tal musica do mundo - Crentassos Produ\u00e7\u00f5es Subversivas<\/title>\n<meta name=\"robots\" content=\"index, follow, max-snippet:-1, max-image-preview:large, max-video-preview:-1\" \/>\n<link rel=\"canonical\" href=\"https:\/\/crentassos.com.br\/blog\/2015\/03\/sobre-a-tal-musica-do-mundo.html\" \/>\n<meta property=\"og:locale\" content=\"pt_BR\" \/>\n<meta property=\"og:type\" content=\"article\" \/>\n<meta property=\"og:title\" content=\"Sobre a tal musica do mundo - Crentassos Produ\u00e7\u00f5es Subversivas\" \/>\n<meta property=\"og:description\" content=\"Pode parecer meio estranho, mas ainda hoje, seculo XXI, tem gente questionando o qu\u00e3o pecaminoso \u00e9 ouvir musicas do mundo, doravante, chamadas,\u00a0musicas [&hellip;]\" \/>\n<meta property=\"og:url\" content=\"https:\/\/crentassos.com.br\/blog\/2015\/03\/sobre-a-tal-musica-do-mundo.html\" \/>\n<meta property=\"og:site_name\" content=\"Crentassos Produ\u00e7\u00f5es Subversivas\" \/>\n<meta property=\"article:publisher\" content=\"http:\/\/www.facebook.com\/crentassos\" \/>\n<meta property=\"article:published_time\" content=\"2015-03-05T14:01:00+00:00\" \/>\n<meta property=\"article:modified_time\" content=\"2015-03-06T00:03:59+00:00\" \/>\n<meta property=\"og:image\" content=\"https:\/\/crentassos.com.br\/blog\/wp-content\/uploads\/152151_ext_arquivo.jpg\" \/>\n\t<meta property=\"og:image:width\" content=\"450\" \/>\n\t<meta property=\"og:image:height\" content=\"338\" \/>\n\t<meta property=\"og:image:type\" content=\"image\/jpeg\" \/>\n<meta name=\"author\" content=\"Cristiano Machado\" \/>\n<meta name=\"twitter:card\" content=\"summary_large_image\" \/>\n<meta name=\"twitter:creator\" content=\"@crentassos\" \/>\n<meta name=\"twitter:site\" content=\"@crentassos\" \/>\n<meta name=\"twitter:label1\" content=\"Escrito por\" \/>\n\t<meta name=\"twitter:data1\" content=\"Cristiano Machado\" \/>\n\t<meta name=\"twitter:label2\" content=\"Est. tempo de leitura\" \/>\n\t<meta name=\"twitter:data2\" content=\"14 minutos\" \/>\n<script type=\"application\/ld+json\" class=\"yoast-schema-graph\">{\"@context\":\"https:\/\/schema.org\",\"@graph\":[{\"@type\":\"Article\",\"@id\":\"https:\/\/crentassos.com.br\/blog\/2015\/03\/sobre-a-tal-musica-do-mundo.html#article\",\"isPartOf\":{\"@id\":\"https:\/\/crentassos.com.br\/blog\/2015\/03\/sobre-a-tal-musica-do-mundo.html\"},\"author\":{\"name\":\"Cristiano Machado\",\"@id\":\"https:\/\/crentassos.com.br\/blog\/#\/schema\/person\/7ec3329a98c44e20ccd6cc2c9e18acbd\"},\"headline\":\"Sobre a tal musica do mundo\",\"datePublished\":\"2015-03-05T14:01:00+00:00\",\"dateModified\":\"2015-03-06T00:03:59+00:00\",\"mainEntityOfPage\":{\"@id\":\"https:\/\/crentassos.com.br\/blog\/2015\/03\/sobre-a-tal-musica-do-mundo.html\"},\"wordCount\":2828,\"commentCount\":0,\"publisher\":{\"@id\":\"https:\/\/crentassos.com.br\/blog\/#organization\"},\"image\":{\"@id\":\"https:\/\/crentassos.com.br\/blog\/2015\/03\/sobre-a-tal-musica-do-mundo.html#primaryimage\"},\"thumbnailUrl\":\"https:\/\/crentassos.com.br\/blog\/wp-content\/uploads\/152151_ext_arquivo.jpg\",\"keywords\":[\"compportamento\",\"espiritualidade\",\"gospel\",\"mercado gospel\",\"Musica Gospel\",\"musica secular\",\"tiranos\"],\"articleSection\":[\"Artigos\"],\"inLanguage\":\"pt-BR\",\"potentialAction\":[{\"@type\":\"CommentAction\",\"name\":\"Comment\",\"target\":[\"https:\/\/crentassos.com.br\/blog\/2015\/03\/sobre-a-tal-musica-do-mundo.html#respond\"]}]},{\"@type\":\"WebPage\",\"@id\":\"https:\/\/crentassos.com.br\/blog\/2015\/03\/sobre-a-tal-musica-do-mundo.html\",\"url\":\"https:\/\/crentassos.com.br\/blog\/2015\/03\/sobre-a-tal-musica-do-mundo.html\",\"name\":\"Sobre a tal musica do mundo - Crentassos Produ\u00e7\u00f5es Subversivas\",\"isPartOf\":{\"@id\":\"https:\/\/crentassos.com.br\/blog\/#website\"},\"primaryImageOfPage\":{\"@id\":\"https:\/\/crentassos.com.br\/blog\/2015\/03\/sobre-a-tal-musica-do-mundo.html#primaryimage\"},\"image\":{\"@id\":\"https:\/\/crentassos.com.br\/blog\/2015\/03\/sobre-a-tal-musica-do-mundo.html#primaryimage\"},\"thumbnailUrl\":\"https:\/\/crentassos.com.br\/blog\/wp-content\/uploads\/152151_ext_arquivo.jpg\",\"datePublished\":\"2015-03-05T14:01:00+00:00\",\"dateModified\":\"2015-03-06T00:03:59+00:00\",\"breadcrumb\":{\"@id\":\"https:\/\/crentassos.com.br\/blog\/2015\/03\/sobre-a-tal-musica-do-mundo.html#breadcrumb\"},\"inLanguage\":\"pt-BR\",\"potentialAction\":[{\"@type\":\"ReadAction\",\"target\":[\"https:\/\/crentassos.com.br\/blog\/2015\/03\/sobre-a-tal-musica-do-mundo.html\"]}]},{\"@type\":\"ImageObject\",\"inLanguage\":\"pt-BR\",\"@id\":\"https:\/\/crentassos.com.br\/blog\/2015\/03\/sobre-a-tal-musica-do-mundo.html#primaryimage\",\"url\":\"https:\/\/crentassos.com.br\/blog\/wp-content\/uploads\/152151_ext_arquivo.jpg\",\"contentUrl\":\"https:\/\/crentassos.com.br\/blog\/wp-content\/uploads\/152151_ext_arquivo.jpg\",\"width\":450,\"height\":338},{\"@type\":\"BreadcrumbList\",\"@id\":\"https:\/\/crentassos.com.br\/blog\/2015\/03\/sobre-a-tal-musica-do-mundo.html#breadcrumb\",\"itemListElement\":[{\"@type\":\"ListItem\",\"position\":1,\"name\":\"Home\",\"item\":\"https:\/\/crentassos.com.br\/blog\/\"},{\"@type\":\"ListItem\",\"position\":2,\"name\":\"Sobre a tal musica do mundo\"}]},{\"@type\":\"WebSite\",\"@id\":\"https:\/\/crentassos.com.br\/blog\/#website\",\"url\":\"https:\/\/crentassos.com.br\/blog\/\",\"name\":\"Crentassos Produ\u00e7\u00f5es Subversivas\",\"description\":\"Podcast Crist\u00e3o, Podcrent, Da Prateleira, Artigos crist\u00e3os, Teologia, Estudos, Textos B\u00edblicos\",\"publisher\":{\"@id\":\"https:\/\/crentassos.com.br\/blog\/#organization\"},\"potentialAction\":[{\"@type\":\"SearchAction\",\"target\":{\"@type\":\"EntryPoint\",\"urlTemplate\":\"https:\/\/crentassos.com.br\/blog\/?s={search_term_string}\"},\"query-input\":{\"@type\":\"PropertyValueSpecification\",\"valueRequired\":true,\"valueName\":\"search_term_string\"}}],\"inLanguage\":\"pt-BR\"},{\"@type\":\"Organization\",\"@id\":\"https:\/\/crentassos.com.br\/blog\/#organization\",\"name\":\"Crentassos Produ\u00e7\u00f5es Subversivas\",\"url\":\"https:\/\/crentassos.com.br\/blog\/\",\"logo\":{\"@type\":\"ImageObject\",\"inLanguage\":\"pt-BR\",\"@id\":\"https:\/\/crentassos.com.br\/blog\/#\/schema\/logo\/image\/\",\"url\":\"https:\/\/crentassos.com.br\/blog\/wp-content\/uploads\/2020\/05\/cropped-crentassos1-300x300png.png\",\"contentUrl\":\"https:\/\/crentassos.com.br\/blog\/wp-content\/uploads\/2020\/05\/cropped-crentassos1-300x300png.png\",\"width\":300,\"height\":300,\"caption\":\"Crentassos Produ\u00e7\u00f5es Subversivas\"},\"image\":{\"@id\":\"https:\/\/crentassos.com.br\/blog\/#\/schema\/logo\/image\/\"},\"sameAs\":[\"http:\/\/www.facebook.com\/crentassos\",\"https:\/\/x.com\/crentassos\",\"https:\/\/www.instagram.com\/crentassos\",\"https:\/\/www.youtube.com\/crentassos\"]},{\"@type\":\"Person\",\"@id\":\"https:\/\/crentassos.com.br\/blog\/#\/schema\/person\/7ec3329a98c44e20ccd6cc2c9e18acbd\",\"name\":\"Cristiano Machado\",\"image\":{\"@type\":\"ImageObject\",\"inLanguage\":\"pt-BR\",\"@id\":\"https:\/\/crentassos.com.br\/blog\/#\/schema\/person\/image\/\",\"url\":\"https:\/\/secure.gravatar.com\/avatar\/3e7427d384f99d15935b3008477c324124816869ceb70e362e586dcccdb265bf?s=96&d=retro&r=g\",\"contentUrl\":\"https:\/\/secure.gravatar.com\/avatar\/3e7427d384f99d15935b3008477c324124816869ceb70e362e586dcccdb265bf?s=96&d=retro&r=g\",\"caption\":\"Cristiano Machado\"},\"description\":\"Cristiano Machado \u00e9 o culpado pelo inicio do COLETIVO CRENTASSOS PRODU\u00c7\u00d5ES SUBVERSIVAS e atua como auxiliar de cirurgi\u00e3o barbeiro, tocando o bumbo, jogando malabares, preparando o elixir, costurando amputa\u00e7\u00f5es e demais atividades relacionadas \u00e0 sua ocupa\u00e7\u00e3o. Pensa n\u00e3o vida em forma de pergunta e nunca de resposta, e tem um profundo sentimento de gratid\u00e3o e amor por sua esposa e filha. Religi\u00e3o: Crist\u00e3o Protestante Reformando-se Estado Civil: Inteiramente apaixonado\",\"sameAs\":[\"http:\/\/crentassos.com.br\/blog\"],\"url\":\"https:\/\/crentassos.com.br\/blog\/author\/o_cristiano\"}]}<\/script>\n<!-- \/ Yoast SEO plugin. -->","yoast_head_json":{"title":"Sobre a tal musica do mundo - Crentassos Produ\u00e7\u00f5es Subversivas","robots":{"index":"index","follow":"follow","max-snippet":"max-snippet:-1","max-image-preview":"max-image-preview:large","max-video-preview":"max-video-preview:-1"},"canonical":"https:\/\/crentassos.com.br\/blog\/2015\/03\/sobre-a-tal-musica-do-mundo.html","og_locale":"pt_BR","og_type":"article","og_title":"Sobre a tal musica do mundo - Crentassos Produ\u00e7\u00f5es Subversivas","og_description":"Pode parecer meio estranho, mas ainda hoje, seculo XXI, tem gente questionando o qu\u00e3o pecaminoso \u00e9 ouvir musicas do mundo, doravante, chamadas,\u00a0musicas [&hellip;]","og_url":"https:\/\/crentassos.com.br\/blog\/2015\/03\/sobre-a-tal-musica-do-mundo.html","og_site_name":"Crentassos Produ\u00e7\u00f5es Subversivas","article_publisher":"http:\/\/www.facebook.com\/crentassos","article_published_time":"2015-03-05T14:01:00+00:00","article_modified_time":"2015-03-06T00:03:59+00:00","og_image":[{"width":450,"height":338,"url":"https:\/\/crentassos.com.br\/blog\/wp-content\/uploads\/152151_ext_arquivo.jpg","type":"image\/jpeg"}],"author":"Cristiano Machado","twitter_card":"summary_large_image","twitter_creator":"@crentassos","twitter_site":"@crentassos","twitter_misc":{"Escrito por":"Cristiano Machado","Est. tempo de leitura":"14 minutos"},"schema":{"@context":"https:\/\/schema.org","@graph":[{"@type":"Article","@id":"https:\/\/crentassos.com.br\/blog\/2015\/03\/sobre-a-tal-musica-do-mundo.html#article","isPartOf":{"@id":"https:\/\/crentassos.com.br\/blog\/2015\/03\/sobre-a-tal-musica-do-mundo.html"},"author":{"name":"Cristiano Machado","@id":"https:\/\/crentassos.com.br\/blog\/#\/schema\/person\/7ec3329a98c44e20ccd6cc2c9e18acbd"},"headline":"Sobre a tal musica do mundo","datePublished":"2015-03-05T14:01:00+00:00","dateModified":"2015-03-06T00:03:59+00:00","mainEntityOfPage":{"@id":"https:\/\/crentassos.com.br\/blog\/2015\/03\/sobre-a-tal-musica-do-mundo.html"},"wordCount":2828,"commentCount":0,"publisher":{"@id":"https:\/\/crentassos.com.br\/blog\/#organization"},"image":{"@id":"https:\/\/crentassos.com.br\/blog\/2015\/03\/sobre-a-tal-musica-do-mundo.html#primaryimage"},"thumbnailUrl":"https:\/\/crentassos.com.br\/blog\/wp-content\/uploads\/152151_ext_arquivo.jpg","keywords":["compportamento","espiritualidade","gospel","mercado gospel","Musica Gospel","musica secular","tiranos"],"articleSection":["Artigos"],"inLanguage":"pt-BR","potentialAction":[{"@type":"CommentAction","name":"Comment","target":["https:\/\/crentassos.com.br\/blog\/2015\/03\/sobre-a-tal-musica-do-mundo.html#respond"]}]},{"@type":"WebPage","@id":"https:\/\/crentassos.com.br\/blog\/2015\/03\/sobre-a-tal-musica-do-mundo.html","url":"https:\/\/crentassos.com.br\/blog\/2015\/03\/sobre-a-tal-musica-do-mundo.html","name":"Sobre a tal musica do mundo - Crentassos Produ\u00e7\u00f5es Subversivas","isPartOf":{"@id":"https:\/\/crentassos.com.br\/blog\/#website"},"primaryImageOfPage":{"@id":"https:\/\/crentassos.com.br\/blog\/2015\/03\/sobre-a-tal-musica-do-mundo.html#primaryimage"},"image":{"@id":"https:\/\/crentassos.com.br\/blog\/2015\/03\/sobre-a-tal-musica-do-mundo.html#primaryimage"},"thumbnailUrl":"https:\/\/crentassos.com.br\/blog\/wp-content\/uploads\/152151_ext_arquivo.jpg","datePublished":"2015-03-05T14:01:00+00:00","dateModified":"2015-03-06T00:03:59+00:00","breadcrumb":{"@id":"https:\/\/crentassos.com.br\/blog\/2015\/03\/sobre-a-tal-musica-do-mundo.html#breadcrumb"},"inLanguage":"pt-BR","potentialAction":[{"@type":"ReadAction","target":["https:\/\/crentassos.com.br\/blog\/2015\/03\/sobre-a-tal-musica-do-mundo.html"]}]},{"@type":"ImageObject","inLanguage":"pt-BR","@id":"https:\/\/crentassos.com.br\/blog\/2015\/03\/sobre-a-tal-musica-do-mundo.html#primaryimage","url":"https:\/\/crentassos.com.br\/blog\/wp-content\/uploads\/152151_ext_arquivo.jpg","contentUrl":"https:\/\/crentassos.com.br\/blog\/wp-content\/uploads\/152151_ext_arquivo.jpg","width":450,"height":338},{"@type":"BreadcrumbList","@id":"https:\/\/crentassos.com.br\/blog\/2015\/03\/sobre-a-tal-musica-do-mundo.html#breadcrumb","itemListElement":[{"@type":"ListItem","position":1,"name":"Home","item":"https:\/\/crentassos.com.br\/blog\/"},{"@type":"ListItem","position":2,"name":"Sobre a tal musica do mundo"}]},{"@type":"WebSite","@id":"https:\/\/crentassos.com.br\/blog\/#website","url":"https:\/\/crentassos.com.br\/blog\/","name":"Crentassos Produ\u00e7\u00f5es Subversivas","description":"Podcast Crist\u00e3o, Podcrent, Da Prateleira, Artigos crist\u00e3os, Teologia, Estudos, Textos B\u00edblicos","publisher":{"@id":"https:\/\/crentassos.com.br\/blog\/#organization"},"potentialAction":[{"@type":"SearchAction","target":{"@type":"EntryPoint","urlTemplate":"https:\/\/crentassos.com.br\/blog\/?s={search_term_string}"},"query-input":{"@type":"PropertyValueSpecification","valueRequired":true,"valueName":"search_term_string"}}],"inLanguage":"pt-BR"},{"@type":"Organization","@id":"https:\/\/crentassos.com.br\/blog\/#organization","name":"Crentassos Produ\u00e7\u00f5es Subversivas","url":"https:\/\/crentassos.com.br\/blog\/","logo":{"@type":"ImageObject","inLanguage":"pt-BR","@id":"https:\/\/crentassos.com.br\/blog\/#\/schema\/logo\/image\/","url":"https:\/\/crentassos.com.br\/blog\/wp-content\/uploads\/2020\/05\/cropped-crentassos1-300x300png.png","contentUrl":"https:\/\/crentassos.com.br\/blog\/wp-content\/uploads\/2020\/05\/cropped-crentassos1-300x300png.png","width":300,"height":300,"caption":"Crentassos Produ\u00e7\u00f5es Subversivas"},"image":{"@id":"https:\/\/crentassos.com.br\/blog\/#\/schema\/logo\/image\/"},"sameAs":["http:\/\/www.facebook.com\/crentassos","https:\/\/x.com\/crentassos","https:\/\/www.instagram.com\/crentassos","https:\/\/www.youtube.com\/crentassos"]},{"@type":"Person","@id":"https:\/\/crentassos.com.br\/blog\/#\/schema\/person\/7ec3329a98c44e20ccd6cc2c9e18acbd","name":"Cristiano Machado","image":{"@type":"ImageObject","inLanguage":"pt-BR","@id":"https:\/\/crentassos.com.br\/blog\/#\/schema\/person\/image\/","url":"https:\/\/secure.gravatar.com\/avatar\/3e7427d384f99d15935b3008477c324124816869ceb70e362e586dcccdb265bf?s=96&d=retro&r=g","contentUrl":"https:\/\/secure.gravatar.com\/avatar\/3e7427d384f99d15935b3008477c324124816869ceb70e362e586dcccdb265bf?s=96&d=retro&r=g","caption":"Cristiano Machado"},"description":"Cristiano Machado \u00e9 o culpado pelo inicio do COLETIVO CRENTASSOS PRODU\u00c7\u00d5ES SUBVERSIVAS e atua como auxiliar de cirurgi\u00e3o barbeiro, tocando o bumbo, jogando malabares, preparando o elixir, costurando amputa\u00e7\u00f5es e demais atividades relacionadas \u00e0 sua ocupa\u00e7\u00e3o. Pensa n\u00e3o vida em forma de pergunta e nunca de resposta, e tem um profundo sentimento de gratid\u00e3o e amor por sua esposa e filha. Religi\u00e3o: Crist\u00e3o Protestante Reformando-se Estado Civil: Inteiramente apaixonado","sameAs":["http:\/\/crentassos.com.br\/blog"],"url":"https:\/\/crentassos.com.br\/blog\/author\/o_cristiano"}]}},"_links":{"self":[{"href":"https:\/\/crentassos.com.br\/blog\/wp-json\/wp\/v2\/posts\/11402","targetHints":{"allow":["GET"]}}],"collection":[{"href":"https:\/\/crentassos.com.br\/blog\/wp-json\/wp\/v2\/posts"}],"about":[{"href":"https:\/\/crentassos.com.br\/blog\/wp-json\/wp\/v2\/types\/post"}],"author":[{"embeddable":true,"href":"https:\/\/crentassos.com.br\/blog\/wp-json\/wp\/v2\/users\/9"}],"replies":[{"embeddable":true,"href":"https:\/\/crentassos.com.br\/blog\/wp-json\/wp\/v2\/comments?post=11402"}],"version-history":[{"count":4,"href":"https:\/\/crentassos.com.br\/blog\/wp-json\/wp\/v2\/posts\/11402\/revisions"}],"predecessor-version":[{"id":11408,"href":"https:\/\/crentassos.com.br\/blog\/wp-json\/wp\/v2\/posts\/11402\/revisions\/11408"}],"wp:featuredmedia":[{"embeddable":true,"href":"https:\/\/crentassos.com.br\/blog\/wp-json\/wp\/v2\/media\/11403"}],"wp:attachment":[{"href":"https:\/\/crentassos.com.br\/blog\/wp-json\/wp\/v2\/media?parent=11402"}],"wp:term":[{"taxonomy":"category","embeddable":true,"href":"https:\/\/crentassos.com.br\/blog\/wp-json\/wp\/v2\/categories?post=11402"},{"taxonomy":"post_tag","embeddable":true,"href":"https:\/\/crentassos.com.br\/blog\/wp-json\/wp\/v2\/tags?post=11402"}],"curies":[{"name":"wp","href":"https:\/\/api.w.org\/{rel}","templated":true}]}}