{"id":1132,"date":"2010-09-23T01:50:00","date_gmt":"2010-09-23T03:50:00","guid":{"rendered":"http:\/\/oueleouela.wordpress.com\/2010\/09\/23\/a-fe-crista-entre-os-indios"},"modified":"2012-12-11T15:18:40","modified_gmt":"2012-12-11T18:18:40","slug":"a-fe-crista-entre-os-indios","status":"publish","type":"post","link":"https:\/\/crentassos.com.br\/blog\/2010\/09\/a-fe-crista-entre-os-indios.html","title":{"rendered":"A F\u00c9 CRIST\u00c3 ENTRE OS INDIOS"},"content":{"rendered":"<div class=\"separator\" style=\"clear: both; text-align: center;\"><a style=\"margin-left: 1em; margin-right: 1em;\" href=\"http:\/\/oueleouela.files.wordpress.com\/2010\/09\/indios_14_b.jpg\"><img loading=\"lazy\" decoding=\"async\" src=\"http:\/\/oueleouela.files.wordpress.com\/2010\/09\/indios_14_b.jpg?w=300\" alt=\"\" width=\"320\" height=\"240\" border=\"0\" \/><\/a><\/div>\n<div class=\"separator\" style=\"clear: both; text-align: left;\"><span class=\"Apple-style-span\" style=\"color: #535353; font-family: sans-serif, Arial, Verdana, Helvetica; font-size: 13px; line-height: 16px;\">Carlos Justino Terena, conseguiu o que para muitos antrop\u00f3logos \u00e9 imposs\u00edvel: tornou-se evang\u00e9lico sem deixar de ser \u00edndio. Integrante de uma das principais na\u00e7\u00f5es ind\u00edgenas do Brasil, os Terenas, ele faz parte de um povo bem evangelizado. Dos quase 18 mil indiv\u00edduos da etnia, que vivem em aldeias ne regi\u00e3o de Aquidauana (MS), quase todos s\u00e3o crentes. Os \u00edndios que ainda n\u00e3o se converteram conhecem o evangelho, quer dizer foram evangelizados. Pr\u00f3speros se comparados a outras tribos que vivem praticamente na mis\u00e9ria, os Terenas se destacam pela organiza\u00e7\u00e3o e modo de vida. Segundo Carlos Terena, nas suas aldeias n\u00e3o existe fome e todos trabalham. &#8220;Tem gente que diz que somos mais sabidos que os Xavantes ou os Caiap\u00f3s, por exemplo. Mas a grande diferen\u00e7a foi a chegada do evangelho.<\/span><\/div>\n<div>\n<div style=\"text-align: left;\"><span class=\"Apple-style-span\" style=\"color: #535353; font-family: sans-serif, Arial, Verdana, Helvetica; font-size: 13px; line-height: 16px;\"><br \/>\n<\/span><\/div>\n<\/div>\n<div class=\"separator\" style=\"clear: both; text-align: center;\"><a style=\"margin-left: 1em; margin-right: 1em;\" href=\"http:\/\/www.dhnet.org.br\/dados\/relatorios\/dh\/br\/jglobal\/jglobal2000\/images\/3jg.jpg\"><img decoding=\"async\" src=\"http:\/\/www.dhnet.org.br\/dados\/relatorios\/dh\/br\/jglobal\/jglobal2000\/images\/3jg.jpg\" alt=\"\" border=\"0\" \/><\/a><\/div>\n<div><span class=\"Apple-style-span\" style=\"color: #535353; font-family: sans-serif, Arial, Verdana, Helvetica; font-size: 13px; line-height: 16px;\"><br \/>\n<\/span><\/div>\n<div><span class=\"Apple-style-span\" style=\"color: #535353; font-family: sans-serif, Arial, Verdana, Helvetica; font-size: 13px; line-height: 16px;\">O fen\u00f4meno de t\u00e3o expressiva convers\u00e3o ao cristianismo, sem paralelo em nenhum outro dos aproximadamente 250 povos ind\u00edgenas brasileiros, tem origem centen\u00e1ria, Mais precisamente, em 1905, quando chegaram \u00e0s terras dos Terenas os primeiros mission\u00e1rios brit\u00e2nicos. Numa \u00e9poca em que n\u00e3o se falava em treinamento transcultural ou princ\u00edpios antropol\u00f3gicos, o sucesso da miss\u00e3o pioneira que levou praticamente toda tribo aos p\u00e9s de Cristo, pode ser explicado como um milagre, como conta Carlos Terena:\u00a0&#8220;Meu tatarav\u00f4, que era paj\u00e9 da aldeia, recebeu uma revela\u00e7\u00e3o sobrenatural de que o nosso povo deveria seguir os ensinos dos mission\u00e1rios brancos que viriam&#8221;. A fascinante hist\u00f3ria, que atravessa as gera\u00e7\u00f5es, esta sendo contada por ele em um livro.<\/span><span class=\"Apple-style-span\" style=\"color: #535353; font-family: sans-serif, Arial, Verdana, Helvetica; font-size: 13px; line-height: 16px;\"><br \/>\n<\/span><span class=\"Apple-style-span\" style=\"color: #535353; font-family: sans-serif, Arial, Verdana, Helvetica; font-size: 13px; line-height: 16px;\">Hoje o povo terena tem igreja pr\u00f3pria, lideran\u00e7a local e at\u00e9 um semin\u00e1rio teol\u00f3gico voltado entre outras coisas ao evangelismo entre os ind\u00edgenas. Ao contr\u00e1rio do que se pensa, diz Carlos Terena, n\u00e3o \u00e9 f\u00e1cil um \u00edndio evangelizar outro \u00edndio: &#8220;como somos de na\u00e7\u00f5es e tribos diferentes, trata-se de uma miss\u00e3o transcultural&#8221;. Apesar disso, enfatiza, \u00e9 um erro levar o \u00edndio ao abandono de sua tradi\u00e7\u00e3o cultural. Para ele a f\u00e9 crist\u00e3 n\u00e3o descaracteriza a natureza do ind\u00edgena se pregada e assimilada de forma consciente.<\/span><span class=\"Apple-style-span\" style=\"color: #535353; font-family: sans-serif, Arial, Verdana, Helvetica; font-size: 13px; line-height: 16px;\"><br \/>\n<\/span><span class=\"Apple-style-span\" style=\"color: #535353; font-family: sans-serif, Arial, Verdana, Helvetica; font-size: 13px; line-height: 16px;\">Transcrito da Revista Ecl\u00e9sia, edi\u00e7\u00e3o 102<\/span><\/div>\n<div><span class=\"Apple-style-span\" style=\"color: #535353; font-family: sans-serif, Arial, Verdana, Helvetica; font-size: 13px; line-height: 16px;\"><br \/>\n<\/span><\/div>\n<div>[googleapps domain=&#8221;docs&#8221; dir=&#8221;present\/embed&#8221; query=&#8221;id=d2ch5sg_1hf5x83dv&amp;size=m&#8221; width=&#8221;555&#8243; height=&#8221;451&#8243; \/]<\/div>\n<div><\/div>\n<div><span class=\"Apple-style-span\" style=\"font-family: Verdana, sans-serif;\"><span class=\"Apple-style-span\" style=\"font-size: small;\">Esse material est\u00e1 dispon\u00edvel no site <\/span><\/span><a href=\"http:\/\/www.conplei.org.br\/2010\/fe-crista-entre-indios.html\"><span class=\"Apple-style-span\" style=\"font-family: Verdana, sans-serif;\"><span class=\"Apple-style-span\" style=\"font-size: small;\">CONPLEI<\/span><\/span><\/a><span class=\"Apple-style-span\" style=\"font-family: Verdana, sans-serif;\"><span class=\"Apple-style-span\" style=\"font-size: small;\">.<\/span><\/span><br \/>\n<span class=\"Apple-style-span\" style=\"font-family: Verdana, sans-serif;\"><span class=\"Apple-style-span\" style=\"font-size: small;\"><br \/>\n<\/span><\/span><br \/>\n<span class=\"Apple-style-span\" style=\"font-family: Verdana, sans-serif;\"><span class=\"Apple-style-span\" style=\"font-size: small;\">*************************************<\/span><\/span><br \/>\n<span class=\"Apple-style-span\" style=\"font-family: Verdana, sans-serif;\"><span class=\"Apple-style-span\" style=\"font-size: small;\"><br \/>\n<\/span><\/span><br \/>\n<span class=\"Apple-style-span\" style=\"font-family: Verdana, sans-serif;\"><span class=\"Apple-style-span\" style=\"font-size: small;\">Nesse site voc\u00ea vai encontrar algum material falando do evento e da condi\u00e7\u00e3o dos \u00edndios crist\u00e3os no pa\u00eds.<\/span><\/span><br \/>\n<span class=\"Apple-style-span\" style=\"font-family: Verdana, sans-serif;\"><span class=\"Apple-style-span\" style=\"font-size: small;\"><br \/>\n<\/span><\/span><br \/>\n<span class=\"Apple-style-span\" style=\"font-family: Verdana, sans-serif;\"><span class=\"Apple-style-span\" style=\"font-size: small;\">soli Deo Gloria<\/span><\/span><\/div>\n","protected":false},"excerpt":{"rendered":"<p>Carlos Justino Terena, conseguiu o que para muitos antrop\u00f3logos \u00e9 imposs\u00edvel: tornou-se evang\u00e9lico sem deixar de ser \u00edndio. Integrante de uma das [&hellip;]<\/p>\n","protected":false},"author":1,"featured_media":0,"comment_status":"open","ping_status":"closed","sticky":false,"template":"","format":"standard","meta":{"_exactmetrics_skip_tracking":false,"_exactmetrics_sitenote_active":false,"_exactmetrics_sitenote_note":"","_exactmetrics_sitenote_category":0,"footnotes":"","_links_to":"","_links_to_target":""},"categories":[112],"tags":[2856],"class_list":["post-1132","post","type-post","status-publish","format-standard","hentry","category-artigos","tag-uncategorized"],"yoast_head":"<!-- This site is optimized with the Yoast SEO plugin v27.1.1 - https:\/\/yoast.com\/product\/yoast-seo-wordpress\/ -->\n<title>A F\u00c9 CRIST\u00c3 ENTRE OS INDIOS - Crentassos Produ\u00e7\u00f5es Subversivas<\/title>\n<meta name=\"robots\" content=\"index, follow, max-snippet:-1, max-image-preview:large, max-video-preview:-1\" \/>\n<link rel=\"canonical\" href=\"https:\/\/crentassos.com.br\/blog\/2010\/09\/a-fe-crista-entre-os-indios.html\" \/>\n<meta property=\"og:locale\" content=\"pt_BR\" \/>\n<meta property=\"og:type\" content=\"article\" \/>\n<meta property=\"og:title\" content=\"A F\u00c9 CRIST\u00c3 ENTRE OS INDIOS - Crentassos Produ\u00e7\u00f5es Subversivas\" \/>\n<meta property=\"og:description\" content=\"Carlos Justino Terena, conseguiu o que para muitos antrop\u00f3logos \u00e9 imposs\u00edvel: tornou-se evang\u00e9lico sem deixar de ser \u00edndio. Integrante de uma das [&hellip;]\" \/>\n<meta property=\"og:url\" content=\"https:\/\/crentassos.com.br\/blog\/2010\/09\/a-fe-crista-entre-os-indios.html\" \/>\n<meta property=\"og:site_name\" content=\"Crentassos Produ\u00e7\u00f5es Subversivas\" \/>\n<meta property=\"article:publisher\" content=\"http:\/\/www.facebook.com\/crentassos\" \/>\n<meta property=\"article:published_time\" content=\"2010-09-23T03:50:00+00:00\" \/>\n<meta property=\"article:modified_time\" content=\"2012-12-11T18:18:40+00:00\" \/>\n<meta property=\"og:image\" content=\"http:\/\/oueleouela.files.wordpress.com\/2010\/09\/indios_14_b.jpg?w=300\" \/>\n<meta name=\"author\" content=\"Crentassos\" \/>\n<meta name=\"twitter:card\" content=\"summary_large_image\" \/>\n<meta name=\"twitter:creator\" content=\"@crentassos\" \/>\n<meta name=\"twitter:site\" content=\"@crentassos\" \/>\n<meta name=\"twitter:label1\" content=\"Escrito por\" \/>\n\t<meta name=\"twitter:data1\" content=\"Crentassos\" \/>\n\t<meta name=\"twitter:label2\" content=\"Est. tempo de leitura\" \/>\n\t<meta name=\"twitter:data2\" content=\"2 minutos\" \/>\n<script type=\"application\/ld+json\" class=\"yoast-schema-graph\">{\"@context\":\"https:\/\/schema.org\",\"@graph\":[{\"@type\":\"Article\",\"@id\":\"https:\/\/crentassos.com.br\/blog\/2010\/09\/a-fe-crista-entre-os-indios.html#article\",\"isPartOf\":{\"@id\":\"https:\/\/crentassos.com.br\/blog\/2010\/09\/a-fe-crista-entre-os-indios.html\"},\"author\":{\"name\":\"Crentassos\",\"@id\":\"https:\/\/crentassos.com.br\/blog\/#\/schema\/person\/c143e75f920e3ad15d83540f47db500c\"},\"headline\":\"A F\u00c9 CRIST\u00c3 ENTRE OS INDIOS\",\"datePublished\":\"2010-09-23T03:50:00+00:00\",\"dateModified\":\"2012-12-11T18:18:40+00:00\",\"mainEntityOfPage\":{\"@id\":\"https:\/\/crentassos.com.br\/blog\/2010\/09\/a-fe-crista-entre-os-indios.html\"},\"wordCount\":429,\"commentCount\":6,\"publisher\":{\"@id\":\"https:\/\/crentassos.com.br\/blog\/#organization\"},\"image\":{\"@id\":\"https:\/\/crentassos.com.br\/blog\/2010\/09\/a-fe-crista-entre-os-indios.html#primaryimage\"},\"thumbnailUrl\":\"http:\/\/oueleouela.files.wordpress.com\/2010\/09\/indios_14_b.jpg?w=300\",\"keywords\":[\"Uncategorized\"],\"articleSection\":[\"Artigos\"],\"inLanguage\":\"pt-BR\",\"potentialAction\":[{\"@type\":\"CommentAction\",\"name\":\"Comment\",\"target\":[\"https:\/\/crentassos.com.br\/blog\/2010\/09\/a-fe-crista-entre-os-indios.html#respond\"]}]},{\"@type\":\"WebPage\",\"@id\":\"https:\/\/crentassos.com.br\/blog\/2010\/09\/a-fe-crista-entre-os-indios.html\",\"url\":\"https:\/\/crentassos.com.br\/blog\/2010\/09\/a-fe-crista-entre-os-indios.html\",\"name\":\"A F\u00c9 CRIST\u00c3 ENTRE OS INDIOS - Crentassos Produ\u00e7\u00f5es Subversivas\",\"isPartOf\":{\"@id\":\"https:\/\/crentassos.com.br\/blog\/#website\"},\"primaryImageOfPage\":{\"@id\":\"https:\/\/crentassos.com.br\/blog\/2010\/09\/a-fe-crista-entre-os-indios.html#primaryimage\"},\"image\":{\"@id\":\"https:\/\/crentassos.com.br\/blog\/2010\/09\/a-fe-crista-entre-os-indios.html#primaryimage\"},\"thumbnailUrl\":\"http:\/\/oueleouela.files.wordpress.com\/2010\/09\/indios_14_b.jpg?w=300\",\"datePublished\":\"2010-09-23T03:50:00+00:00\",\"dateModified\":\"2012-12-11T18:18:40+00:00\",\"breadcrumb\":{\"@id\":\"https:\/\/crentassos.com.br\/blog\/2010\/09\/a-fe-crista-entre-os-indios.html#breadcrumb\"},\"inLanguage\":\"pt-BR\",\"potentialAction\":[{\"@type\":\"ReadAction\",\"target\":[\"https:\/\/crentassos.com.br\/blog\/2010\/09\/a-fe-crista-entre-os-indios.html\"]}]},{\"@type\":\"ImageObject\",\"inLanguage\":\"pt-BR\",\"@id\":\"https:\/\/crentassos.com.br\/blog\/2010\/09\/a-fe-crista-entre-os-indios.html#primaryimage\",\"url\":\"http:\/\/oueleouela.files.wordpress.com\/2010\/09\/indios_14_b.jpg?w=300\",\"contentUrl\":\"http:\/\/oueleouela.files.wordpress.com\/2010\/09\/indios_14_b.jpg?w=300\"},{\"@type\":\"BreadcrumbList\",\"@id\":\"https:\/\/crentassos.com.br\/blog\/2010\/09\/a-fe-crista-entre-os-indios.html#breadcrumb\",\"itemListElement\":[{\"@type\":\"ListItem\",\"position\":1,\"name\":\"Home\",\"item\":\"https:\/\/crentassos.com.br\/blog\/\"},{\"@type\":\"ListItem\",\"position\":2,\"name\":\"A F\u00c9 CRIST\u00c3 ENTRE OS INDIOS\"}]},{\"@type\":\"WebSite\",\"@id\":\"https:\/\/crentassos.com.br\/blog\/#website\",\"url\":\"https:\/\/crentassos.com.br\/blog\/\",\"name\":\"Crentassos Produ\u00e7\u00f5es Subversivas\",\"description\":\"Podcast Crist\u00e3o, Podcrent, Da Prateleira, Artigos crist\u00e3os, Teologia, Estudos, Textos B\u00edblicos\",\"publisher\":{\"@id\":\"https:\/\/crentassos.com.br\/blog\/#organization\"},\"potentialAction\":[{\"@type\":\"SearchAction\",\"target\":{\"@type\":\"EntryPoint\",\"urlTemplate\":\"https:\/\/crentassos.com.br\/blog\/?s={search_term_string}\"},\"query-input\":{\"@type\":\"PropertyValueSpecification\",\"valueRequired\":true,\"valueName\":\"search_term_string\"}}],\"inLanguage\":\"pt-BR\"},{\"@type\":\"Organization\",\"@id\":\"https:\/\/crentassos.com.br\/blog\/#organization\",\"name\":\"Crentassos Produ\u00e7\u00f5es Subversivas\",\"url\":\"https:\/\/crentassos.com.br\/blog\/\",\"logo\":{\"@type\":\"ImageObject\",\"inLanguage\":\"pt-BR\",\"@id\":\"https:\/\/crentassos.com.br\/blog\/#\/schema\/logo\/image\/\",\"url\":\"https:\/\/crentassos.com.br\/blog\/wp-content\/uploads\/2020\/05\/cropped-crentassos1-300x300png.png\",\"contentUrl\":\"https:\/\/crentassos.com.br\/blog\/wp-content\/uploads\/2020\/05\/cropped-crentassos1-300x300png.png\",\"width\":300,\"height\":300,\"caption\":\"Crentassos Produ\u00e7\u00f5es Subversivas\"},\"image\":{\"@id\":\"https:\/\/crentassos.com.br\/blog\/#\/schema\/logo\/image\/\"},\"sameAs\":[\"http:\/\/www.facebook.com\/crentassos\",\"https:\/\/x.com\/crentassos\",\"https:\/\/www.instagram.com\/crentassos\",\"https:\/\/www.youtube.com\/crentassos\"]},{\"@type\":\"Person\",\"@id\":\"https:\/\/crentassos.com.br\/blog\/#\/schema\/person\/c143e75f920e3ad15d83540f47db500c\",\"name\":\"Crentassos\",\"image\":{\"@type\":\"ImageObject\",\"inLanguage\":\"pt-BR\",\"@id\":\"https:\/\/crentassos.com.br\/blog\/#\/schema\/person\/image\/\",\"url\":\"https:\/\/secure.gravatar.com\/avatar\/cb1b9c88bcd90ec2f909823639a352ece8d3a3cea59b9d08637fe057502fa227?s=96&d=retro&r=g\",\"contentUrl\":\"https:\/\/secure.gravatar.com\/avatar\/cb1b9c88bcd90ec2f909823639a352ece8d3a3cea59b9d08637fe057502fa227?s=96&d=retro&r=g\",\"caption\":\"Crentassos\"},\"description\":\"Perfil padr\u00e3o do blog dos Crentassos.\",\"sameAs\":[\"http:\/\/www.crentassos.com.br\"],\"url\":\"https:\/\/crentassos.com.br\/blog\/author\/crentassos\"}]}<\/script>\n<!-- \/ Yoast SEO plugin. -->","yoast_head_json":{"title":"A F\u00c9 CRIST\u00c3 ENTRE OS INDIOS - Crentassos Produ\u00e7\u00f5es Subversivas","robots":{"index":"index","follow":"follow","max-snippet":"max-snippet:-1","max-image-preview":"max-image-preview:large","max-video-preview":"max-video-preview:-1"},"canonical":"https:\/\/crentassos.com.br\/blog\/2010\/09\/a-fe-crista-entre-os-indios.html","og_locale":"pt_BR","og_type":"article","og_title":"A F\u00c9 CRIST\u00c3 ENTRE OS INDIOS - Crentassos Produ\u00e7\u00f5es Subversivas","og_description":"Carlos Justino Terena, conseguiu o que para muitos antrop\u00f3logos \u00e9 imposs\u00edvel: tornou-se evang\u00e9lico sem deixar de ser \u00edndio. Integrante de uma das [&hellip;]","og_url":"https:\/\/crentassos.com.br\/blog\/2010\/09\/a-fe-crista-entre-os-indios.html","og_site_name":"Crentassos Produ\u00e7\u00f5es Subversivas","article_publisher":"http:\/\/www.facebook.com\/crentassos","article_published_time":"2010-09-23T03:50:00+00:00","article_modified_time":"2012-12-11T18:18:40+00:00","og_image":[{"url":"http:\/\/oueleouela.files.wordpress.com\/2010\/09\/indios_14_b.jpg?w=300","type":"","width":"","height":""}],"author":"Crentassos","twitter_card":"summary_large_image","twitter_creator":"@crentassos","twitter_site":"@crentassos","twitter_misc":{"Escrito por":"Crentassos","Est. tempo de leitura":"2 minutos"},"schema":{"@context":"https:\/\/schema.org","@graph":[{"@type":"Article","@id":"https:\/\/crentassos.com.br\/blog\/2010\/09\/a-fe-crista-entre-os-indios.html#article","isPartOf":{"@id":"https:\/\/crentassos.com.br\/blog\/2010\/09\/a-fe-crista-entre-os-indios.html"},"author":{"name":"Crentassos","@id":"https:\/\/crentassos.com.br\/blog\/#\/schema\/person\/c143e75f920e3ad15d83540f47db500c"},"headline":"A F\u00c9 CRIST\u00c3 ENTRE OS INDIOS","datePublished":"2010-09-23T03:50:00+00:00","dateModified":"2012-12-11T18:18:40+00:00","mainEntityOfPage":{"@id":"https:\/\/crentassos.com.br\/blog\/2010\/09\/a-fe-crista-entre-os-indios.html"},"wordCount":429,"commentCount":6,"publisher":{"@id":"https:\/\/crentassos.com.br\/blog\/#organization"},"image":{"@id":"https:\/\/crentassos.com.br\/blog\/2010\/09\/a-fe-crista-entre-os-indios.html#primaryimage"},"thumbnailUrl":"http:\/\/oueleouela.files.wordpress.com\/2010\/09\/indios_14_b.jpg?w=300","keywords":["Uncategorized"],"articleSection":["Artigos"],"inLanguage":"pt-BR","potentialAction":[{"@type":"CommentAction","name":"Comment","target":["https:\/\/crentassos.com.br\/blog\/2010\/09\/a-fe-crista-entre-os-indios.html#respond"]}]},{"@type":"WebPage","@id":"https:\/\/crentassos.com.br\/blog\/2010\/09\/a-fe-crista-entre-os-indios.html","url":"https:\/\/crentassos.com.br\/blog\/2010\/09\/a-fe-crista-entre-os-indios.html","name":"A F\u00c9 CRIST\u00c3 ENTRE OS INDIOS - Crentassos Produ\u00e7\u00f5es Subversivas","isPartOf":{"@id":"https:\/\/crentassos.com.br\/blog\/#website"},"primaryImageOfPage":{"@id":"https:\/\/crentassos.com.br\/blog\/2010\/09\/a-fe-crista-entre-os-indios.html#primaryimage"},"image":{"@id":"https:\/\/crentassos.com.br\/blog\/2010\/09\/a-fe-crista-entre-os-indios.html#primaryimage"},"thumbnailUrl":"http:\/\/oueleouela.files.wordpress.com\/2010\/09\/indios_14_b.jpg?w=300","datePublished":"2010-09-23T03:50:00+00:00","dateModified":"2012-12-11T18:18:40+00:00","breadcrumb":{"@id":"https:\/\/crentassos.com.br\/blog\/2010\/09\/a-fe-crista-entre-os-indios.html#breadcrumb"},"inLanguage":"pt-BR","potentialAction":[{"@type":"ReadAction","target":["https:\/\/crentassos.com.br\/blog\/2010\/09\/a-fe-crista-entre-os-indios.html"]}]},{"@type":"ImageObject","inLanguage":"pt-BR","@id":"https:\/\/crentassos.com.br\/blog\/2010\/09\/a-fe-crista-entre-os-indios.html#primaryimage","url":"http:\/\/oueleouela.files.wordpress.com\/2010\/09\/indios_14_b.jpg?w=300","contentUrl":"http:\/\/oueleouela.files.wordpress.com\/2010\/09\/indios_14_b.jpg?w=300"},{"@type":"BreadcrumbList","@id":"https:\/\/crentassos.com.br\/blog\/2010\/09\/a-fe-crista-entre-os-indios.html#breadcrumb","itemListElement":[{"@type":"ListItem","position":1,"name":"Home","item":"https:\/\/crentassos.com.br\/blog\/"},{"@type":"ListItem","position":2,"name":"A F\u00c9 CRIST\u00c3 ENTRE OS INDIOS"}]},{"@type":"WebSite","@id":"https:\/\/crentassos.com.br\/blog\/#website","url":"https:\/\/crentassos.com.br\/blog\/","name":"Crentassos Produ\u00e7\u00f5es Subversivas","description":"Podcast Crist\u00e3o, Podcrent, Da Prateleira, Artigos crist\u00e3os, Teologia, Estudos, Textos B\u00edblicos","publisher":{"@id":"https:\/\/crentassos.com.br\/blog\/#organization"},"potentialAction":[{"@type":"SearchAction","target":{"@type":"EntryPoint","urlTemplate":"https:\/\/crentassos.com.br\/blog\/?s={search_term_string}"},"query-input":{"@type":"PropertyValueSpecification","valueRequired":true,"valueName":"search_term_string"}}],"inLanguage":"pt-BR"},{"@type":"Organization","@id":"https:\/\/crentassos.com.br\/blog\/#organization","name":"Crentassos Produ\u00e7\u00f5es Subversivas","url":"https:\/\/crentassos.com.br\/blog\/","logo":{"@type":"ImageObject","inLanguage":"pt-BR","@id":"https:\/\/crentassos.com.br\/blog\/#\/schema\/logo\/image\/","url":"https:\/\/crentassos.com.br\/blog\/wp-content\/uploads\/2020\/05\/cropped-crentassos1-300x300png.png","contentUrl":"https:\/\/crentassos.com.br\/blog\/wp-content\/uploads\/2020\/05\/cropped-crentassos1-300x300png.png","width":300,"height":300,"caption":"Crentassos Produ\u00e7\u00f5es Subversivas"},"image":{"@id":"https:\/\/crentassos.com.br\/blog\/#\/schema\/logo\/image\/"},"sameAs":["http:\/\/www.facebook.com\/crentassos","https:\/\/x.com\/crentassos","https:\/\/www.instagram.com\/crentassos","https:\/\/www.youtube.com\/crentassos"]},{"@type":"Person","@id":"https:\/\/crentassos.com.br\/blog\/#\/schema\/person\/c143e75f920e3ad15d83540f47db500c","name":"Crentassos","image":{"@type":"ImageObject","inLanguage":"pt-BR","@id":"https:\/\/crentassos.com.br\/blog\/#\/schema\/person\/image\/","url":"https:\/\/secure.gravatar.com\/avatar\/cb1b9c88bcd90ec2f909823639a352ece8d3a3cea59b9d08637fe057502fa227?s=96&d=retro&r=g","contentUrl":"https:\/\/secure.gravatar.com\/avatar\/cb1b9c88bcd90ec2f909823639a352ece8d3a3cea59b9d08637fe057502fa227?s=96&d=retro&r=g","caption":"Crentassos"},"description":"Perfil padr\u00e3o do blog dos Crentassos.","sameAs":["http:\/\/www.crentassos.com.br"],"url":"https:\/\/crentassos.com.br\/blog\/author\/crentassos"}]}},"_links":{"self":[{"href":"https:\/\/crentassos.com.br\/blog\/wp-json\/wp\/v2\/posts\/1132","targetHints":{"allow":["GET"]}}],"collection":[{"href":"https:\/\/crentassos.com.br\/blog\/wp-json\/wp\/v2\/posts"}],"about":[{"href":"https:\/\/crentassos.com.br\/blog\/wp-json\/wp\/v2\/types\/post"}],"author":[{"embeddable":true,"href":"https:\/\/crentassos.com.br\/blog\/wp-json\/wp\/v2\/users\/1"}],"replies":[{"embeddable":true,"href":"https:\/\/crentassos.com.br\/blog\/wp-json\/wp\/v2\/comments?post=1132"}],"version-history":[{"count":2,"href":"https:\/\/crentassos.com.br\/blog\/wp-json\/wp\/v2\/posts\/1132\/revisions"}],"predecessor-version":[{"id":7732,"href":"https:\/\/crentassos.com.br\/blog\/wp-json\/wp\/v2\/posts\/1132\/revisions\/7732"}],"wp:attachment":[{"href":"https:\/\/crentassos.com.br\/blog\/wp-json\/wp\/v2\/media?parent=1132"}],"wp:term":[{"taxonomy":"category","embeddable":true,"href":"https:\/\/crentassos.com.br\/blog\/wp-json\/wp\/v2\/categories?post=1132"},{"taxonomy":"post_tag","embeddable":true,"href":"https:\/\/crentassos.com.br\/blog\/wp-json\/wp\/v2\/tags?post=1132"}],"curies":[{"name":"wp","href":"https:\/\/api.w.org\/{rel}","templated":true}]}}