{"id":11268,"date":"2014-12-17T14:26:35","date_gmt":"2014-12-17T17:26:35","guid":{"rendered":"http:\/\/crentassos.com.br\/blog\/?p=11268"},"modified":"2014-12-17T14:33:13","modified_gmt":"2014-12-17T17:33:13","slug":"critica-ao-culto-e-ao-templo","status":"publish","type":"post","link":"https:\/\/crentassos.com.br\/blog\/2014\/12\/critica-ao-culto-e-ao-templo.html","title":{"rendered":"Cr\u00edtica ao CULTO e ao TEMPLO"},"content":{"rendered":"<h2 style=\"text-align: justify;\"><span style=\"font-size: 14px; line-height: 1.5em;\">\u00a0<\/span><\/h2>\n<p style=\"text-align: justify;\"><a id=\"c84f\"><\/a>Voc\u00ea j\u00e1 parou pra pensar que o CULTO DOMINICAL n\u00e3o \u00e9 uma institui\u00e7\u00e3o B\u00edblica, mas uma inven\u00e7\u00e3o dos homens que seguem a Cristo? Sim\u2026 Assim como muitas outras tradi\u00e7\u00f5es que s\u00e3o t\u00e3o caras aos crist\u00e3os contempor\u00e2neos (roupas, palavras, formatos de rituais, etc\u2026), por mais que se busque minuciosamente no texto b\u00edblico, n\u00e3o se encontra qualquer referencia de JESUS instaurando que a partir de determinado momento, deveria haver um dia especifico na semana no qual todos os crist\u00e3os deveriam se reunir no objetivo de prestar culto a Deus, pode procurar\u2026<\/p>\n<figure style=\"text-align: justify;\"><a id=\"f884\"><\/a><\/p>\n<div>\n<div><img loading=\"lazy\" decoding=\"async\" class=\" wp-image-11269 alignleft\" alt=\"adorac3a7c3a3o-ao-bezerro-de-ouro_andrea-di-lione-1596e280931675\" src=\"http:\/\/crentassos.com.br\/blog\/wp-content\/uploads\/adorac3a7c3a3o-ao-bezerro-de-ouro_andrea-di-lione-1596e280931675.jpg\" width=\"408\" height=\"281\" srcset=\"https:\/\/crentassos.com.br\/blog\/wp-content\/uploads\/adorac3a7c3a3o-ao-bezerro-de-ouro_andrea-di-lione-1596e280931675.jpg 1134w, https:\/\/crentassos.com.br\/blog\/wp-content\/uploads\/adorac3a7c3a3o-ao-bezerro-de-ouro_andrea-di-lione-1596e280931675-300x206.jpg 300w, https:\/\/crentassos.com.br\/blog\/wp-content\/uploads\/adorac3a7c3a3o-ao-bezerro-de-ouro_andrea-di-lione-1596e280931675-620x426.jpg 620w\" sizes=\"auto, (max-width: 408px) 100vw, 408px\" \/><\/div>\n<\/div>\n<\/figure>\n<p style=\"text-align: justify;\">Claro que isso n\u00e3o faz com que o culto seja uma coisa ruim necessariamente, afina de contas, outras coisas que a b\u00edblia n\u00e3o faz nenhuma men\u00e7\u00e3o tamb\u00e9m s\u00e3o amplamente utilizadas e com elas o evangelho teve grande avan\u00e7o ao longo da historia, a reforma protestante mesmo teve um grande impulso em seus valores, com a inven\u00e7\u00e3o da imprensa de Johannes Gutenberg, mas nenhum te\u00f3logo, por mais fan\u00e1tico por leitura que seja, jamais ousaria a alegar que Gutenberg \u00e9 um santo ou que a imprensa \u00e9 um objeto sagrado. Entretanto, o CULTO DOMINICAL e o TEMPLO s\u00e3o tidos como MOMENTO e LUGAR santo, respectivamente.<\/p>\n<blockquote><p><a id=\"e3bc\"><\/a>N\u00e3o ter\u00e1s outros deuses diante de mim.<\/p><\/blockquote>\n<blockquote><p><a id=\"cbc7\"><\/a><a href=\"http:\/\/www.bibliaonline.com.br\/acf\/ex\/20\/3\" target=\"_blank\" rel=\"nofollow\" data-href=\"http:\/\/www.bibliaonline.com.br\/acf\/ex\/20\/3\">\u00caxodo 20:<\/a>3<\/p><\/blockquote>\n<p style=\"text-align: justify;\"><a id=\"9964\"><\/a>Quando de dentro, de nossas humanas analises, sobre a pr\u00e1xis da igreja, criamos um MOMENTO e um LUGAR para o culto, os quais n\u00e3o tem qualquer referencia b\u00edblica e a eles conferimos status de santidade acabamos por esbarrar na quest\u00e3o da idolatria, criando um \u00cdDOLO de pedra, chamado TEMPLO ou de tempo, chamado CULTO DOMINICAL, os quais s\u00e3o, na mentalidade de quem n\u00e3o questiona as motiva\u00e7\u00f5es de sua f\u00e9, as portas de entrada para uma adora\u00e7\u00e3o mecanizada e completamente previs\u00edvel, ensaiada e destitu\u00edda do elemento que motiva Deus a colocar suas m\u00e3os no barro e soprar em suas narinas o folego de vida criando a humanidade, a saber, comunh\u00e3o.<\/p>\n<p style=\"text-align: justify;\"><a id=\"be87\"><\/a>A comunh\u00e3o entre DEUS e o HOMEM \u00e9 um elemento prim\u00e1rio e inegoci\u00e1vel do cristianismo, assim como a comunh\u00e3o entre os santos que s\u00e3o acolhidos no aprisco do pastor Jesus Cristo. N\u00e3o existe crist\u00e3o sem Cristo na mesma propor\u00e7\u00e3o que n\u00e3o existe crist\u00e3o sem comunh\u00e3o (igreja) e o Culto publico \u00e9 efetivamente, a jun\u00e7\u00e3o desses dois elementos, num \u00fanico momento e lugar, temos comunh\u00e3o com Deus e com os irm\u00e3os. Contudo, a instaura\u00e7\u00e3o e institucionaliza\u00e7\u00e3o de um momento e um lugar (que acredito, ningu\u00e9m mais julga serem santos por si s\u00f3) viabiliza a possibilidade de cumprir um ritual sem manter a comunh\u00e3o, nem com os irm\u00e3os, muito menos com o pr\u00f3prio Deus.<\/p>\n<p style=\"text-align: justify;\"><a id=\"618d\"><\/a>Se reunir semanalmente para cantar algumas musicas, ler a palavra, dar um dinheiro, abra\u00e7ar alguns conhecido como se realmente se importasse com a vida deles e ir embora para casa com a sensa\u00e7\u00e3o e miss\u00e3o cumprida, \u00e9 uma inven\u00e7\u00e3o de homens e n\u00e3o um mandamento divino.<\/p>\n<p style=\"text-align: justify;\"><a id=\"92f1\"><\/a>Com o objetivo de fujir da dana\u00e7\u00e3o eterna do inferno que nos \u00e9 pregada por pregadores que n\u00e3o compreenderam exatamente que a rela\u00e7\u00e3o entre o homem e Cristo se d\u00e1 por amor e n\u00e3o por medo, acabam criando a mentalidade de que \u00e9 melhor, ou pior, de que \u00e9 suficiente, ir ao CULTO DOMINICAL na IGREJA, num momentos e lugar espec\u00edficos para acessar o cora\u00e7\u00e3o de Deus, como um funcion\u00e1rio que precisa bater ponto no hor\u00e1rio certo para n\u00e3o ser punido por seu inflex\u00edvel chefe.<\/p>\n<p style=\"text-align: justify;\"><a id=\"9226\"><\/a>A\u00ed vivemos em muitos casos a sensa\u00e7\u00e3o de que somos jogados entre dois extremos, por um lado a necessidade de estarmos semanalmente na igreja para evitar que sejamos lan\u00e7ados no fogo do inferno e a inevit\u00e1vel chatice e falta de sentido que muitos cultos tem. Seria essas sensa\u00e7\u00e3o de fastio, causa ou consequ\u00eancia de uma reuni\u00e3o semanal que n\u00e3o objetiva a comunh\u00e3o, mas a pura e simples manuten\u00e7\u00e3o de uma institui\u00e7\u00e3o feita por homens?<\/p>\n<p style=\"text-align: justify;\"><a id=\"d91f\"><\/a>Assim, rituais repetido e distantes do objetivo prim\u00e1rio aos longo dos s\u00e9culos, furtados do sentido que tinham no inicio, tentam reestruturar ou reinventar os cultos, focando em pastores legais com \u00f3culos de aro grosso, tatuagens e camisas xadrez, musicas que imitam as musicas que se repetem nas r\u00e1dios e gerando um ambiente que ativa as sensa\u00e7\u00f5es mais que os afetos, mantendo a ess\u00eancia ritual\u00edstica sem restaurar o sentido far\u00e3o com que fatalmente, dentro de alguns anos, tenhamos que nos reestruturar e mudar novamente, para que a igreja n\u00e3o esvazie mais uma vez com novos movimentos de entretenimentos eclesi\u00e1sticos.<\/p>\n<blockquote><p><a id=\"11b0\"><\/a>Vamos acabar com os CULTOS e com os TEMPLOS? Essa \u00e9 a sua proposta?<\/p><\/blockquote>\n<p style=\"text-align: justify;\"><a id=\"598d\"><\/a>N\u00e3o, definitivamente, acabar com os cultos e com os templos de uma hora para outra n\u00e3o \u00e9 a solu\u00e7\u00e3o, mas REPENSAR o MOMENTO e o LUGAR da adora\u00e7\u00e3o, j\u00e1 seria um bom come\u00e7o<\/p>\n<p style=\"text-align: justify;\"><a id=\"9ca8\"><\/a>Acabar com uma tradi\u00e7\u00e3o, apenas porque ela \u00e9 TRADICIONAL \u00e9 ainda mais idiota que continuar com uma tradi\u00e7\u00e3o, apenas porque ela \u00e9 tradicional, assim, acabar com os elementos que citei, apenas porque n\u00e3o s\u00e3o b\u00edblicos seria uma burrice sem tamanho diante da fragilidade emocional e teol\u00f3gica da maioria dos crist\u00e3os brasileiros.<\/p>\n<p style=\"text-align: justify;\"><a id=\"2e2c\"><\/a>\u00c9 vis\u00edvel que muitos dos lideres das igrejas se utilizam da fragilidade emocional e ignor\u00e2ncia teol\u00f3gica da maioria dos brasileiros no objetivo de continuar propagando uma teologia de domina\u00e7\u00e3o que sustenta o poder que os mesmos tem, transformando aquilo que deveria ser o porto seguro do mundo em mais uma estrutura corrupta e cheia de jogos de interesse e ainda que possa soar como exagero para alguns dizer que o CULTO e o TEMPLO sejam a materializa\u00e7\u00e3o disso, afirmo que s\u00e3o. Com certeza voc\u00ea j\u00e1 ouviu a frase:<\/p>\n<blockquote><p><a id=\"3c29\"><\/a>\u201cMas Deus nunca tirou ferias de voc\u00ea, por que voc\u00ea tiraria ferias de Deus?\u201d<\/p><\/blockquote>\n<p style=\"text-align: justify;\"><a id=\"ff2b\"><\/a>Por mais que essa frase seja dita com boa inten\u00e7\u00e3o (tenho c\u00e1 minhas duvidas) ela parte da logica de que n\u00e3o ir ao culto, num local e momento determinado \u00e9 se afastar de Deus, como se Deus n\u00e3o estivesse o tempo inteiro em todos os lugares. Que absurdo, n\u00e3o? Porem esse absurdo \u00e9 propagado como verdade a muito e muito tempo e por mais que soe absurdo aqui, tenho certeza que em algum momento da sua vida voc\u00ea j\u00e1 ouviu algo parecido com a frase que disse.<\/p>\n<p style=\"text-align: justify;\"><a id=\"0686\"><\/a>As faltas nos cultos s\u00f3 s\u00e3o aliviadas por motivo de \u201ctrabalho\u201d, o que nos mostra que alem de desacreditar da onipresen\u00e7a de Deus, colocamos ainda o trabalho como mais importante que a comunh\u00e3o com ele, partindo da logica que comunh\u00e3o s\u00f3 acontece num lugar e momento na semana? Meu Deus\u2026 Somos Ateus e Materialistas, n\u00e3o cremos que Deus \u00e9 T\u00c3O DEUS quanto a b\u00edblia afirma e trocamos Deus pelo trabalho!<\/p>\n<p style=\"text-align: justify;\"><a id=\"ac9b\"><\/a>Assim, proponho que tenhamos menos CULTOS DOMINICAIS, abrirmos m\u00e3o de sermos crist\u00e3os dentro das quatro paredes durante o periodo do culto e sejamos crist\u00e3os fora do templo.<\/p>\n<p style=\"text-align: justify;\"><a id=\"1efc\"><\/a>A sociedade precisa urgentemente da manifesta\u00e7\u00e3o de homens e mulheres que se portem de maneira revolucionariamente amorosa como Cristo agiu com seus contempor\u00e2neos e diante dessa necessidade estamos nos escondendo dentro de igrejas que nos \u201cprotegem\u201d de tudo de ruim que o mundo oferece e simultaneamente, privando o mundo da manifesta\u00e7\u00e3o dos filhos de Deus. o Mundo precisa de menos templos, menos cultos dominicais, e mais encontros para conversar e rir nas mesas dos restaurantes, chorar e se confessar nas salas de jantar, o mundo precisa de mais homens e mulheres de Deus, dispostos a serem a continua\u00e7\u00e3o de Cristo na terra, dispostos a pagar o pre\u00e7o da comunh\u00e3o com quem ainda n\u00e3o entendeu quem Cristo \u00e9 e o que significa ser crist\u00e3o. O mundo precisa da igreja, alias<\/p>\n<blockquote><p><a id=\"bd78\"><\/a>A natureza criada aguarda, com grande expectativa, que os filhos de Deus sejam revelados. Pois ela foi submetida \u00e0 futilidade, n\u00e3o pela sua pr\u00f3pria escolha, mas por causa da vontade daquele que a sujeitou, na esperan\u00e7a<br \/>\nde que a pr\u00f3pria natureza criada ser\u00e1 libertada da escravid\u00e3o da decad\u00eancia em que se encontra para a gloriosa liberdade dos filhos de Deus.<br \/>\nSabemos que toda a natureza criada geme at\u00e9 agora, como em dores de parto.<\/p><\/blockquote>\n<blockquote><p><a id=\"e156\"><\/a><a href=\"http:\/\/www.bibliaonline.com.br\/nvi\/rm\/8\/19-22\" target=\"_blank\" rel=\"nofollow\" data-href=\"http:\/\/www.bibliaonline.com.br\/nvi\/rm\/8\/19-22\">Romanos 8:19\u20132<\/a>2<\/p><\/blockquote>\n<p style=\"text-align: justify;\"><a id=\"8369\"><\/a>Deixe de adorar \u00eddolos feitos por m\u00e3os humanas, s\u00f3 assim poderemos ser crist\u00e3os aut\u00eanticos<\/p>\n","protected":false},"excerpt":{"rendered":"<p>\u00a0 Voc\u00ea j\u00e1 parou pra pensar que o CULTO DOMINICAL n\u00e3o \u00e9 uma institui\u00e7\u00e3o B\u00edblica, mas uma inven\u00e7\u00e3o dos homens que seguem [&hellip;]<\/p>\n","protected":false},"author":9,"featured_media":11269,"comment_status":"open","ping_status":"open","sticky":false,"template":"","format":"standard","meta":{"_exactmetrics_skip_tracking":false,"_exactmetrics_sitenote_active":false,"_exactmetrics_sitenote_note":"","_exactmetrics_sitenote_category":0,"footnotes":"","_links_to":"","_links_to_target":""},"categories":[112],"tags":[68,2620,495,1016,1323],"class_list":{"0":"post-11268","1":"post","2":"type-post","3":"status-publish","4":"format-standard","5":"has-post-thumbnail","6":"hentry","7":"category-artigos","8":"tag-cristianismo","9":"tag-culto","10":"tag-espiritualidade","11":"tag-religiao","12":"tag-tempo","14":"post-with-thumbnail","15":"post-with-thumbnail-large"},"yoast_head":"<!-- This site is optimized with the Yoast SEO plugin v27.1.1 - https:\/\/yoast.com\/product\/yoast-seo-wordpress\/ -->\n<title>Cr\u00edtica ao CULTO e ao TEMPLO - Crentassos Produ\u00e7\u00f5es Subversivas<\/title>\n<meta name=\"robots\" content=\"index, follow, max-snippet:-1, max-image-preview:large, max-video-preview:-1\" \/>\n<link rel=\"canonical\" href=\"https:\/\/crentassos.com.br\/blog\/2014\/12\/critica-ao-culto-e-ao-templo.html\" \/>\n<meta property=\"og:locale\" content=\"pt_BR\" \/>\n<meta property=\"og:type\" content=\"article\" \/>\n<meta property=\"og:title\" content=\"Cr\u00edtica ao CULTO e ao TEMPLO - Crentassos Produ\u00e7\u00f5es Subversivas\" \/>\n<meta property=\"og:description\" content=\"\u00a0 Voc\u00ea j\u00e1 parou pra pensar que o CULTO DOMINICAL n\u00e3o \u00e9 uma institui\u00e7\u00e3o B\u00edblica, mas uma inven\u00e7\u00e3o dos homens que seguem [&hellip;]\" \/>\n<meta property=\"og:url\" content=\"https:\/\/crentassos.com.br\/blog\/2014\/12\/critica-ao-culto-e-ao-templo.html\" \/>\n<meta property=\"og:site_name\" content=\"Crentassos Produ\u00e7\u00f5es Subversivas\" \/>\n<meta property=\"article:publisher\" content=\"http:\/\/www.facebook.com\/crentassos\" \/>\n<meta property=\"article:published_time\" content=\"2014-12-17T17:26:35+00:00\" \/>\n<meta property=\"article:modified_time\" content=\"2014-12-17T17:33:13+00:00\" \/>\n<meta property=\"og:image\" content=\"https:\/\/crentassos.com.br\/blog\/wp-content\/uploads\/adorac3a7c3a3o-ao-bezerro-de-ouro_andrea-di-lione-1596e280931675.jpg\" \/>\n\t<meta property=\"og:image:width\" content=\"1134\" \/>\n\t<meta property=\"og:image:height\" content=\"780\" \/>\n\t<meta property=\"og:image:type\" content=\"image\/jpeg\" \/>\n<meta name=\"author\" content=\"Cristiano Machado\" \/>\n<meta name=\"twitter:card\" content=\"summary_large_image\" \/>\n<meta name=\"twitter:creator\" content=\"@crentassos\" \/>\n<meta name=\"twitter:site\" content=\"@crentassos\" \/>\n<meta name=\"twitter:label1\" content=\"Escrito por\" \/>\n\t<meta name=\"twitter:data1\" content=\"Cristiano Machado\" \/>\n\t<meta name=\"twitter:label2\" content=\"Est. tempo de leitura\" \/>\n\t<meta name=\"twitter:data2\" content=\"7 minutos\" \/>\n<script type=\"application\/ld+json\" class=\"yoast-schema-graph\">{\"@context\":\"https:\/\/schema.org\",\"@graph\":[{\"@type\":\"Article\",\"@id\":\"https:\/\/crentassos.com.br\/blog\/2014\/12\/critica-ao-culto-e-ao-templo.html#article\",\"isPartOf\":{\"@id\":\"https:\/\/crentassos.com.br\/blog\/2014\/12\/critica-ao-culto-e-ao-templo.html\"},\"author\":{\"name\":\"Cristiano Machado\",\"@id\":\"https:\/\/crentassos.com.br\/blog\/#\/schema\/person\/7ec3329a98c44e20ccd6cc2c9e18acbd\"},\"headline\":\"Cr\u00edtica ao CULTO e ao TEMPLO\",\"datePublished\":\"2014-12-17T17:26:35+00:00\",\"dateModified\":\"2014-12-17T17:33:13+00:00\",\"mainEntityOfPage\":{\"@id\":\"https:\/\/crentassos.com.br\/blog\/2014\/12\/critica-ao-culto-e-ao-templo.html\"},\"wordCount\":1453,\"commentCount\":3,\"publisher\":{\"@id\":\"https:\/\/crentassos.com.br\/blog\/#organization\"},\"image\":{\"@id\":\"https:\/\/crentassos.com.br\/blog\/2014\/12\/critica-ao-culto-e-ao-templo.html#primaryimage\"},\"thumbnailUrl\":\"https:\/\/crentassos.com.br\/blog\/wp-content\/uploads\/adorac3a7c3a3o-ao-bezerro-de-ouro_andrea-di-lione-1596e280931675.jpg\",\"keywords\":[\"Cristianismo\",\"culto\",\"espiritualidade\",\"religi\u00e3o\",\"tempo\"],\"articleSection\":[\"Artigos\"],\"inLanguage\":\"pt-BR\",\"potentialAction\":[{\"@type\":\"CommentAction\",\"name\":\"Comment\",\"target\":[\"https:\/\/crentassos.com.br\/blog\/2014\/12\/critica-ao-culto-e-ao-templo.html#respond\"]}]},{\"@type\":\"WebPage\",\"@id\":\"https:\/\/crentassos.com.br\/blog\/2014\/12\/critica-ao-culto-e-ao-templo.html\",\"url\":\"https:\/\/crentassos.com.br\/blog\/2014\/12\/critica-ao-culto-e-ao-templo.html\",\"name\":\"Cr\u00edtica ao CULTO e ao TEMPLO - Crentassos Produ\u00e7\u00f5es Subversivas\",\"isPartOf\":{\"@id\":\"https:\/\/crentassos.com.br\/blog\/#website\"},\"primaryImageOfPage\":{\"@id\":\"https:\/\/crentassos.com.br\/blog\/2014\/12\/critica-ao-culto-e-ao-templo.html#primaryimage\"},\"image\":{\"@id\":\"https:\/\/crentassos.com.br\/blog\/2014\/12\/critica-ao-culto-e-ao-templo.html#primaryimage\"},\"thumbnailUrl\":\"https:\/\/crentassos.com.br\/blog\/wp-content\/uploads\/adorac3a7c3a3o-ao-bezerro-de-ouro_andrea-di-lione-1596e280931675.jpg\",\"datePublished\":\"2014-12-17T17:26:35+00:00\",\"dateModified\":\"2014-12-17T17:33:13+00:00\",\"breadcrumb\":{\"@id\":\"https:\/\/crentassos.com.br\/blog\/2014\/12\/critica-ao-culto-e-ao-templo.html#breadcrumb\"},\"inLanguage\":\"pt-BR\",\"potentialAction\":[{\"@type\":\"ReadAction\",\"target\":[\"https:\/\/crentassos.com.br\/blog\/2014\/12\/critica-ao-culto-e-ao-templo.html\"]}]},{\"@type\":\"ImageObject\",\"inLanguage\":\"pt-BR\",\"@id\":\"https:\/\/crentassos.com.br\/blog\/2014\/12\/critica-ao-culto-e-ao-templo.html#primaryimage\",\"url\":\"https:\/\/crentassos.com.br\/blog\/wp-content\/uploads\/adorac3a7c3a3o-ao-bezerro-de-ouro_andrea-di-lione-1596e280931675.jpg\",\"contentUrl\":\"https:\/\/crentassos.com.br\/blog\/wp-content\/uploads\/adorac3a7c3a3o-ao-bezerro-de-ouro_andrea-di-lione-1596e280931675.jpg\",\"width\":1134,\"height\":780},{\"@type\":\"BreadcrumbList\",\"@id\":\"https:\/\/crentassos.com.br\/blog\/2014\/12\/critica-ao-culto-e-ao-templo.html#breadcrumb\",\"itemListElement\":[{\"@type\":\"ListItem\",\"position\":1,\"name\":\"Home\",\"item\":\"https:\/\/crentassos.com.br\/blog\/\"},{\"@type\":\"ListItem\",\"position\":2,\"name\":\"Cr\u00edtica ao CULTO e ao TEMPLO\"}]},{\"@type\":\"WebSite\",\"@id\":\"https:\/\/crentassos.com.br\/blog\/#website\",\"url\":\"https:\/\/crentassos.com.br\/blog\/\",\"name\":\"Crentassos Produ\u00e7\u00f5es Subversivas\",\"description\":\"Podcast Crist\u00e3o, Podcrent, Da Prateleira, Artigos crist\u00e3os, Teologia, Estudos, Textos B\u00edblicos\",\"publisher\":{\"@id\":\"https:\/\/crentassos.com.br\/blog\/#organization\"},\"potentialAction\":[{\"@type\":\"SearchAction\",\"target\":{\"@type\":\"EntryPoint\",\"urlTemplate\":\"https:\/\/crentassos.com.br\/blog\/?s={search_term_string}\"},\"query-input\":{\"@type\":\"PropertyValueSpecification\",\"valueRequired\":true,\"valueName\":\"search_term_string\"}}],\"inLanguage\":\"pt-BR\"},{\"@type\":\"Organization\",\"@id\":\"https:\/\/crentassos.com.br\/blog\/#organization\",\"name\":\"Crentassos Produ\u00e7\u00f5es Subversivas\",\"url\":\"https:\/\/crentassos.com.br\/blog\/\",\"logo\":{\"@type\":\"ImageObject\",\"inLanguage\":\"pt-BR\",\"@id\":\"https:\/\/crentassos.com.br\/blog\/#\/schema\/logo\/image\/\",\"url\":\"https:\/\/crentassos.com.br\/blog\/wp-content\/uploads\/2020\/05\/cropped-crentassos1-300x300png.png\",\"contentUrl\":\"https:\/\/crentassos.com.br\/blog\/wp-content\/uploads\/2020\/05\/cropped-crentassos1-300x300png.png\",\"width\":300,\"height\":300,\"caption\":\"Crentassos Produ\u00e7\u00f5es Subversivas\"},\"image\":{\"@id\":\"https:\/\/crentassos.com.br\/blog\/#\/schema\/logo\/image\/\"},\"sameAs\":[\"http:\/\/www.facebook.com\/crentassos\",\"https:\/\/x.com\/crentassos\",\"https:\/\/www.instagram.com\/crentassos\",\"https:\/\/www.youtube.com\/crentassos\"]},{\"@type\":\"Person\",\"@id\":\"https:\/\/crentassos.com.br\/blog\/#\/schema\/person\/7ec3329a98c44e20ccd6cc2c9e18acbd\",\"name\":\"Cristiano Machado\",\"image\":{\"@type\":\"ImageObject\",\"inLanguage\":\"pt-BR\",\"@id\":\"https:\/\/crentassos.com.br\/blog\/#\/schema\/person\/image\/\",\"url\":\"https:\/\/secure.gravatar.com\/avatar\/3e7427d384f99d15935b3008477c324124816869ceb70e362e586dcccdb265bf?s=96&d=retro&r=g\",\"contentUrl\":\"https:\/\/secure.gravatar.com\/avatar\/3e7427d384f99d15935b3008477c324124816869ceb70e362e586dcccdb265bf?s=96&d=retro&r=g\",\"caption\":\"Cristiano Machado\"},\"description\":\"Cristiano Machado \u00e9 o culpado pelo inicio do COLETIVO CRENTASSOS PRODU\u00c7\u00d5ES SUBVERSIVAS e atua como auxiliar de cirurgi\u00e3o barbeiro, tocando o bumbo, jogando malabares, preparando o elixir, costurando amputa\u00e7\u00f5es e demais atividades relacionadas \u00e0 sua ocupa\u00e7\u00e3o. Pensa n\u00e3o vida em forma de pergunta e nunca de resposta, e tem um profundo sentimento de gratid\u00e3o e amor por sua esposa e filha. Religi\u00e3o: Crist\u00e3o Protestante Reformando-se Estado Civil: Inteiramente apaixonado\",\"sameAs\":[\"http:\/\/crentassos.com.br\/blog\"],\"url\":\"https:\/\/crentassos.com.br\/blog\/author\/o_cristiano\"}]}<\/script>\n<!-- \/ Yoast SEO plugin. -->","yoast_head_json":{"title":"Cr\u00edtica ao CULTO e ao TEMPLO - Crentassos Produ\u00e7\u00f5es Subversivas","robots":{"index":"index","follow":"follow","max-snippet":"max-snippet:-1","max-image-preview":"max-image-preview:large","max-video-preview":"max-video-preview:-1"},"canonical":"https:\/\/crentassos.com.br\/blog\/2014\/12\/critica-ao-culto-e-ao-templo.html","og_locale":"pt_BR","og_type":"article","og_title":"Cr\u00edtica ao CULTO e ao TEMPLO - Crentassos Produ\u00e7\u00f5es Subversivas","og_description":"\u00a0 Voc\u00ea j\u00e1 parou pra pensar que o CULTO DOMINICAL n\u00e3o \u00e9 uma institui\u00e7\u00e3o B\u00edblica, mas uma inven\u00e7\u00e3o dos homens que seguem [&hellip;]","og_url":"https:\/\/crentassos.com.br\/blog\/2014\/12\/critica-ao-culto-e-ao-templo.html","og_site_name":"Crentassos Produ\u00e7\u00f5es Subversivas","article_publisher":"http:\/\/www.facebook.com\/crentassos","article_published_time":"2014-12-17T17:26:35+00:00","article_modified_time":"2014-12-17T17:33:13+00:00","og_image":[{"width":1134,"height":780,"url":"https:\/\/crentassos.com.br\/blog\/wp-content\/uploads\/adorac3a7c3a3o-ao-bezerro-de-ouro_andrea-di-lione-1596e280931675.jpg","type":"image\/jpeg"}],"author":"Cristiano Machado","twitter_card":"summary_large_image","twitter_creator":"@crentassos","twitter_site":"@crentassos","twitter_misc":{"Escrito por":"Cristiano Machado","Est. tempo de leitura":"7 minutos"},"schema":{"@context":"https:\/\/schema.org","@graph":[{"@type":"Article","@id":"https:\/\/crentassos.com.br\/blog\/2014\/12\/critica-ao-culto-e-ao-templo.html#article","isPartOf":{"@id":"https:\/\/crentassos.com.br\/blog\/2014\/12\/critica-ao-culto-e-ao-templo.html"},"author":{"name":"Cristiano Machado","@id":"https:\/\/crentassos.com.br\/blog\/#\/schema\/person\/7ec3329a98c44e20ccd6cc2c9e18acbd"},"headline":"Cr\u00edtica ao CULTO e ao TEMPLO","datePublished":"2014-12-17T17:26:35+00:00","dateModified":"2014-12-17T17:33:13+00:00","mainEntityOfPage":{"@id":"https:\/\/crentassos.com.br\/blog\/2014\/12\/critica-ao-culto-e-ao-templo.html"},"wordCount":1453,"commentCount":3,"publisher":{"@id":"https:\/\/crentassos.com.br\/blog\/#organization"},"image":{"@id":"https:\/\/crentassos.com.br\/blog\/2014\/12\/critica-ao-culto-e-ao-templo.html#primaryimage"},"thumbnailUrl":"https:\/\/crentassos.com.br\/blog\/wp-content\/uploads\/adorac3a7c3a3o-ao-bezerro-de-ouro_andrea-di-lione-1596e280931675.jpg","keywords":["Cristianismo","culto","espiritualidade","religi\u00e3o","tempo"],"articleSection":["Artigos"],"inLanguage":"pt-BR","potentialAction":[{"@type":"CommentAction","name":"Comment","target":["https:\/\/crentassos.com.br\/blog\/2014\/12\/critica-ao-culto-e-ao-templo.html#respond"]}]},{"@type":"WebPage","@id":"https:\/\/crentassos.com.br\/blog\/2014\/12\/critica-ao-culto-e-ao-templo.html","url":"https:\/\/crentassos.com.br\/blog\/2014\/12\/critica-ao-culto-e-ao-templo.html","name":"Cr\u00edtica ao CULTO e ao TEMPLO - Crentassos Produ\u00e7\u00f5es Subversivas","isPartOf":{"@id":"https:\/\/crentassos.com.br\/blog\/#website"},"primaryImageOfPage":{"@id":"https:\/\/crentassos.com.br\/blog\/2014\/12\/critica-ao-culto-e-ao-templo.html#primaryimage"},"image":{"@id":"https:\/\/crentassos.com.br\/blog\/2014\/12\/critica-ao-culto-e-ao-templo.html#primaryimage"},"thumbnailUrl":"https:\/\/crentassos.com.br\/blog\/wp-content\/uploads\/adorac3a7c3a3o-ao-bezerro-de-ouro_andrea-di-lione-1596e280931675.jpg","datePublished":"2014-12-17T17:26:35+00:00","dateModified":"2014-12-17T17:33:13+00:00","breadcrumb":{"@id":"https:\/\/crentassos.com.br\/blog\/2014\/12\/critica-ao-culto-e-ao-templo.html#breadcrumb"},"inLanguage":"pt-BR","potentialAction":[{"@type":"ReadAction","target":["https:\/\/crentassos.com.br\/blog\/2014\/12\/critica-ao-culto-e-ao-templo.html"]}]},{"@type":"ImageObject","inLanguage":"pt-BR","@id":"https:\/\/crentassos.com.br\/blog\/2014\/12\/critica-ao-culto-e-ao-templo.html#primaryimage","url":"https:\/\/crentassos.com.br\/blog\/wp-content\/uploads\/adorac3a7c3a3o-ao-bezerro-de-ouro_andrea-di-lione-1596e280931675.jpg","contentUrl":"https:\/\/crentassos.com.br\/blog\/wp-content\/uploads\/adorac3a7c3a3o-ao-bezerro-de-ouro_andrea-di-lione-1596e280931675.jpg","width":1134,"height":780},{"@type":"BreadcrumbList","@id":"https:\/\/crentassos.com.br\/blog\/2014\/12\/critica-ao-culto-e-ao-templo.html#breadcrumb","itemListElement":[{"@type":"ListItem","position":1,"name":"Home","item":"https:\/\/crentassos.com.br\/blog\/"},{"@type":"ListItem","position":2,"name":"Cr\u00edtica ao CULTO e ao TEMPLO"}]},{"@type":"WebSite","@id":"https:\/\/crentassos.com.br\/blog\/#website","url":"https:\/\/crentassos.com.br\/blog\/","name":"Crentassos Produ\u00e7\u00f5es Subversivas","description":"Podcast Crist\u00e3o, Podcrent, Da Prateleira, Artigos crist\u00e3os, Teologia, Estudos, Textos B\u00edblicos","publisher":{"@id":"https:\/\/crentassos.com.br\/blog\/#organization"},"potentialAction":[{"@type":"SearchAction","target":{"@type":"EntryPoint","urlTemplate":"https:\/\/crentassos.com.br\/blog\/?s={search_term_string}"},"query-input":{"@type":"PropertyValueSpecification","valueRequired":true,"valueName":"search_term_string"}}],"inLanguage":"pt-BR"},{"@type":"Organization","@id":"https:\/\/crentassos.com.br\/blog\/#organization","name":"Crentassos Produ\u00e7\u00f5es Subversivas","url":"https:\/\/crentassos.com.br\/blog\/","logo":{"@type":"ImageObject","inLanguage":"pt-BR","@id":"https:\/\/crentassos.com.br\/blog\/#\/schema\/logo\/image\/","url":"https:\/\/crentassos.com.br\/blog\/wp-content\/uploads\/2020\/05\/cropped-crentassos1-300x300png.png","contentUrl":"https:\/\/crentassos.com.br\/blog\/wp-content\/uploads\/2020\/05\/cropped-crentassos1-300x300png.png","width":300,"height":300,"caption":"Crentassos Produ\u00e7\u00f5es Subversivas"},"image":{"@id":"https:\/\/crentassos.com.br\/blog\/#\/schema\/logo\/image\/"},"sameAs":["http:\/\/www.facebook.com\/crentassos","https:\/\/x.com\/crentassos","https:\/\/www.instagram.com\/crentassos","https:\/\/www.youtube.com\/crentassos"]},{"@type":"Person","@id":"https:\/\/crentassos.com.br\/blog\/#\/schema\/person\/7ec3329a98c44e20ccd6cc2c9e18acbd","name":"Cristiano Machado","image":{"@type":"ImageObject","inLanguage":"pt-BR","@id":"https:\/\/crentassos.com.br\/blog\/#\/schema\/person\/image\/","url":"https:\/\/secure.gravatar.com\/avatar\/3e7427d384f99d15935b3008477c324124816869ceb70e362e586dcccdb265bf?s=96&d=retro&r=g","contentUrl":"https:\/\/secure.gravatar.com\/avatar\/3e7427d384f99d15935b3008477c324124816869ceb70e362e586dcccdb265bf?s=96&d=retro&r=g","caption":"Cristiano Machado"},"description":"Cristiano Machado \u00e9 o culpado pelo inicio do COLETIVO CRENTASSOS PRODU\u00c7\u00d5ES SUBVERSIVAS e atua como auxiliar de cirurgi\u00e3o barbeiro, tocando o bumbo, jogando malabares, preparando o elixir, costurando amputa\u00e7\u00f5es e demais atividades relacionadas \u00e0 sua ocupa\u00e7\u00e3o. Pensa n\u00e3o vida em forma de pergunta e nunca de resposta, e tem um profundo sentimento de gratid\u00e3o e amor por sua esposa e filha. Religi\u00e3o: Crist\u00e3o Protestante Reformando-se Estado Civil: Inteiramente apaixonado","sameAs":["http:\/\/crentassos.com.br\/blog"],"url":"https:\/\/crentassos.com.br\/blog\/author\/o_cristiano"}]}},"_links":{"self":[{"href":"https:\/\/crentassos.com.br\/blog\/wp-json\/wp\/v2\/posts\/11268","targetHints":{"allow":["GET"]}}],"collection":[{"href":"https:\/\/crentassos.com.br\/blog\/wp-json\/wp\/v2\/posts"}],"about":[{"href":"https:\/\/crentassos.com.br\/blog\/wp-json\/wp\/v2\/types\/post"}],"author":[{"embeddable":true,"href":"https:\/\/crentassos.com.br\/blog\/wp-json\/wp\/v2\/users\/9"}],"replies":[{"embeddable":true,"href":"https:\/\/crentassos.com.br\/blog\/wp-json\/wp\/v2\/comments?post=11268"}],"version-history":[{"count":3,"href":"https:\/\/crentassos.com.br\/blog\/wp-json\/wp\/v2\/posts\/11268\/revisions"}],"predecessor-version":[{"id":11273,"href":"https:\/\/crentassos.com.br\/blog\/wp-json\/wp\/v2\/posts\/11268\/revisions\/11273"}],"wp:featuredmedia":[{"embeddable":true,"href":"https:\/\/crentassos.com.br\/blog\/wp-json\/wp\/v2\/media\/11269"}],"wp:attachment":[{"href":"https:\/\/crentassos.com.br\/blog\/wp-json\/wp\/v2\/media?parent=11268"}],"wp:term":[{"taxonomy":"category","embeddable":true,"href":"https:\/\/crentassos.com.br\/blog\/wp-json\/wp\/v2\/categories?post=11268"},{"taxonomy":"post_tag","embeddable":true,"href":"https:\/\/crentassos.com.br\/blog\/wp-json\/wp\/v2\/tags?post=11268"}],"curies":[{"name":"wp","href":"https:\/\/api.w.org\/{rel}","templated":true}]}}