{"id":1121,"date":"2010-09-29T01:01:00","date_gmt":"2010-09-29T03:01:00","guid":{"rendered":"http:\/\/oueleouela.wordpress.com\/2010\/09\/29\/conplei-conselho-nacional-de-pastores-e-lideres-evangelicos-indigenas"},"modified":"2010-09-29T01:01:00","modified_gmt":"2010-09-29T03:01:00","slug":"conplei-conselho-nacional-de-pastores-e-lideres-evangelicos-indigenas","status":"publish","type":"post","link":"https:\/\/crentassos.com.br\/blog\/2010\/09\/conplei-conselho-nacional-de-pastores-e-lideres-evangelicos-indigenas.html","title":{"rendered":"CONPLEI &#8211; Conselho Nacional de Pastores e L\u00edderes Evang\u00e9licos Ind\u00edgenas"},"content":{"rendered":"<h1 class=\"title\" style=\"color:#003300;font-size:24px;font-weight:normal;line-height:normal;margin:0 auto;padding:10px 0;\"><span class=\"Apple-style-span\" style=\"font-family:Verdana, sans-serif;\">Sobre o Conplei<\/span><\/h1>\n<div class=\"tabs\" style=\"color:#535353;font-size:13px;line-height:16px;\"><\/div>\n<div class=\"node odd full-node node-type-page\" id=\"node-2\" style=\"color:#535353;font-family:sans-serif, Arial, Verdana, Helvetica;font-size:13px;line-height:16px;margin:.5em 0 2em;\">\n<div class=\"meta\">\n<div class=\"submitted\" style=\"color:#3f3f3f;font-size:.8em;\"><span class=\"Apple-style-span\" style=\"color:#535353;font-size:13px;\"><span class=\"Apple-style-span\" style=\"font-family:Verdana, sans-serif;\">Em 1500 quando os portugueses chegaram ao Brasil, mais de 5 milh\u00f5es de \u00edndios viviam aqui. Apesar disso, segundo os \u00faltimos levantamentos o seu n\u00famero hoje chega somente a 360 mil. Por esta p\u00e9ssima situa\u00e7\u00e3o, se despertou a consci\u00eancia de que era preciso preservar o povo restante. A situa\u00e7\u00e3o hoje, embora ainda preocupante, melhorou. A popula\u00e7\u00e3oo ind\u00edgena apresenta uma taxa de crescimento anual de 3,5%, bem mais alta que a m\u00e9dia nacional. Apesar de pequeno, este segmento da sociedade brasileira ocupa \u00e1reas demarcadas que equivalem a 11% do territ\u00f3rio nacional dividido em 245 na\u00e7\u00f5es. Os \u00edndios brasileiros falam cerca de 185 l\u00ednguas diferentes. Na \u00e9poca do descobrimento, eram 900 povos e mil e trezentos idiomas.\u00a0<\/span><\/span><\/div>\n<\/div>\n<div class=\"content\" style=\"margin:.5em 0;\">\n<div style=\"margin-bottom:.9em;margin-top:.5em;\"><span class=\"Apple-style-span\" style=\"font-family:Verdana, sans-serif;\">Nos \u00faltimos 10 anos uma s\u00e9rie de medidas vem restringindo cada vez mais as atividades do setor evang\u00e9lico no Brasil. Al\u00e9m disso, a articula\u00e7\u00e3o de intelectuais e estudiosos, com a repercuss\u00e3o na m\u00eddia, tem fomentado um sentimento hostil \u00e0s organiza\u00e7\u00f5es mission\u00e1rias. Obviamente, \u00e9 hora da igreja erguer a voz e agir positivamente para que o evangelho n\u00e3o seja impedido de penetrar as trevas de lugares sem o conhecimento de Cristo.<br \/>O\u00a0<\/span><strong><span class=\"Apple-style-span\" style=\"font-family:Verdana, sans-serif;\">Conselho Nacional de Pastores e L\u00edderes Evang\u00e9licos Ind\u00edgenas<\/span><\/strong><span class=\"Apple-style-span\" style=\"font-family:Verdana, sans-serif;\">, CONPLEI, ent\u00e3o nasceu do sonho de pastores e l\u00edderes evang\u00e9licos ind\u00edgenas que ardiam com a vis\u00e3o e paix\u00e3o de ver Deus glorificado entre as tribos do Brasil. No dia 22 de Mar\u00e7o de 1991, na sede da Sociedade B\u00edblica em Bras\u00edlia, aconteceu a primeira reuni\u00e3o do CONPLEI, sendo eleitos dois coordenadores gerais, Carlos Justino Terena e Idjarruri Karaj\u00e9.<\/span><\/div>\n<div style=\"margin-bottom:.9em;margin-top:.5em;\"><span class=\"Apple-style-span\" style=\"font-family:Verdana, sans-serif;\"><br \/><\/span><\/div>\n<div style=\"margin-bottom:.9em;margin-top:.5em;text-align:center;\"><span class=\"Apple-style-span\" style=\"font-family:Verdana, sans-serif;\"><\/span><\/div>\n<div style=\"margin-bottom:.9em;margin-top:.5em;\"><span class=\"Apple-style-span\" style=\"font-family:Verdana, sans-serif;\">Este \u00e9 um teste de exibi\u00e7\u00e3o de v\u00eddeos no novo site do Conplei atrav\u00e9s da integra\u00e7\u00e3o de conte\u00fados oferecida pela Web 2.0. Os v\u00eddeos inseridos no canal oficial do Conplei no Youtube (<\/span><span class=\"aptureLink \" id=\"apture_prvw1\" style=\"border-bottom-left-radius:4px 4px;border-bottom-right-radius:4px 4px;border-top-left-radius:4px 4px;border-top-right-radius:4px 4px;cursor:pointer!important;display:inline!important;float:none!important;border-color:initial!important;border-style:initial!important;border-width:0!important;margin:0!important;padding:0!important;\"><span class=\"aptureLinkIcon\" style=\"background-image:url('http:\/\/cdn.apture.com\/media\/imgs\/link_icons.gif?v12');background-position:100% -1448px;background-repeat:no-repeat no-repeat!important;display:inline!important;float:none!important;border-color:initial!important;border-style:initial!important;border-width:0!important;margin:0!important;padding:0 0 0 11px !important;\"><span class=\"Apple-style-span\" style=\"font-family:Verdana, sans-serif;\">\u00a0<\/span><\/span><a class=\"aptureLink snap_noshots\" href=\"http:\/\/www.youtube.com\/conplei\/\" style=\"color:#003300;cursor:pointer;display:inline!important;float:none!important;text-decoration:underline;border-color:initial!important;border-style:initial!important;border-width:0!important;margin:0!important;padding:0!important;\"><span class=\"Apple-style-span\" style=\"font-family:Verdana, sans-serif;\">www.youtube.com\/conplei<\/span><\/a><\/span><span class=\"Apple-style-span\" style=\"font-family:Verdana, sans-serif;\">) podem ser vistos diretamente no site e compartilhados por todos os internautas de forma simples, pr\u00e1tica e eficiente.<\/span><\/div>\n<div style=\"margin-bottom:.9em;margin-top:.5em;\"><span class=\"Apple-style-span\" style=\"font-family:Verdana, sans-serif;\"><br \/><\/span><\/div>\n<div style=\"margin-bottom:.9em;margin-top:.5em;\"><span class=\"Apple-style-span\" style=\"font-family:Verdana, sans-serif;\">***************************************************************<\/span><\/div>\n<div style=\"margin-bottom:.9em;margin-top:.5em;\"><span class=\"Apple-style-span\" style=\"font-family:Verdana, sans-serif;\">Uma irm\u00e3 em Cristo havia me falado desse evento que acontece de 3 em 3 anos e que reune ind\u00edgenas de todos o Brasil e de outros pa\u00edses. Segundo ela, \u00e9 um tempo muito especial para os \u00edndios, onde depois de saberem quem \u00e9 o Senhor Jesus, celebram o Reino sem perder a identidade.<\/span><\/div>\n<div style=\"margin-bottom:.9em;margin-top:.5em;\"><span class=\"Apple-style-span\" style=\"font-family:Verdana, sans-serif;\">O pr\u00f3ximo evento acontecer\u00e1 em 2012 na Chapada dos Guimar\u00e3es e sei que de Curitiba sair\u00e1 uma caravana e quem organizar\u00e1 ser\u00e1 a\u00a0<\/span><span class=\"Apple-style-span\" style=\"color:black;font-size:14px;line-height:normal;\"><span class=\"Apple-style-span\" style=\"font-family:Verdana, sans-serif;\"><a href=\"http:\/\/www.canaan.org.br\/loja\/contato1.php\">Irmandade Evang\u00e9lica de Maria<\/a> aqui em Curitiba. contato pelo telefone\u00a0<\/span><\/span><span class=\"Apple-style-span\" style=\"color:black;font-family:Verdana, sans-serif;font-size:14px;line-height:normal;\">(41) 3254-6730 ou acesse o <a href=\"http:\/\/www.canaan.org.br\/loja\/contato1.php\">site<\/a>.<\/span><\/div>\n<\/div>\n<div class=\"content\" style=\"margin:.5em 0;\"><span class=\"Apple-style-span\" style=\"color:black;font-family:'Times New Roman';font-size:medium;\"><span class=\"Apple-style-span\" style=\"font-size:14px;line-height:normal;\"><br \/><\/span><\/span><\/div>\n<\/div>\n","protected":false},"excerpt":{"rendered":"<p>Sobre o Conplei Em 1500 quando os portugueses chegaram ao Brasil, mais de 5 milh\u00f5es de \u00edndios viviam aqui. Apesar disso, segundo [&hellip;]<\/p>\n","protected":false},"author":1,"featured_media":0,"comment_status":"open","ping_status":"closed","sticky":false,"template":"","format":"standard","meta":{"_exactmetrics_skip_tracking":false,"_exactmetrics_sitenote_active":false,"_exactmetrics_sitenote_note":"","_exactmetrics_sitenote_category":0,"footnotes":"","_links_to":"","_links_to_target":""},"categories":[],"tags":[284,20,344],"class_list":["post-1121","post","type-post","status-publish","format-standard","hentry","tag-canaan","tag-carlos-marchiorato","tag-conplei"],"yoast_head":"<!-- This site is optimized with the Yoast SEO plugin v27.1.1 - https:\/\/yoast.com\/product\/yoast-seo-wordpress\/ -->\n<title>CONPLEI - Conselho Nacional de Pastores e L\u00edderes Evang\u00e9licos Ind\u00edgenas - Crentassos Produ\u00e7\u00f5es Subversivas<\/title>\n<meta name=\"robots\" content=\"index, follow, max-snippet:-1, max-image-preview:large, max-video-preview:-1\" \/>\n<link rel=\"canonical\" href=\"https:\/\/crentassos.com.br\/blog\/2010\/09\/conplei-conselho-nacional-de-pastores-e-lideres-evangelicos-indigenas.html\" \/>\n<meta property=\"og:locale\" content=\"pt_BR\" \/>\n<meta property=\"og:type\" content=\"article\" \/>\n<meta property=\"og:title\" content=\"CONPLEI - Conselho Nacional de Pastores e L\u00edderes Evang\u00e9licos Ind\u00edgenas - Crentassos Produ\u00e7\u00f5es Subversivas\" \/>\n<meta property=\"og:description\" content=\"Sobre o Conplei Em 1500 quando os portugueses chegaram ao Brasil, mais de 5 milh\u00f5es de \u00edndios viviam aqui. Apesar disso, segundo [&hellip;]\" \/>\n<meta property=\"og:url\" content=\"https:\/\/crentassos.com.br\/blog\/2010\/09\/conplei-conselho-nacional-de-pastores-e-lideres-evangelicos-indigenas.html\" \/>\n<meta property=\"og:site_name\" content=\"Crentassos Produ\u00e7\u00f5es Subversivas\" \/>\n<meta property=\"article:publisher\" content=\"http:\/\/www.facebook.com\/crentassos\" \/>\n<meta property=\"article:published_time\" content=\"2010-09-29T03:01:00+00:00\" \/>\n<meta name=\"author\" content=\"Crentassos\" \/>\n<meta name=\"twitter:card\" content=\"summary_large_image\" \/>\n<meta name=\"twitter:creator\" content=\"@crentassos\" \/>\n<meta name=\"twitter:site\" content=\"@crentassos\" \/>\n<meta name=\"twitter:label1\" content=\"Escrito por\" \/>\n\t<meta name=\"twitter:data1\" content=\"Crentassos\" \/>\n\t<meta name=\"twitter:label2\" content=\"Est. tempo de leitura\" \/>\n\t<meta name=\"twitter:data2\" content=\"2 minutos\" \/>\n<script type=\"application\/ld+json\" class=\"yoast-schema-graph\">{\"@context\":\"https:\/\/schema.org\",\"@graph\":[{\"@type\":\"Article\",\"@id\":\"https:\/\/crentassos.com.br\/blog\/2010\/09\/conplei-conselho-nacional-de-pastores-e-lideres-evangelicos-indigenas.html#article\",\"isPartOf\":{\"@id\":\"https:\/\/crentassos.com.br\/blog\/2010\/09\/conplei-conselho-nacional-de-pastores-e-lideres-evangelicos-indigenas.html\"},\"author\":{\"name\":\"Crentassos\",\"@id\":\"https:\/\/crentassos.com.br\/blog\/#\/schema\/person\/c143e75f920e3ad15d83540f47db500c\"},\"headline\":\"CONPLEI &#8211; Conselho Nacional de Pastores e L\u00edderes Evang\u00e9licos Ind\u00edgenas\",\"datePublished\":\"2010-09-29T03:01:00+00:00\",\"mainEntityOfPage\":{\"@id\":\"https:\/\/crentassos.com.br\/blog\/2010\/09\/conplei-conselho-nacional-de-pastores-e-lideres-evangelicos-indigenas.html\"},\"wordCount\":441,\"commentCount\":0,\"publisher\":{\"@id\":\"https:\/\/crentassos.com.br\/blog\/#organization\"},\"keywords\":[\"canaan\",\"carlos marchiorato\",\"CONPLEI\"],\"inLanguage\":\"pt-BR\",\"potentialAction\":[{\"@type\":\"CommentAction\",\"name\":\"Comment\",\"target\":[\"https:\/\/crentassos.com.br\/blog\/2010\/09\/conplei-conselho-nacional-de-pastores-e-lideres-evangelicos-indigenas.html#respond\"]}]},{\"@type\":\"WebPage\",\"@id\":\"https:\/\/crentassos.com.br\/blog\/2010\/09\/conplei-conselho-nacional-de-pastores-e-lideres-evangelicos-indigenas.html\",\"url\":\"https:\/\/crentassos.com.br\/blog\/2010\/09\/conplei-conselho-nacional-de-pastores-e-lideres-evangelicos-indigenas.html\",\"name\":\"CONPLEI - Conselho Nacional de Pastores e L\u00edderes Evang\u00e9licos Ind\u00edgenas - Crentassos Produ\u00e7\u00f5es Subversivas\",\"isPartOf\":{\"@id\":\"https:\/\/crentassos.com.br\/blog\/#website\"},\"datePublished\":\"2010-09-29T03:01:00+00:00\",\"breadcrumb\":{\"@id\":\"https:\/\/crentassos.com.br\/blog\/2010\/09\/conplei-conselho-nacional-de-pastores-e-lideres-evangelicos-indigenas.html#breadcrumb\"},\"inLanguage\":\"pt-BR\",\"potentialAction\":[{\"@type\":\"ReadAction\",\"target\":[\"https:\/\/crentassos.com.br\/blog\/2010\/09\/conplei-conselho-nacional-de-pastores-e-lideres-evangelicos-indigenas.html\"]}]},{\"@type\":\"BreadcrumbList\",\"@id\":\"https:\/\/crentassos.com.br\/blog\/2010\/09\/conplei-conselho-nacional-de-pastores-e-lideres-evangelicos-indigenas.html#breadcrumb\",\"itemListElement\":[{\"@type\":\"ListItem\",\"position\":1,\"name\":\"Home\",\"item\":\"https:\/\/crentassos.com.br\/blog\/\"},{\"@type\":\"ListItem\",\"position\":2,\"name\":\"CONPLEI &#8211; Conselho Nacional de Pastores e L\u00edderes Evang\u00e9licos Ind\u00edgenas\"}]},{\"@type\":\"WebSite\",\"@id\":\"https:\/\/crentassos.com.br\/blog\/#website\",\"url\":\"https:\/\/crentassos.com.br\/blog\/\",\"name\":\"Crentassos Produ\u00e7\u00f5es Subversivas\",\"description\":\"Podcast Crist\u00e3o, Podcrent, Da Prateleira, Artigos crist\u00e3os, Teologia, Estudos, Textos B\u00edblicos\",\"publisher\":{\"@id\":\"https:\/\/crentassos.com.br\/blog\/#organization\"},\"potentialAction\":[{\"@type\":\"SearchAction\",\"target\":{\"@type\":\"EntryPoint\",\"urlTemplate\":\"https:\/\/crentassos.com.br\/blog\/?s={search_term_string}\"},\"query-input\":{\"@type\":\"PropertyValueSpecification\",\"valueRequired\":true,\"valueName\":\"search_term_string\"}}],\"inLanguage\":\"pt-BR\"},{\"@type\":\"Organization\",\"@id\":\"https:\/\/crentassos.com.br\/blog\/#organization\",\"name\":\"Crentassos Produ\u00e7\u00f5es Subversivas\",\"url\":\"https:\/\/crentassos.com.br\/blog\/\",\"logo\":{\"@type\":\"ImageObject\",\"inLanguage\":\"pt-BR\",\"@id\":\"https:\/\/crentassos.com.br\/blog\/#\/schema\/logo\/image\/\",\"url\":\"https:\/\/crentassos.com.br\/blog\/wp-content\/uploads\/2020\/05\/cropped-crentassos1-300x300png.png\",\"contentUrl\":\"https:\/\/crentassos.com.br\/blog\/wp-content\/uploads\/2020\/05\/cropped-crentassos1-300x300png.png\",\"width\":300,\"height\":300,\"caption\":\"Crentassos Produ\u00e7\u00f5es Subversivas\"},\"image\":{\"@id\":\"https:\/\/crentassos.com.br\/blog\/#\/schema\/logo\/image\/\"},\"sameAs\":[\"http:\/\/www.facebook.com\/crentassos\",\"https:\/\/x.com\/crentassos\",\"https:\/\/www.instagram.com\/crentassos\",\"https:\/\/www.youtube.com\/crentassos\"]},{\"@type\":\"Person\",\"@id\":\"https:\/\/crentassos.com.br\/blog\/#\/schema\/person\/c143e75f920e3ad15d83540f47db500c\",\"name\":\"Crentassos\",\"image\":{\"@type\":\"ImageObject\",\"inLanguage\":\"pt-BR\",\"@id\":\"https:\/\/crentassos.com.br\/blog\/#\/schema\/person\/image\/\",\"url\":\"https:\/\/secure.gravatar.com\/avatar\/cb1b9c88bcd90ec2f909823639a352ece8d3a3cea59b9d08637fe057502fa227?s=96&d=retro&r=g\",\"contentUrl\":\"https:\/\/secure.gravatar.com\/avatar\/cb1b9c88bcd90ec2f909823639a352ece8d3a3cea59b9d08637fe057502fa227?s=96&d=retro&r=g\",\"caption\":\"Crentassos\"},\"description\":\"Perfil padr\u00e3o do blog dos Crentassos.\",\"sameAs\":[\"http:\/\/www.crentassos.com.br\"],\"url\":\"https:\/\/crentassos.com.br\/blog\/author\/crentassos\"}]}<\/script>\n<!-- \/ Yoast SEO plugin. -->","yoast_head_json":{"title":"CONPLEI - Conselho Nacional de Pastores e L\u00edderes Evang\u00e9licos Ind\u00edgenas - Crentassos Produ\u00e7\u00f5es Subversivas","robots":{"index":"index","follow":"follow","max-snippet":"max-snippet:-1","max-image-preview":"max-image-preview:large","max-video-preview":"max-video-preview:-1"},"canonical":"https:\/\/crentassos.com.br\/blog\/2010\/09\/conplei-conselho-nacional-de-pastores-e-lideres-evangelicos-indigenas.html","og_locale":"pt_BR","og_type":"article","og_title":"CONPLEI - Conselho Nacional de Pastores e L\u00edderes Evang\u00e9licos Ind\u00edgenas - Crentassos Produ\u00e7\u00f5es Subversivas","og_description":"Sobre o Conplei Em 1500 quando os portugueses chegaram ao Brasil, mais de 5 milh\u00f5es de \u00edndios viviam aqui. Apesar disso, segundo [&hellip;]","og_url":"https:\/\/crentassos.com.br\/blog\/2010\/09\/conplei-conselho-nacional-de-pastores-e-lideres-evangelicos-indigenas.html","og_site_name":"Crentassos Produ\u00e7\u00f5es Subversivas","article_publisher":"http:\/\/www.facebook.com\/crentassos","article_published_time":"2010-09-29T03:01:00+00:00","author":"Crentassos","twitter_card":"summary_large_image","twitter_creator":"@crentassos","twitter_site":"@crentassos","twitter_misc":{"Escrito por":"Crentassos","Est. tempo de leitura":"2 minutos"},"schema":{"@context":"https:\/\/schema.org","@graph":[{"@type":"Article","@id":"https:\/\/crentassos.com.br\/blog\/2010\/09\/conplei-conselho-nacional-de-pastores-e-lideres-evangelicos-indigenas.html#article","isPartOf":{"@id":"https:\/\/crentassos.com.br\/blog\/2010\/09\/conplei-conselho-nacional-de-pastores-e-lideres-evangelicos-indigenas.html"},"author":{"name":"Crentassos","@id":"https:\/\/crentassos.com.br\/blog\/#\/schema\/person\/c143e75f920e3ad15d83540f47db500c"},"headline":"CONPLEI &#8211; Conselho Nacional de Pastores e L\u00edderes Evang\u00e9licos Ind\u00edgenas","datePublished":"2010-09-29T03:01:00+00:00","mainEntityOfPage":{"@id":"https:\/\/crentassos.com.br\/blog\/2010\/09\/conplei-conselho-nacional-de-pastores-e-lideres-evangelicos-indigenas.html"},"wordCount":441,"commentCount":0,"publisher":{"@id":"https:\/\/crentassos.com.br\/blog\/#organization"},"keywords":["canaan","carlos marchiorato","CONPLEI"],"inLanguage":"pt-BR","potentialAction":[{"@type":"CommentAction","name":"Comment","target":["https:\/\/crentassos.com.br\/blog\/2010\/09\/conplei-conselho-nacional-de-pastores-e-lideres-evangelicos-indigenas.html#respond"]}]},{"@type":"WebPage","@id":"https:\/\/crentassos.com.br\/blog\/2010\/09\/conplei-conselho-nacional-de-pastores-e-lideres-evangelicos-indigenas.html","url":"https:\/\/crentassos.com.br\/blog\/2010\/09\/conplei-conselho-nacional-de-pastores-e-lideres-evangelicos-indigenas.html","name":"CONPLEI - Conselho Nacional de Pastores e L\u00edderes Evang\u00e9licos Ind\u00edgenas - Crentassos Produ\u00e7\u00f5es Subversivas","isPartOf":{"@id":"https:\/\/crentassos.com.br\/blog\/#website"},"datePublished":"2010-09-29T03:01:00+00:00","breadcrumb":{"@id":"https:\/\/crentassos.com.br\/blog\/2010\/09\/conplei-conselho-nacional-de-pastores-e-lideres-evangelicos-indigenas.html#breadcrumb"},"inLanguage":"pt-BR","potentialAction":[{"@type":"ReadAction","target":["https:\/\/crentassos.com.br\/blog\/2010\/09\/conplei-conselho-nacional-de-pastores-e-lideres-evangelicos-indigenas.html"]}]},{"@type":"BreadcrumbList","@id":"https:\/\/crentassos.com.br\/blog\/2010\/09\/conplei-conselho-nacional-de-pastores-e-lideres-evangelicos-indigenas.html#breadcrumb","itemListElement":[{"@type":"ListItem","position":1,"name":"Home","item":"https:\/\/crentassos.com.br\/blog\/"},{"@type":"ListItem","position":2,"name":"CONPLEI &#8211; Conselho Nacional de Pastores e L\u00edderes Evang\u00e9licos Ind\u00edgenas"}]},{"@type":"WebSite","@id":"https:\/\/crentassos.com.br\/blog\/#website","url":"https:\/\/crentassos.com.br\/blog\/","name":"Crentassos Produ\u00e7\u00f5es Subversivas","description":"Podcast Crist\u00e3o, Podcrent, Da Prateleira, Artigos crist\u00e3os, Teologia, Estudos, Textos B\u00edblicos","publisher":{"@id":"https:\/\/crentassos.com.br\/blog\/#organization"},"potentialAction":[{"@type":"SearchAction","target":{"@type":"EntryPoint","urlTemplate":"https:\/\/crentassos.com.br\/blog\/?s={search_term_string}"},"query-input":{"@type":"PropertyValueSpecification","valueRequired":true,"valueName":"search_term_string"}}],"inLanguage":"pt-BR"},{"@type":"Organization","@id":"https:\/\/crentassos.com.br\/blog\/#organization","name":"Crentassos Produ\u00e7\u00f5es Subversivas","url":"https:\/\/crentassos.com.br\/blog\/","logo":{"@type":"ImageObject","inLanguage":"pt-BR","@id":"https:\/\/crentassos.com.br\/blog\/#\/schema\/logo\/image\/","url":"https:\/\/crentassos.com.br\/blog\/wp-content\/uploads\/2020\/05\/cropped-crentassos1-300x300png.png","contentUrl":"https:\/\/crentassos.com.br\/blog\/wp-content\/uploads\/2020\/05\/cropped-crentassos1-300x300png.png","width":300,"height":300,"caption":"Crentassos Produ\u00e7\u00f5es Subversivas"},"image":{"@id":"https:\/\/crentassos.com.br\/blog\/#\/schema\/logo\/image\/"},"sameAs":["http:\/\/www.facebook.com\/crentassos","https:\/\/x.com\/crentassos","https:\/\/www.instagram.com\/crentassos","https:\/\/www.youtube.com\/crentassos"]},{"@type":"Person","@id":"https:\/\/crentassos.com.br\/blog\/#\/schema\/person\/c143e75f920e3ad15d83540f47db500c","name":"Crentassos","image":{"@type":"ImageObject","inLanguage":"pt-BR","@id":"https:\/\/crentassos.com.br\/blog\/#\/schema\/person\/image\/","url":"https:\/\/secure.gravatar.com\/avatar\/cb1b9c88bcd90ec2f909823639a352ece8d3a3cea59b9d08637fe057502fa227?s=96&d=retro&r=g","contentUrl":"https:\/\/secure.gravatar.com\/avatar\/cb1b9c88bcd90ec2f909823639a352ece8d3a3cea59b9d08637fe057502fa227?s=96&d=retro&r=g","caption":"Crentassos"},"description":"Perfil padr\u00e3o do blog dos Crentassos.","sameAs":["http:\/\/www.crentassos.com.br"],"url":"https:\/\/crentassos.com.br\/blog\/author\/crentassos"}]}},"_links":{"self":[{"href":"https:\/\/crentassos.com.br\/blog\/wp-json\/wp\/v2\/posts\/1121","targetHints":{"allow":["GET"]}}],"collection":[{"href":"https:\/\/crentassos.com.br\/blog\/wp-json\/wp\/v2\/posts"}],"about":[{"href":"https:\/\/crentassos.com.br\/blog\/wp-json\/wp\/v2\/types\/post"}],"author":[{"embeddable":true,"href":"https:\/\/crentassos.com.br\/blog\/wp-json\/wp\/v2\/users\/1"}],"replies":[{"embeddable":true,"href":"https:\/\/crentassos.com.br\/blog\/wp-json\/wp\/v2\/comments?post=1121"}],"version-history":[{"count":0,"href":"https:\/\/crentassos.com.br\/blog\/wp-json\/wp\/v2\/posts\/1121\/revisions"}],"wp:attachment":[{"href":"https:\/\/crentassos.com.br\/blog\/wp-json\/wp\/v2\/media?parent=1121"}],"wp:term":[{"taxonomy":"category","embeddable":true,"href":"https:\/\/crentassos.com.br\/blog\/wp-json\/wp\/v2\/categories?post=1121"},{"taxonomy":"post_tag","embeddable":true,"href":"https:\/\/crentassos.com.br\/blog\/wp-json\/wp\/v2\/tags?post=1121"}],"curies":[{"name":"wp","href":"https:\/\/api.w.org\/{rel}","templated":true}]}}