{"id":11152,"date":"2014-11-05T07:27:09","date_gmt":"2014-11-05T10:27:09","guid":{"rendered":"http:\/\/crentassos.com.br\/blog\/?p=11152"},"modified":"2014-11-03T11:02:29","modified_gmt":"2014-11-03T14:02:29","slug":"mudando-de-igreja","status":"publish","type":"post","link":"https:\/\/crentassos.com.br\/blog\/2014\/11\/mudando-de-igreja.html","title":{"rendered":"Quero mudar de Igreja"},"content":{"rendered":"<p><a href=\"http:\/\/crentassos.com.br\/blog\/2014\/11\/mudando-de-igreja.html\/igreja-sao-vicente-mossoro\" rel=\"attachment wp-att-11155\"><img loading=\"lazy\" decoding=\"async\" class=\"aligncenter size-medium wp-image-11155\" alt=\"Igreja-S\u00e3o-Vicente-Mossor\u00f3\" src=\"http:\/\/crentassos.com.br\/blog\/wp-content\/uploads\/Igreja-S\u00e3o-Vicente-Mossor\u00f3-225x300.jpg\" width=\"225\" height=\"300\" srcset=\"https:\/\/crentassos.com.br\/blog\/wp-content\/uploads\/Igreja-S\u00e3o-Vicente-Mossor\u00f3-225x300.jpg 225w, https:\/\/crentassos.com.br\/blog\/wp-content\/uploads\/Igreja-S\u00e3o-Vicente-Mossor\u00f3-620x826.jpg 620w, https:\/\/crentassos.com.br\/blog\/wp-content\/uploads\/Igreja-S\u00e3o-Vicente-Mossor\u00f3.jpg 1200w\" sizes=\"auto, (max-width: 225px) 100vw, 225px\" \/><\/a><\/p>\n<p>Eu recebi uma pergunta na rede social Ask.fm onde uma pessoa an\u00f4nima me pergunta se \u00e9 o caso de ele mudar de denomina\u00e7\u00e3o por discordar de certas coisas dentro dela. Muita gente me procura com essa d\u00favida, ent\u00e3o vou publicar minha resposta aqui no crentassos e espero que possa ajudar a outros nesta situa\u00e7\u00e3o.<\/p>\n<blockquote><p><strong>\u201cSou assembleiano, ultimamente as coisas tem sido bem dif\u00edceis; ap\u00f3s ter estudado mais a fundo as Escrituras, vejo o \u201ctantao\u201d de coisas erradas em minha congrega\u00e7\u00e3o: legalismo, prega\u00e7\u00f5es sobre b\u00ean\u00e7\u00e3os, vit\u00f3ria, milagres, etc\u2026 Nada do simples evangelho de Cristo. Devo mudar de denomina\u00e7\u00e3o?\u201d<\/strong><\/p><\/blockquote>\n<p>Essa \u00e9 uma pergunta muito dif\u00edcil. Essa \u00e9 uma decis\u00e3o dif\u00edcil de se tomar. Melhor tomar com muita ora\u00e7\u00e3o e medita\u00e7\u00e3o, apesar de que o que voc\u00ea est\u00e1 dizendo que acontece por l\u00e1s\u00e3o coisas muito graves, mas, ainda assim, \u00e9 bom voc\u00ea avaliar com cuidado e ver se o problema \u00e9 local ou \u00e9 geral e s\u00f3 ent\u00e3o tomar uma decis\u00e3o.<\/p>\n<p>O que posso fazer \u00e9 tentar te fazer pensar um pouco a respeito sobre essa situa\u00e7\u00e3o, que muita gente tem enfrentado, e assim dar algumas vari\u00e1veis para se tomar uma decis\u00e3o, mas essa decis\u00e3o deve ser confiada ao Senhor em ora\u00e7\u00e3o, para que Ele possa ajudar a enxergar as vari\u00e1veis com clareza e a decis\u00e3o ser a mais acertada. Pensa comigo.<\/p>\n<p>Toda igreja que voc\u00ea for ter\u00e1 problemas, umas ter\u00e3o problemas doutrin\u00e1rios, outras de relacionamento, hoje h\u00e1 tantas op\u00e7\u00f5es de doutrinas que voc\u00ea provavelmente j\u00e1 deve ter feito uma mistura de v\u00e1rias doutrinas que a voc\u00ea parecem ser coerentes ou b\u00edblicas e vai se sentir incomodado por comungar num lugar com doutrinas diferentes das que voc\u00ea tem misturadas na cabe\u00e7a. Todos n\u00f3s fazemos isso hoje em dia. Eu tamb\u00e9m fa\u00e7o. S\u00e3o tantas op\u00e7\u00f5es doutrin\u00e1rias que nos oferecem na internet, na TV, nas conversas com amigos crist\u00e3os que essa confus\u00e3o \u00e9 super natural. Hoje muita gente est\u00e1 confusa tamb\u00e9m. Infelizmente na nossa mente priorizamos a nossa vontade na hora de interpretar a Palavra de Deus, n\u00e3o usamos a hermen\u00eautica correta de que a B\u00edblia se interpreta com a pr\u00f3pria B\u00edblia (claro que na falta de clareza buscamos entender o contexto hist\u00f3rico da \u00e9poca tamb\u00e9m) e fazemos aquele exame apurado e comparativo para definir nossas quest\u00f5es teol\u00f3gicas e eclesi\u00e1sticas, mas colocamos a nossa vontade como autoridade na hora de interpretar a B\u00edblia e criamos muita confus\u00e3o.<\/p>\n<p>Ou seja, voc\u00ea nunca vai achar uma igreja que se enquadre dentro da \u201cteologia sistem\u00e1tica\u201d que voc\u00ea montou na sua cabe\u00e7a. Desista. Voc\u00ea nunca vai encontrar isso. Ent\u00e3o voc\u00ea precisa avaliar suas prioridades doutrin\u00e1rias. Os primeiros crist\u00e3os fizeram isso e transformaram essas avalia\u00e7\u00f5es em credos. Esses credos s\u00e3o tidos como absolutos e fundamentais por toda a cristandade at\u00e9 hoje, sejam cat\u00f3licos, ortodoxos ou protestantes (<a href=\"http:\/\/www.cacp.org.br\/a-autoridade-dos-credos-e-catecismos\/\" target=\"_blank\">confira este link aqui para entender o porque disso<\/a>). Na reforma houve tamb\u00e9m v\u00e1rios debates para avaliar o que manter como principal e o que deixar como livre, nisso n\u00e3o deixaram os credos principais do cristianismo, os mais antigos, de lado, reafirmaram a concord\u00e2ncia com esses credos antigos, afinal, n\u00e3o estavam formando uma nova religi\u00e3o, apenas queriam que as igrejas ocidental e oriental revissem aquilo que tinham mudado que fosse contra as Escrituras, mas nessa reforma muita coisa coisa aconteceu e cada regi\u00e3o acabou tendo prioridades diferentes para reformar e trabalharam as diferen\u00e7as doutrin\u00e1rias que acabaram surgindo neste clima de Reforma que aconteceu no s\u00e9culo 16. Esses trabalhos para afirmar suas posi\u00e7\u00f5es diante das quest\u00f5es levantadas na \u00e9poca foram chamados de \u201cConfiss\u00f5es de F\u00e9\u201d, \u201cCatecismos\u201d e outras decis\u00f5es foram tomadas para avaliar o que era importante em s\u00ednodos e conc\u00edlios tamb\u00e9m. At\u00e9 hoje as Igrejas protestantes t\u00eam seus s\u00ednodos e conc\u00edlios para avaliar sua f\u00e9 em rela\u00e7\u00e3o a quest\u00f5es atuais, como homossexualidade, div\u00f3rcio, etc.<\/p>\n<p>Em certos pontos e tend\u00eancias sazonais, a aplica\u00e7\u00e3o da Lei de Deus\u00a0acaba sendo inevit\u00e1vel. Todos devemos ser legalistas em alguns pontos, aonde o Evangelho n\u00e3o se aplica, como no caso da injusti\u00e7a social, aonde n\u00e3o devemos passar a m\u00e3o na cabe\u00e7a dos opressores, mas lutar contra a opress\u00e3o lembrando das leis de Deus sobre amar o pr\u00f3ximo como a si mesmo, ou seja, damos \u00eanfase na Lei em certas quest\u00f5es aonde o Evangelho n\u00e3o se aplica, afinal, o Evangelho n\u00e3o veio trazer novas leis, o Evangelho \u00e9 apenas o an\u00fancio do pered\u00e3o dos pecados e da salva\u00e7\u00e3o em Cristo Jesus, n\u00e3o novas regras para seguirmos; antes devemos seguir as antigas da Lei Moral de Deus (10 mandamentos) mesmo em quest\u00f5es seculares, pois nossa f\u00e9 deve triunfar sobre o mundo, sem por\u00e9m for\u00e7ar as pessoas a seguirem nossos valores e nossa f\u00e9, mas n\u00f3s devemos seguir mesmo na contram\u00e3o do sistema e do mundo, mesmo que isso nos custe a vida, assim amamos a Deus acima de todas coisas, sem for\u00e7ar nosso Deus para ningu\u00e9m, amando e respeito o pr\u00f3ximo como a n\u00f3s mesmos, como tamb\u00e9m determina esta mesma Lei.<\/p>\n<p>O problema acontece quando atribu\u00edmos a salva\u00e7\u00e3o a seguir esses pontos legalistas nossos, quando dizemos que nossos costumes e culturas s\u00e3o obrigat\u00f3rios aos crist\u00e3os para justificar a f\u00e9 das pessoas, pois a salva\u00e7\u00e3o n\u00e3o \u00e9 por obras.<\/p>\n<p>A Assembl\u00e9ia de Deus tamb\u00e9m teve suas discuss\u00f5es para definir seu posicionamento doutrin\u00e1rio e tem at\u00e9 hoje para revisar ou manter suas posi\u00e7\u00f5es. Infelizmente, n\u00e3o s\u00f3 na Assembl\u00e9ia, mas na maioria das igrejas evang\u00e9licas hist\u00f3ricas, que t\u00eam seus pontos doutrin\u00e1rios claramente definidos em confiss\u00f5es, catecismos, declara\u00e7\u00f5es doutrin\u00e1rias, estatutos e regimentos internos, as pessoas, incluindo a\u00ed os pastores e l\u00edderes locais, n\u00e3o conhecem sua base doutrin\u00e1ria, por isso h\u00e1 muitas inven\u00e7\u00f5es e imagina\u00e7\u00f5es doutrin\u00e1rias, al\u00e9m de at\u00e9 mesmo heresias expl\u00edcitas, em igrejas locais, que acabam se espalhando como v\u00edrus por outras igrejas locais e podem at\u00e9 descaracterizar a denomina\u00e7\u00e3o. Eu cito como exemplo a Igreja aonde comecei minha caminhada crist\u00e3. Eu nem sempre fui luterano, nasci em lar pentecostal e comecei minha vida crist\u00e3 realmente na Igreja Quadrangular. Eles t\u00eam uma declara\u00e7\u00e3o de f\u00e9 que hoje n\u00e3o \u00e9 mais seguida em quase lugar algum. Eles seguem cegamente seus pastores locais, lideran\u00e7as regionais e a lideran\u00e7a nacional, e esta \u00faltima n\u00e3o segue mais em absolutamente nada a declara\u00e7\u00e3o de f\u00e9 da Igreja Quadrangular. Esta denomina\u00e7\u00e3o tem se descaracterizado e muitas igrejas locais e at\u00e9 mesmo a sede nacional se transformaram em verdadeiras seitas neopentecostais e est\u00e3o totalmente longe do Evangelho. Aqueles que internamente se levantam contra isso s\u00e3o perseguidos ferozmente por seus companheiros de denomina\u00e7\u00e3o. Posso estar enganado, mas vejo a Assembl\u00e9ia de Deus no Brasil indo pelo mesmo caminho..<\/p>\n<p>Enfim, voc\u00ea nunca vai concordar com tudo de uma denomina\u00e7\u00e3o. Mas voc\u00ea pode reavaliar suas prioridades doutrin\u00e1rias e da vida crist\u00e3 e avaliar o que \u00e9 prioridade para a denomina\u00e7\u00e3o. Se der para casar as prioridades e voc\u00ea caminhar em comunh\u00e3o com seus irm\u00e3os de sua denomina\u00e7\u00e3o, ent\u00e3o voc\u00ea deve engolir os sapos que o relacionamento humano exige, ser tolerante com as diferen\u00e7as, acatar os pontos que voc\u00ea n\u00e3o concordar (isso n\u00e3o quer dizer concordar. Voc\u00ea n\u00e3o precisa concordar, e voc\u00ea pode at\u00e9 pedir a revis\u00e3o destes pontos, ou deixar claro que n\u00e3o concorda, por achar um tema de menor import\u00e2ncia para a f\u00e9 em geral, mas voc\u00ea deve respeitar e aceitar que os outros pensem daquela forma, mesmo voc\u00ea pensando diferente, pois voc\u00ea entende que a decis\u00e3o da denomina\u00e7\u00e3o em defender tal ponto que voc\u00ea discordar \u00e9 uma decis\u00e3o visando a comunh\u00e3o e isso n\u00e3o \u00e9 fundamental \u00e0 f\u00e9, ent\u00e3o voc\u00ea respeita. Por exemplo, se pode dan\u00e7ar ou n\u00e3o no culto, se pastor deve usar terno obrigatoriamente, se cr\u00eaem na exist\u00eancia ou n\u00e3o do Livre Arb\u00edtrio, essas coisas).<\/p>\n<p>Se for imposs\u00edvel fazer isso com sua denomina\u00e7\u00e3o, se voc\u00ea perceber que as diferen\u00e7as s\u00e3o muito maiores que a possibilidade de comunh\u00e3o, ent\u00e3o \u00e9 melhor voc\u00ea avaliar se o problema \u00e9 local ou \u00e9 geral. Se for s\u00f3 sua igreja local, mas a denomina\u00e7\u00e3o em si tem uma base doutrin\u00e1ria que voc\u00ea consegue comungar, ent\u00e3o \u00e9 o caso de voc\u00ea sair de sua igreja local, mas procurar outra da mesma denomina\u00e7\u00e3o. Se for uma incompatibilidade com a base doutrin\u00e1ria, ou pr\u00e1ticas gerais da denomina\u00e7\u00e3o, a\u00ed sim \u00e9 melhor voc\u00ea procurar outra para congregar. Sempre lembrando do que diz a B\u00edblia:<\/p>\n<p>N\u00e3o deixemos de reunir-nos como igreja, segundo o costume de alguns, mas encorajemo-nos uns aos outros, ainda mais quando voc\u00eas v\u00eaem que se aproxima o Dia.<br \/>\nHebreus 10:25<\/p>\n","protected":false},"excerpt":{"rendered":"<p>Eu recebi uma pergunta na rede social Ask.fm onde uma pessoa an\u00f4nima me pergunta se \u00e9 o caso de ele mudar de [&hellip;]<\/p>\n","protected":false},"author":17,"featured_media":0,"comment_status":"open","ping_status":"open","sticky":false,"template":"","format":"standard","meta":{"_exactmetrics_skip_tracking":false,"_exactmetrics_sitenote_active":false,"_exactmetrics_sitenote_note":"","_exactmetrics_sitenote_category":0,"footnotes":"","_links_to":"","_links_to_target":""},"categories":[112],"tags":[],"class_list":["post-11152","post","type-post","status-publish","format-standard","hentry","category-artigos"],"yoast_head":"<!-- This site is optimized with the Yoast SEO plugin v27.1.1 - https:\/\/yoast.com\/product\/yoast-seo-wordpress\/ -->\n<title>Quero mudar de Igreja - Crentassos Produ\u00e7\u00f5es Subversivas<\/title>\n<meta name=\"robots\" content=\"index, follow, max-snippet:-1, max-image-preview:large, max-video-preview:-1\" \/>\n<link rel=\"canonical\" href=\"https:\/\/crentassos.com.br\/blog\/2014\/11\/mudando-de-igreja.html\" \/>\n<meta property=\"og:locale\" content=\"pt_BR\" \/>\n<meta property=\"og:type\" content=\"article\" \/>\n<meta property=\"og:title\" content=\"Quero mudar de Igreja - Crentassos Produ\u00e7\u00f5es Subversivas\" \/>\n<meta property=\"og:description\" content=\"Eu recebi uma pergunta na rede social Ask.fm onde uma pessoa an\u00f4nima me pergunta se \u00e9 o caso de ele mudar de [&hellip;]\" \/>\n<meta property=\"og:url\" content=\"https:\/\/crentassos.com.br\/blog\/2014\/11\/mudando-de-igreja.html\" \/>\n<meta property=\"og:site_name\" content=\"Crentassos Produ\u00e7\u00f5es Subversivas\" \/>\n<meta property=\"article:publisher\" content=\"http:\/\/www.facebook.com\/crentassos\" \/>\n<meta property=\"article:published_time\" content=\"2014-11-05T10:27:09+00:00\" \/>\n<meta property=\"og:image\" content=\"http:\/\/crentassos.com.br\/blog\/wp-content\/uploads\/Igreja-S\u00e3o-Vicente-Mossor\u00f3-225x300.jpg\" \/>\n<meta name=\"author\" content=\"@surian\" \/>\n<meta name=\"twitter:card\" content=\"summary_large_image\" \/>\n<meta name=\"twitter:creator\" content=\"@crentassos\" \/>\n<meta name=\"twitter:site\" content=\"@crentassos\" \/>\n<meta name=\"twitter:label1\" content=\"Escrito por\" \/>\n\t<meta name=\"twitter:data1\" content=\"@surian\" \/>\n\t<meta name=\"twitter:label2\" content=\"Est. tempo de leitura\" \/>\n\t<meta name=\"twitter:data2\" content=\"8 minutos\" \/>\n<script type=\"application\/ld+json\" class=\"yoast-schema-graph\">{\"@context\":\"https:\/\/schema.org\",\"@graph\":[{\"@type\":\"Article\",\"@id\":\"https:\/\/crentassos.com.br\/blog\/2014\/11\/mudando-de-igreja.html#article\",\"isPartOf\":{\"@id\":\"https:\/\/crentassos.com.br\/blog\/2014\/11\/mudando-de-igreja.html\"},\"author\":{\"name\":\"@surian\",\"@id\":\"https:\/\/crentassos.com.br\/blog\/#\/schema\/person\/96a367198691d0d9ea7a9cdc9d56541b\"},\"headline\":\"Quero mudar de Igreja\",\"datePublished\":\"2014-11-05T10:27:09+00:00\",\"mainEntityOfPage\":{\"@id\":\"https:\/\/crentassos.com.br\/blog\/2014\/11\/mudando-de-igreja.html\"},\"wordCount\":1564,\"commentCount\":0,\"publisher\":{\"@id\":\"https:\/\/crentassos.com.br\/blog\/#organization\"},\"articleSection\":[\"Artigos\"],\"inLanguage\":\"pt-BR\",\"potentialAction\":[{\"@type\":\"CommentAction\",\"name\":\"Comment\",\"target\":[\"https:\/\/crentassos.com.br\/blog\/2014\/11\/mudando-de-igreja.html#respond\"]}]},{\"@type\":\"WebPage\",\"@id\":\"https:\/\/crentassos.com.br\/blog\/2014\/11\/mudando-de-igreja.html\",\"url\":\"https:\/\/crentassos.com.br\/blog\/2014\/11\/mudando-de-igreja.html\",\"name\":\"Quero mudar de Igreja - Crentassos Produ\u00e7\u00f5es Subversivas\",\"isPartOf\":{\"@id\":\"https:\/\/crentassos.com.br\/blog\/#website\"},\"datePublished\":\"2014-11-05T10:27:09+00:00\",\"breadcrumb\":{\"@id\":\"https:\/\/crentassos.com.br\/blog\/2014\/11\/mudando-de-igreja.html#breadcrumb\"},\"inLanguage\":\"pt-BR\",\"potentialAction\":[{\"@type\":\"ReadAction\",\"target\":[\"https:\/\/crentassos.com.br\/blog\/2014\/11\/mudando-de-igreja.html\"]}]},{\"@type\":\"BreadcrumbList\",\"@id\":\"https:\/\/crentassos.com.br\/blog\/2014\/11\/mudando-de-igreja.html#breadcrumb\",\"itemListElement\":[{\"@type\":\"ListItem\",\"position\":1,\"name\":\"Home\",\"item\":\"https:\/\/crentassos.com.br\/blog\/\"},{\"@type\":\"ListItem\",\"position\":2,\"name\":\"Quero mudar de Igreja\"}]},{\"@type\":\"WebSite\",\"@id\":\"https:\/\/crentassos.com.br\/blog\/#website\",\"url\":\"https:\/\/crentassos.com.br\/blog\/\",\"name\":\"Crentassos Produ\u00e7\u00f5es Subversivas\",\"description\":\"Podcast Crist\u00e3o, Podcrent, Da Prateleira, Artigos crist\u00e3os, Teologia, Estudos, Textos B\u00edblicos\",\"publisher\":{\"@id\":\"https:\/\/crentassos.com.br\/blog\/#organization\"},\"potentialAction\":[{\"@type\":\"SearchAction\",\"target\":{\"@type\":\"EntryPoint\",\"urlTemplate\":\"https:\/\/crentassos.com.br\/blog\/?s={search_term_string}\"},\"query-input\":{\"@type\":\"PropertyValueSpecification\",\"valueRequired\":true,\"valueName\":\"search_term_string\"}}],\"inLanguage\":\"pt-BR\"},{\"@type\":\"Organization\",\"@id\":\"https:\/\/crentassos.com.br\/blog\/#organization\",\"name\":\"Crentassos Produ\u00e7\u00f5es Subversivas\",\"url\":\"https:\/\/crentassos.com.br\/blog\/\",\"logo\":{\"@type\":\"ImageObject\",\"inLanguage\":\"pt-BR\",\"@id\":\"https:\/\/crentassos.com.br\/blog\/#\/schema\/logo\/image\/\",\"url\":\"https:\/\/crentassos.com.br\/blog\/wp-content\/uploads\/2020\/05\/cropped-crentassos1-300x300png.png\",\"contentUrl\":\"https:\/\/crentassos.com.br\/blog\/wp-content\/uploads\/2020\/05\/cropped-crentassos1-300x300png.png\",\"width\":300,\"height\":300,\"caption\":\"Crentassos Produ\u00e7\u00f5es Subversivas\"},\"image\":{\"@id\":\"https:\/\/crentassos.com.br\/blog\/#\/schema\/logo\/image\/\"},\"sameAs\":[\"http:\/\/www.facebook.com\/crentassos\",\"https:\/\/x.com\/crentassos\",\"https:\/\/www.instagram.com\/crentassos\",\"https:\/\/www.youtube.com\/crentassos\"]},{\"@type\":\"Person\",\"@id\":\"https:\/\/crentassos.com.br\/blog\/#\/schema\/person\/96a367198691d0d9ea7a9cdc9d56541b\",\"name\":\"@surian\",\"image\":{\"@type\":\"ImageObject\",\"inLanguage\":\"pt-BR\",\"@id\":\"https:\/\/crentassos.com.br\/blog\/#\/schema\/person\/image\/\",\"url\":\"https:\/\/secure.gravatar.com\/avatar\/b658021625d0a1d1ca17711a9ff50356b0f1cd162013a08544daa193321835f0?s=96&d=retro&r=g\",\"contentUrl\":\"https:\/\/secure.gravatar.com\/avatar\/b658021625d0a1d1ca17711a9ff50356b0f1cd162013a08544daa193321835f0?s=96&d=retro&r=g\",\"caption\":\"@surian\"},\"description\":\"Fot\u00f3grafo por paix\u00e3o. Publicit\u00e1rio de forma\u00e7\u00e3o. Designer wannabe. Geek por tenta\u00e7\u00e3o, Monergista, Luterano, tem o heavy metal como segunda religi\u00e3o (a\u00ea puritano, \u00e9 brincadeira, hein!), principalmente metal extremo (Doom, Black, Death) e curte muito umas frescuras de som g\u00f3tico tb.. Inserido em trabalhos com miss\u00f5es urbanas desde 1998 e capelania evang\u00e9lica hospitalar desde 2006. Colaborador em blogs crist\u00e3os e seculares, como \\\"Os Pedreiros\\\", \\\"Crentassos\\\", \\\"Vida Paulistana\\\", nas p\u00e1ginas \\\"Calvino\/ Lutero\/ Zwinglio da Depress\u00e3o\\\", al\u00e9m de outros projetos relacionados a artes, teologia e espondilite anquilosante. Tenho minhas id\u00e9ias pol\u00edticas em desenvolvimento e acredito na responsabilidade social e criativa do crist\u00e3o que deve amar o pr\u00f3ximo como a si mesmo, mas n\u00e3o acredito em teologias que d\u00e3o regras como fazer isso.. Se voc\u00ea quer ler somente textos leves, positivos, que s\u00f3 trata do lado bom da vida e encontrar somente coisas po\u00e9ticas, sens\u00edveis, bonitinhas e fofinhas, ent\u00e3o n\u00e3o \u00e9 comigo..\",\"sameAs\":[\"http:\/\/thiagosurian.wordpress.com\"],\"url\":\"https:\/\/crentassos.com.br\/blog\/author\/surian\"}]}<\/script>\n<!-- \/ Yoast SEO plugin. -->","yoast_head_json":{"title":"Quero mudar de Igreja - Crentassos Produ\u00e7\u00f5es Subversivas","robots":{"index":"index","follow":"follow","max-snippet":"max-snippet:-1","max-image-preview":"max-image-preview:large","max-video-preview":"max-video-preview:-1"},"canonical":"https:\/\/crentassos.com.br\/blog\/2014\/11\/mudando-de-igreja.html","og_locale":"pt_BR","og_type":"article","og_title":"Quero mudar de Igreja - Crentassos Produ\u00e7\u00f5es Subversivas","og_description":"Eu recebi uma pergunta na rede social Ask.fm onde uma pessoa an\u00f4nima me pergunta se \u00e9 o caso de ele mudar de [&hellip;]","og_url":"https:\/\/crentassos.com.br\/blog\/2014\/11\/mudando-de-igreja.html","og_site_name":"Crentassos Produ\u00e7\u00f5es Subversivas","article_publisher":"http:\/\/www.facebook.com\/crentassos","article_published_time":"2014-11-05T10:27:09+00:00","og_image":[{"url":"http:\/\/crentassos.com.br\/blog\/wp-content\/uploads\/Igreja-S\u00e3o-Vicente-Mossor\u00f3-225x300.jpg","type":"","width":"","height":""}],"author":"@surian","twitter_card":"summary_large_image","twitter_creator":"@crentassos","twitter_site":"@crentassos","twitter_misc":{"Escrito por":"@surian","Est. tempo de leitura":"8 minutos"},"schema":{"@context":"https:\/\/schema.org","@graph":[{"@type":"Article","@id":"https:\/\/crentassos.com.br\/blog\/2014\/11\/mudando-de-igreja.html#article","isPartOf":{"@id":"https:\/\/crentassos.com.br\/blog\/2014\/11\/mudando-de-igreja.html"},"author":{"name":"@surian","@id":"https:\/\/crentassos.com.br\/blog\/#\/schema\/person\/96a367198691d0d9ea7a9cdc9d56541b"},"headline":"Quero mudar de Igreja","datePublished":"2014-11-05T10:27:09+00:00","mainEntityOfPage":{"@id":"https:\/\/crentassos.com.br\/blog\/2014\/11\/mudando-de-igreja.html"},"wordCount":1564,"commentCount":0,"publisher":{"@id":"https:\/\/crentassos.com.br\/blog\/#organization"},"articleSection":["Artigos"],"inLanguage":"pt-BR","potentialAction":[{"@type":"CommentAction","name":"Comment","target":["https:\/\/crentassos.com.br\/blog\/2014\/11\/mudando-de-igreja.html#respond"]}]},{"@type":"WebPage","@id":"https:\/\/crentassos.com.br\/blog\/2014\/11\/mudando-de-igreja.html","url":"https:\/\/crentassos.com.br\/blog\/2014\/11\/mudando-de-igreja.html","name":"Quero mudar de Igreja - Crentassos Produ\u00e7\u00f5es Subversivas","isPartOf":{"@id":"https:\/\/crentassos.com.br\/blog\/#website"},"datePublished":"2014-11-05T10:27:09+00:00","breadcrumb":{"@id":"https:\/\/crentassos.com.br\/blog\/2014\/11\/mudando-de-igreja.html#breadcrumb"},"inLanguage":"pt-BR","potentialAction":[{"@type":"ReadAction","target":["https:\/\/crentassos.com.br\/blog\/2014\/11\/mudando-de-igreja.html"]}]},{"@type":"BreadcrumbList","@id":"https:\/\/crentassos.com.br\/blog\/2014\/11\/mudando-de-igreja.html#breadcrumb","itemListElement":[{"@type":"ListItem","position":1,"name":"Home","item":"https:\/\/crentassos.com.br\/blog\/"},{"@type":"ListItem","position":2,"name":"Quero mudar de Igreja"}]},{"@type":"WebSite","@id":"https:\/\/crentassos.com.br\/blog\/#website","url":"https:\/\/crentassos.com.br\/blog\/","name":"Crentassos Produ\u00e7\u00f5es Subversivas","description":"Podcast Crist\u00e3o, Podcrent, Da Prateleira, Artigos crist\u00e3os, Teologia, Estudos, Textos B\u00edblicos","publisher":{"@id":"https:\/\/crentassos.com.br\/blog\/#organization"},"potentialAction":[{"@type":"SearchAction","target":{"@type":"EntryPoint","urlTemplate":"https:\/\/crentassos.com.br\/blog\/?s={search_term_string}"},"query-input":{"@type":"PropertyValueSpecification","valueRequired":true,"valueName":"search_term_string"}}],"inLanguage":"pt-BR"},{"@type":"Organization","@id":"https:\/\/crentassos.com.br\/blog\/#organization","name":"Crentassos Produ\u00e7\u00f5es Subversivas","url":"https:\/\/crentassos.com.br\/blog\/","logo":{"@type":"ImageObject","inLanguage":"pt-BR","@id":"https:\/\/crentassos.com.br\/blog\/#\/schema\/logo\/image\/","url":"https:\/\/crentassos.com.br\/blog\/wp-content\/uploads\/2020\/05\/cropped-crentassos1-300x300png.png","contentUrl":"https:\/\/crentassos.com.br\/blog\/wp-content\/uploads\/2020\/05\/cropped-crentassos1-300x300png.png","width":300,"height":300,"caption":"Crentassos Produ\u00e7\u00f5es Subversivas"},"image":{"@id":"https:\/\/crentassos.com.br\/blog\/#\/schema\/logo\/image\/"},"sameAs":["http:\/\/www.facebook.com\/crentassos","https:\/\/x.com\/crentassos","https:\/\/www.instagram.com\/crentassos","https:\/\/www.youtube.com\/crentassos"]},{"@type":"Person","@id":"https:\/\/crentassos.com.br\/blog\/#\/schema\/person\/96a367198691d0d9ea7a9cdc9d56541b","name":"@surian","image":{"@type":"ImageObject","inLanguage":"pt-BR","@id":"https:\/\/crentassos.com.br\/blog\/#\/schema\/person\/image\/","url":"https:\/\/secure.gravatar.com\/avatar\/b658021625d0a1d1ca17711a9ff50356b0f1cd162013a08544daa193321835f0?s=96&d=retro&r=g","contentUrl":"https:\/\/secure.gravatar.com\/avatar\/b658021625d0a1d1ca17711a9ff50356b0f1cd162013a08544daa193321835f0?s=96&d=retro&r=g","caption":"@surian"},"description":"Fot\u00f3grafo por paix\u00e3o. Publicit\u00e1rio de forma\u00e7\u00e3o. Designer wannabe. Geek por tenta\u00e7\u00e3o, Monergista, Luterano, tem o heavy metal como segunda religi\u00e3o (a\u00ea puritano, \u00e9 brincadeira, hein!), principalmente metal extremo (Doom, Black, Death) e curte muito umas frescuras de som g\u00f3tico tb.. Inserido em trabalhos com miss\u00f5es urbanas desde 1998 e capelania evang\u00e9lica hospitalar desde 2006. Colaborador em blogs crist\u00e3os e seculares, como \"Os Pedreiros\", \"Crentassos\", \"Vida Paulistana\", nas p\u00e1ginas \"Calvino\/ Lutero\/ Zwinglio da Depress\u00e3o\", al\u00e9m de outros projetos relacionados a artes, teologia e espondilite anquilosante. Tenho minhas id\u00e9ias pol\u00edticas em desenvolvimento e acredito na responsabilidade social e criativa do crist\u00e3o que deve amar o pr\u00f3ximo como a si mesmo, mas n\u00e3o acredito em teologias que d\u00e3o regras como fazer isso.. Se voc\u00ea quer ler somente textos leves, positivos, que s\u00f3 trata do lado bom da vida e encontrar somente coisas po\u00e9ticas, sens\u00edveis, bonitinhas e fofinhas, ent\u00e3o n\u00e3o \u00e9 comigo..","sameAs":["http:\/\/thiagosurian.wordpress.com"],"url":"https:\/\/crentassos.com.br\/blog\/author\/surian"}]}},"_links":{"self":[{"href":"https:\/\/crentassos.com.br\/blog\/wp-json\/wp\/v2\/posts\/11152","targetHints":{"allow":["GET"]}}],"collection":[{"href":"https:\/\/crentassos.com.br\/blog\/wp-json\/wp\/v2\/posts"}],"about":[{"href":"https:\/\/crentassos.com.br\/blog\/wp-json\/wp\/v2\/types\/post"}],"author":[{"embeddable":true,"href":"https:\/\/crentassos.com.br\/blog\/wp-json\/wp\/v2\/users\/17"}],"replies":[{"embeddable":true,"href":"https:\/\/crentassos.com.br\/blog\/wp-json\/wp\/v2\/comments?post=11152"}],"version-history":[{"count":2,"href":"https:\/\/crentassos.com.br\/blog\/wp-json\/wp\/v2\/posts\/11152\/revisions"}],"predecessor-version":[{"id":11157,"href":"https:\/\/crentassos.com.br\/blog\/wp-json\/wp\/v2\/posts\/11152\/revisions\/11157"}],"wp:attachment":[{"href":"https:\/\/crentassos.com.br\/blog\/wp-json\/wp\/v2\/media?parent=11152"}],"wp:term":[{"taxonomy":"category","embeddable":true,"href":"https:\/\/crentassos.com.br\/blog\/wp-json\/wp\/v2\/categories?post=11152"},{"taxonomy":"post_tag","embeddable":true,"href":"https:\/\/crentassos.com.br\/blog\/wp-json\/wp\/v2\/tags?post=11152"}],"curies":[{"name":"wp","href":"https:\/\/api.w.org\/{rel}","templated":true}]}}