{"id":11005,"date":"2014-09-08T09:48:04","date_gmt":"2014-09-08T12:48:04","guid":{"rendered":"http:\/\/crentassos.com.br\/blog\/?p=11005"},"modified":"2014-09-08T09:56:54","modified_gmt":"2014-09-08T12:56:54","slug":"eu-eu-mesmo-e-cristo-pastorais-pastoral","status":"publish","type":"post","link":"https:\/\/crentassos.com.br\/blog\/2014\/09\/eu-eu-mesmo-e-cristo-pastorais-pastoral.html","title":{"rendered":"Eu, eu mesmo e Cristo #pastorais #pastoral"},"content":{"rendered":"<p>Mt 27:57-61 Ao cair da tarde chegou um homem rico, de Arimat\u00e9ia, chamado Jos\u00e9, que se tornara disc\u00edpulo de Jesus. \u00a0Dirigindo-se a Pilatos, pediu o corpo de Jesus, e Pilatos ordenou que lhe fosse entregue. \u00a0Jos\u00e9 tomou o corpo, envolveu-o num limpo len\u00e7ol de linho \u00a0e o colocou num sepulcro novo, que ele havia mandado cavar na rocha. E, fazendo rolar uma grande pedra sobre a entrada do sepulcro, retirou-se. \u00a0Maria Madalena e a outra Maria estavam assentadas ali, em frente do sepulcro.<\/p>\n<p>&nbsp;<\/p>\n<p>&nbsp;<\/p>\n<p>Vejo neste texto duas partes de mim, que nem sempre est\u00e3o coadunando a respeito da minha f\u00e9. Uma parte se chama Jos\u00e9 de Arimat\u00e9ia e a outra se Chama Marias.<\/p>\n<p>&nbsp;<\/p>\n<p>A parte que se chama Jos\u00e9 de Arimat\u00e9ia \u00e9 pr\u00e1tica, proativa, fria, sem rodeios, racional. \u00c9 a parte que clama por respostas claras e objetivas, \u00e9 a parte que diz: se deu, deu. Se n\u00e3o deu, dane-se. \u00c9 a parte que clama por direitos, por resultados. \u00c9 a parte que apela para Deus empunhando a teologia ortodoxa em \u00a0e vociferando com a boca espumando de orgulho coloca o seu Senhor dentro de uma caixa e o domestica para que aja segundo a sua cren\u00e7a. \u00c9 a parte que vai embora quando v\u00ea o t\u00famulo e n\u00e3o v\u00ea esperan\u00e7a.<\/p>\n<p>&nbsp;<\/p>\n<p>A minha outra parte se chama Maria (Maria Madalena, Maria de Nazar\u00e9, Maria qualquer). Ela assiste pasma a morte do seu Senhor. N\u00e3o encontra raz\u00e3o na raz\u00e3o e a sua f\u00e9 n\u00e3o sucumbe \u00e0s l\u00e1grimas, pelo contr\u00e1rio se fortalece. \u00c9 a parte que n\u00e3o entende que h\u00e1 um fim, mas n\u00e3o consegue explicar por que acredita nisso. \u00c9 a parte que derrama perfume caro aos p\u00e9s do seu Senhor num pren\u00fancio de despedida. \u00c9 a parte que conhece as todas as marcas e sujeiras que est\u00e3o em sua alma e que ao limpar com l\u00e1grimas os p\u00e9s de seu Senhor amado sente a sua pr\u00f3pria alma sendo limpa. Esta \u00e9 a parte que fica e ao ver o t\u00famulo e\u00a0 consegue enxergar um at\u00e9 breve.<\/p>\n<p>&nbsp;<\/p>\n<p>Destas duas partes, que lutam dentro de mim, a que mais me d\u00e1 alegria \u00e9 a que se deleita aos p\u00e9s do seu Senhor ressurreto. A outra parte que luto para extirpar de dentro de mim \u00e9 a que sempre pede \u00a0ao mestre para tocar-lhe as suas feridas pois diante do t\u00famulo vazio a sua f\u00e9 se esvai. Esta parte precisa morrer. Quem me livrar\u00e1 dela?<\/p>\n","protected":false},"excerpt":{"rendered":"<p>Mt 27:57-61 Ao cair da tarde chegou um homem rico, de Arimat\u00e9ia, chamado Jos\u00e9, que se tornara disc\u00edpulo de Jesus. \u00a0Dirigindo-se a [&hellip;]<\/p>\n","protected":false},"author":26,"featured_media":11006,"comment_status":"open","ping_status":"open","sticky":false,"template":"","format":"standard","meta":{"_exactmetrics_skip_tracking":false,"_exactmetrics_sitenote_active":false,"_exactmetrics_sitenote_note":"","_exactmetrics_sitenote_category":0,"footnotes":"","_links_to":"","_links_to_target":""},"categories":[2358],"tags":[2619,420,495,69,2624,2622,2623,1548],"class_list":{"0":"post-11005","1":"post","2":"type-post","3":"status-publish","4":"format-standard","5":"has-post-thumbnail","6":"hentry","7":"category-pastoral","8":"tag-cristo","9":"tag-deus","10":"tag-espiritualidade","11":"tag-fe","12":"tag-fe-para-crer","13":"tag-razao","14":"tag-razao-para-crer","15":"tag-ressurreicao","17":"post-with-thumbnail","18":"post-with-thumbnail-large"},"yoast_head":"<!-- This site is optimized with the Yoast SEO plugin v27.1.1 - https:\/\/yoast.com\/product\/yoast-seo-wordpress\/ -->\n<title>Eu, eu mesmo e Cristo #pastorais #pastoral - Crentassos Produ\u00e7\u00f5es Subversivas<\/title>\n<meta name=\"robots\" content=\"index, follow, max-snippet:-1, max-image-preview:large, max-video-preview:-1\" \/>\n<link rel=\"canonical\" href=\"https:\/\/crentassos.com.br\/blog\/2014\/09\/eu-eu-mesmo-e-cristo-pastorais-pastoral.html\" \/>\n<meta property=\"og:locale\" content=\"pt_BR\" \/>\n<meta property=\"og:type\" content=\"article\" \/>\n<meta property=\"og:title\" content=\"Eu, eu mesmo e Cristo #pastorais #pastoral - Crentassos Produ\u00e7\u00f5es Subversivas\" \/>\n<meta property=\"og:description\" content=\"Mt 27:57-61 Ao cair da tarde chegou um homem rico, de Arimat\u00e9ia, chamado Jos\u00e9, que se tornara disc\u00edpulo de Jesus. \u00a0Dirigindo-se a [&hellip;]\" \/>\n<meta property=\"og:url\" content=\"https:\/\/crentassos.com.br\/blog\/2014\/09\/eu-eu-mesmo-e-cristo-pastorais-pastoral.html\" \/>\n<meta property=\"og:site_name\" content=\"Crentassos Produ\u00e7\u00f5es Subversivas\" \/>\n<meta property=\"article:publisher\" content=\"http:\/\/www.facebook.com\/crentassos\" \/>\n<meta property=\"article:published_time\" content=\"2014-09-08T12:48:04+00:00\" \/>\n<meta property=\"article:modified_time\" content=\"2014-09-08T12:56:54+00:00\" \/>\n<meta property=\"og:image\" content=\"https:\/\/crentassos.com.br\/blog\/wp-content\/uploads\/tumulo-vazio.jpg\" \/>\n\t<meta property=\"og:image:width\" content=\"1812\" \/>\n\t<meta property=\"og:image:height\" content=\"2130\" \/>\n\t<meta property=\"og:image:type\" content=\"image\/jpeg\" \/>\n<meta name=\"author\" content=\"Guilherme Burjack\" \/>\n<meta name=\"twitter:card\" content=\"summary_large_image\" \/>\n<meta name=\"twitter:creator\" content=\"@crentassos\" \/>\n<meta name=\"twitter:site\" content=\"@crentassos\" \/>\n<meta name=\"twitter:label1\" content=\"Escrito por\" \/>\n\t<meta name=\"twitter:data1\" content=\"Guilherme Burjack\" \/>\n\t<meta name=\"twitter:label2\" content=\"Est. tempo de leitura\" \/>\n\t<meta name=\"twitter:data2\" content=\"2 minutos\" \/>\n<script type=\"application\/ld+json\" class=\"yoast-schema-graph\">{\"@context\":\"https:\/\/schema.org\",\"@graph\":[{\"@type\":\"Article\",\"@id\":\"https:\/\/crentassos.com.br\/blog\/2014\/09\/eu-eu-mesmo-e-cristo-pastorais-pastoral.html#article\",\"isPartOf\":{\"@id\":\"https:\/\/crentassos.com.br\/blog\/2014\/09\/eu-eu-mesmo-e-cristo-pastorais-pastoral.html\"},\"author\":{\"name\":\"Guilherme Burjack\",\"@id\":\"https:\/\/crentassos.com.br\/blog\/#\/schema\/person\/42c4cecea212b079232e51cc2be316fe\"},\"headline\":\"Eu, eu mesmo e Cristo #pastorais #pastoral\",\"datePublished\":\"2014-09-08T12:48:04+00:00\",\"dateModified\":\"2014-09-08T12:56:54+00:00\",\"mainEntityOfPage\":{\"@id\":\"https:\/\/crentassos.com.br\/blog\/2014\/09\/eu-eu-mesmo-e-cristo-pastorais-pastoral.html\"},\"wordCount\":431,\"commentCount\":2,\"publisher\":{\"@id\":\"https:\/\/crentassos.com.br\/blog\/#organization\"},\"image\":{\"@id\":\"https:\/\/crentassos.com.br\/blog\/2014\/09\/eu-eu-mesmo-e-cristo-pastorais-pastoral.html#primaryimage\"},\"thumbnailUrl\":\"https:\/\/crentassos.com.br\/blog\/wp-content\/uploads\/tumulo-vazio.jpg\",\"keywords\":[\"Cristo\",\"Deus\",\"espiritualidade\",\"F\u00e9\",\"f\u00e9 para crer\",\"raz\u00e3o\",\"raz\u00e3o para crer\",\"ressurrei\u00e7\u00e3o\"],\"articleSection\":[\"Pastoral\"],\"inLanguage\":\"pt-BR\",\"potentialAction\":[{\"@type\":\"CommentAction\",\"name\":\"Comment\",\"target\":[\"https:\/\/crentassos.com.br\/blog\/2014\/09\/eu-eu-mesmo-e-cristo-pastorais-pastoral.html#respond\"]}]},{\"@type\":\"WebPage\",\"@id\":\"https:\/\/crentassos.com.br\/blog\/2014\/09\/eu-eu-mesmo-e-cristo-pastorais-pastoral.html\",\"url\":\"https:\/\/crentassos.com.br\/blog\/2014\/09\/eu-eu-mesmo-e-cristo-pastorais-pastoral.html\",\"name\":\"Eu, eu mesmo e Cristo #pastorais #pastoral - Crentassos Produ\u00e7\u00f5es Subversivas\",\"isPartOf\":{\"@id\":\"https:\/\/crentassos.com.br\/blog\/#website\"},\"primaryImageOfPage\":{\"@id\":\"https:\/\/crentassos.com.br\/blog\/2014\/09\/eu-eu-mesmo-e-cristo-pastorais-pastoral.html#primaryimage\"},\"image\":{\"@id\":\"https:\/\/crentassos.com.br\/blog\/2014\/09\/eu-eu-mesmo-e-cristo-pastorais-pastoral.html#primaryimage\"},\"thumbnailUrl\":\"https:\/\/crentassos.com.br\/blog\/wp-content\/uploads\/tumulo-vazio.jpg\",\"datePublished\":\"2014-09-08T12:48:04+00:00\",\"dateModified\":\"2014-09-08T12:56:54+00:00\",\"breadcrumb\":{\"@id\":\"https:\/\/crentassos.com.br\/blog\/2014\/09\/eu-eu-mesmo-e-cristo-pastorais-pastoral.html#breadcrumb\"},\"inLanguage\":\"pt-BR\",\"potentialAction\":[{\"@type\":\"ReadAction\",\"target\":[\"https:\/\/crentassos.com.br\/blog\/2014\/09\/eu-eu-mesmo-e-cristo-pastorais-pastoral.html\"]}]},{\"@type\":\"ImageObject\",\"inLanguage\":\"pt-BR\",\"@id\":\"https:\/\/crentassos.com.br\/blog\/2014\/09\/eu-eu-mesmo-e-cristo-pastorais-pastoral.html#primaryimage\",\"url\":\"https:\/\/crentassos.com.br\/blog\/wp-content\/uploads\/tumulo-vazio.jpg\",\"contentUrl\":\"https:\/\/crentassos.com.br\/blog\/wp-content\/uploads\/tumulo-vazio.jpg\",\"width\":1812,\"height\":2130},{\"@type\":\"BreadcrumbList\",\"@id\":\"https:\/\/crentassos.com.br\/blog\/2014\/09\/eu-eu-mesmo-e-cristo-pastorais-pastoral.html#breadcrumb\",\"itemListElement\":[{\"@type\":\"ListItem\",\"position\":1,\"name\":\"Home\",\"item\":\"https:\/\/crentassos.com.br\/blog\/\"},{\"@type\":\"ListItem\",\"position\":2,\"name\":\"Eu, eu mesmo e Cristo #pastorais #pastoral\"}]},{\"@type\":\"WebSite\",\"@id\":\"https:\/\/crentassos.com.br\/blog\/#website\",\"url\":\"https:\/\/crentassos.com.br\/blog\/\",\"name\":\"Crentassos Produ\u00e7\u00f5es Subversivas\",\"description\":\"Podcast Crist\u00e3o, Podcrent, Da Prateleira, Artigos crist\u00e3os, Teologia, Estudos, Textos B\u00edblicos\",\"publisher\":{\"@id\":\"https:\/\/crentassos.com.br\/blog\/#organization\"},\"potentialAction\":[{\"@type\":\"SearchAction\",\"target\":{\"@type\":\"EntryPoint\",\"urlTemplate\":\"https:\/\/crentassos.com.br\/blog\/?s={search_term_string}\"},\"query-input\":{\"@type\":\"PropertyValueSpecification\",\"valueRequired\":true,\"valueName\":\"search_term_string\"}}],\"inLanguage\":\"pt-BR\"},{\"@type\":\"Organization\",\"@id\":\"https:\/\/crentassos.com.br\/blog\/#organization\",\"name\":\"Crentassos Produ\u00e7\u00f5es Subversivas\",\"url\":\"https:\/\/crentassos.com.br\/blog\/\",\"logo\":{\"@type\":\"ImageObject\",\"inLanguage\":\"pt-BR\",\"@id\":\"https:\/\/crentassos.com.br\/blog\/#\/schema\/logo\/image\/\",\"url\":\"https:\/\/crentassos.com.br\/blog\/wp-content\/uploads\/2020\/05\/cropped-crentassos1-300x300png.png\",\"contentUrl\":\"https:\/\/crentassos.com.br\/blog\/wp-content\/uploads\/2020\/05\/cropped-crentassos1-300x300png.png\",\"width\":300,\"height\":300,\"caption\":\"Crentassos Produ\u00e7\u00f5es Subversivas\"},\"image\":{\"@id\":\"https:\/\/crentassos.com.br\/blog\/#\/schema\/logo\/image\/\"},\"sameAs\":[\"http:\/\/www.facebook.com\/crentassos\",\"https:\/\/x.com\/crentassos\",\"https:\/\/www.instagram.com\/crentassos\",\"https:\/\/www.youtube.com\/crentassos\"]},{\"@type\":\"Person\",\"@id\":\"https:\/\/crentassos.com.br\/blog\/#\/schema\/person\/42c4cecea212b079232e51cc2be316fe\",\"name\":\"Guilherme Burjack\",\"image\":{\"@type\":\"ImageObject\",\"inLanguage\":\"pt-BR\",\"@id\":\"https:\/\/crentassos.com.br\/blog\/#\/schema\/person\/image\/\",\"url\":\"https:\/\/secure.gravatar.com\/avatar\/9ffba278a21f39739d753cbbfb0e3b02c04eef57eeec4bbc954a255a90910043?s=96&d=retro&r=g\",\"contentUrl\":\"https:\/\/secure.gravatar.com\/avatar\/9ffba278a21f39739d753cbbfb0e3b02c04eef57eeec4bbc954a255a90910043?s=96&d=retro&r=g\",\"caption\":\"Guilherme Burjack\"},\"description\":\"Esposo, pai, pastor e torcedor do glorioso vilanova futebol clube.\",\"sameAs\":[\"https:\/\/www.facebook.com\/PrBurjack\"],\"url\":\"https:\/\/crentassos.com.br\/blog\/author\/burjack\"}]}<\/script>\n<!-- \/ Yoast SEO plugin. -->","yoast_head_json":{"title":"Eu, eu mesmo e Cristo #pastorais #pastoral - Crentassos Produ\u00e7\u00f5es Subversivas","robots":{"index":"index","follow":"follow","max-snippet":"max-snippet:-1","max-image-preview":"max-image-preview:large","max-video-preview":"max-video-preview:-1"},"canonical":"https:\/\/crentassos.com.br\/blog\/2014\/09\/eu-eu-mesmo-e-cristo-pastorais-pastoral.html","og_locale":"pt_BR","og_type":"article","og_title":"Eu, eu mesmo e Cristo #pastorais #pastoral - Crentassos Produ\u00e7\u00f5es Subversivas","og_description":"Mt 27:57-61 Ao cair da tarde chegou um homem rico, de Arimat\u00e9ia, chamado Jos\u00e9, que se tornara disc\u00edpulo de Jesus. \u00a0Dirigindo-se a [&hellip;]","og_url":"https:\/\/crentassos.com.br\/blog\/2014\/09\/eu-eu-mesmo-e-cristo-pastorais-pastoral.html","og_site_name":"Crentassos Produ\u00e7\u00f5es Subversivas","article_publisher":"http:\/\/www.facebook.com\/crentassos","article_published_time":"2014-09-08T12:48:04+00:00","article_modified_time":"2014-09-08T12:56:54+00:00","og_image":[{"width":1812,"height":2130,"url":"https:\/\/crentassos.com.br\/blog\/wp-content\/uploads\/tumulo-vazio.jpg","type":"image\/jpeg"}],"author":"Guilherme Burjack","twitter_card":"summary_large_image","twitter_creator":"@crentassos","twitter_site":"@crentassos","twitter_misc":{"Escrito por":"Guilherme Burjack","Est. tempo de leitura":"2 minutos"},"schema":{"@context":"https:\/\/schema.org","@graph":[{"@type":"Article","@id":"https:\/\/crentassos.com.br\/blog\/2014\/09\/eu-eu-mesmo-e-cristo-pastorais-pastoral.html#article","isPartOf":{"@id":"https:\/\/crentassos.com.br\/blog\/2014\/09\/eu-eu-mesmo-e-cristo-pastorais-pastoral.html"},"author":{"name":"Guilherme Burjack","@id":"https:\/\/crentassos.com.br\/blog\/#\/schema\/person\/42c4cecea212b079232e51cc2be316fe"},"headline":"Eu, eu mesmo e Cristo #pastorais #pastoral","datePublished":"2014-09-08T12:48:04+00:00","dateModified":"2014-09-08T12:56:54+00:00","mainEntityOfPage":{"@id":"https:\/\/crentassos.com.br\/blog\/2014\/09\/eu-eu-mesmo-e-cristo-pastorais-pastoral.html"},"wordCount":431,"commentCount":2,"publisher":{"@id":"https:\/\/crentassos.com.br\/blog\/#organization"},"image":{"@id":"https:\/\/crentassos.com.br\/blog\/2014\/09\/eu-eu-mesmo-e-cristo-pastorais-pastoral.html#primaryimage"},"thumbnailUrl":"https:\/\/crentassos.com.br\/blog\/wp-content\/uploads\/tumulo-vazio.jpg","keywords":["Cristo","Deus","espiritualidade","F\u00e9","f\u00e9 para crer","raz\u00e3o","raz\u00e3o para crer","ressurrei\u00e7\u00e3o"],"articleSection":["Pastoral"],"inLanguage":"pt-BR","potentialAction":[{"@type":"CommentAction","name":"Comment","target":["https:\/\/crentassos.com.br\/blog\/2014\/09\/eu-eu-mesmo-e-cristo-pastorais-pastoral.html#respond"]}]},{"@type":"WebPage","@id":"https:\/\/crentassos.com.br\/blog\/2014\/09\/eu-eu-mesmo-e-cristo-pastorais-pastoral.html","url":"https:\/\/crentassos.com.br\/blog\/2014\/09\/eu-eu-mesmo-e-cristo-pastorais-pastoral.html","name":"Eu, eu mesmo e Cristo #pastorais #pastoral - Crentassos Produ\u00e7\u00f5es Subversivas","isPartOf":{"@id":"https:\/\/crentassos.com.br\/blog\/#website"},"primaryImageOfPage":{"@id":"https:\/\/crentassos.com.br\/blog\/2014\/09\/eu-eu-mesmo-e-cristo-pastorais-pastoral.html#primaryimage"},"image":{"@id":"https:\/\/crentassos.com.br\/blog\/2014\/09\/eu-eu-mesmo-e-cristo-pastorais-pastoral.html#primaryimage"},"thumbnailUrl":"https:\/\/crentassos.com.br\/blog\/wp-content\/uploads\/tumulo-vazio.jpg","datePublished":"2014-09-08T12:48:04+00:00","dateModified":"2014-09-08T12:56:54+00:00","breadcrumb":{"@id":"https:\/\/crentassos.com.br\/blog\/2014\/09\/eu-eu-mesmo-e-cristo-pastorais-pastoral.html#breadcrumb"},"inLanguage":"pt-BR","potentialAction":[{"@type":"ReadAction","target":["https:\/\/crentassos.com.br\/blog\/2014\/09\/eu-eu-mesmo-e-cristo-pastorais-pastoral.html"]}]},{"@type":"ImageObject","inLanguage":"pt-BR","@id":"https:\/\/crentassos.com.br\/blog\/2014\/09\/eu-eu-mesmo-e-cristo-pastorais-pastoral.html#primaryimage","url":"https:\/\/crentassos.com.br\/blog\/wp-content\/uploads\/tumulo-vazio.jpg","contentUrl":"https:\/\/crentassos.com.br\/blog\/wp-content\/uploads\/tumulo-vazio.jpg","width":1812,"height":2130},{"@type":"BreadcrumbList","@id":"https:\/\/crentassos.com.br\/blog\/2014\/09\/eu-eu-mesmo-e-cristo-pastorais-pastoral.html#breadcrumb","itemListElement":[{"@type":"ListItem","position":1,"name":"Home","item":"https:\/\/crentassos.com.br\/blog\/"},{"@type":"ListItem","position":2,"name":"Eu, eu mesmo e Cristo #pastorais #pastoral"}]},{"@type":"WebSite","@id":"https:\/\/crentassos.com.br\/blog\/#website","url":"https:\/\/crentassos.com.br\/blog\/","name":"Crentassos Produ\u00e7\u00f5es Subversivas","description":"Podcast Crist\u00e3o, Podcrent, Da Prateleira, Artigos crist\u00e3os, Teologia, Estudos, Textos B\u00edblicos","publisher":{"@id":"https:\/\/crentassos.com.br\/blog\/#organization"},"potentialAction":[{"@type":"SearchAction","target":{"@type":"EntryPoint","urlTemplate":"https:\/\/crentassos.com.br\/blog\/?s={search_term_string}"},"query-input":{"@type":"PropertyValueSpecification","valueRequired":true,"valueName":"search_term_string"}}],"inLanguage":"pt-BR"},{"@type":"Organization","@id":"https:\/\/crentassos.com.br\/blog\/#organization","name":"Crentassos Produ\u00e7\u00f5es Subversivas","url":"https:\/\/crentassos.com.br\/blog\/","logo":{"@type":"ImageObject","inLanguage":"pt-BR","@id":"https:\/\/crentassos.com.br\/blog\/#\/schema\/logo\/image\/","url":"https:\/\/crentassos.com.br\/blog\/wp-content\/uploads\/2020\/05\/cropped-crentassos1-300x300png.png","contentUrl":"https:\/\/crentassos.com.br\/blog\/wp-content\/uploads\/2020\/05\/cropped-crentassos1-300x300png.png","width":300,"height":300,"caption":"Crentassos Produ\u00e7\u00f5es Subversivas"},"image":{"@id":"https:\/\/crentassos.com.br\/blog\/#\/schema\/logo\/image\/"},"sameAs":["http:\/\/www.facebook.com\/crentassos","https:\/\/x.com\/crentassos","https:\/\/www.instagram.com\/crentassos","https:\/\/www.youtube.com\/crentassos"]},{"@type":"Person","@id":"https:\/\/crentassos.com.br\/blog\/#\/schema\/person\/42c4cecea212b079232e51cc2be316fe","name":"Guilherme Burjack","image":{"@type":"ImageObject","inLanguage":"pt-BR","@id":"https:\/\/crentassos.com.br\/blog\/#\/schema\/person\/image\/","url":"https:\/\/secure.gravatar.com\/avatar\/9ffba278a21f39739d753cbbfb0e3b02c04eef57eeec4bbc954a255a90910043?s=96&d=retro&r=g","contentUrl":"https:\/\/secure.gravatar.com\/avatar\/9ffba278a21f39739d753cbbfb0e3b02c04eef57eeec4bbc954a255a90910043?s=96&d=retro&r=g","caption":"Guilherme Burjack"},"description":"Esposo, pai, pastor e torcedor do glorioso vilanova futebol clube.","sameAs":["https:\/\/www.facebook.com\/PrBurjack"],"url":"https:\/\/crentassos.com.br\/blog\/author\/burjack"}]}},"_links":{"self":[{"href":"https:\/\/crentassos.com.br\/blog\/wp-json\/wp\/v2\/posts\/11005","targetHints":{"allow":["GET"]}}],"collection":[{"href":"https:\/\/crentassos.com.br\/blog\/wp-json\/wp\/v2\/posts"}],"about":[{"href":"https:\/\/crentassos.com.br\/blog\/wp-json\/wp\/v2\/types\/post"}],"author":[{"embeddable":true,"href":"https:\/\/crentassos.com.br\/blog\/wp-json\/wp\/v2\/users\/26"}],"replies":[{"embeddable":true,"href":"https:\/\/crentassos.com.br\/blog\/wp-json\/wp\/v2\/comments?post=11005"}],"version-history":[{"count":2,"href":"https:\/\/crentassos.com.br\/blog\/wp-json\/wp\/v2\/posts\/11005\/revisions"}],"predecessor-version":[{"id":11009,"href":"https:\/\/crentassos.com.br\/blog\/wp-json\/wp\/v2\/posts\/11005\/revisions\/11009"}],"wp:featuredmedia":[{"embeddable":true,"href":"https:\/\/crentassos.com.br\/blog\/wp-json\/wp\/v2\/media\/11006"}],"wp:attachment":[{"href":"https:\/\/crentassos.com.br\/blog\/wp-json\/wp\/v2\/media?parent=11005"}],"wp:term":[{"taxonomy":"category","embeddable":true,"href":"https:\/\/crentassos.com.br\/blog\/wp-json\/wp\/v2\/categories?post=11005"},{"taxonomy":"post_tag","embeddable":true,"href":"https:\/\/crentassos.com.br\/blog\/wp-json\/wp\/v2\/tags?post=11005"}],"curies":[{"name":"wp","href":"https:\/\/api.w.org\/{rel}","templated":true}]}}