{"id":10909,"date":"2014-08-05T10:00:42","date_gmt":"2014-08-05T13:00:42","guid":{"rendered":"http:\/\/crentassos.com.br\/blog\/?p=10909"},"modified":"2014-08-04T17:10:23","modified_gmt":"2014-08-04T20:10:23","slug":"eis-a-questao","status":"publish","type":"post","link":"https:\/\/crentassos.com.br\/blog\/2014\/08\/eis-a-questao.html","title":{"rendered":"Eis a quest\u00e3o."},"content":{"rendered":"<p>Eu acredito em Deus. Acredito que Ele criou o universo e dentro desse universo, criou o planeta terra. Dentro dessa terra criou muitas coisas e finalmente, criou um ser a Sua imagem e semelhan\u00e7a- o ser humano- e deu ele o poder de governar esse planeta.<br \/>\nEu acredito que houve alguma coisa errada e o homem se afastou de Deus. Ele ent\u00e3o enviou seu \u00fanico filho para que todo aquele que cresse nele, fosse salvo desse erro e voltasse e ter comunh\u00e3o com esse Deus. Eu acredito que homem em seu design original n\u00e3o deveria morrer. Fomos feitos para sermos eternos. \u00c9 isso que perdemos quando nos afastamos de Deus e temos de volta quando aceitamos Jesus como Senhor e Salvador de nossa vida. <\/p>\n<p>Eu aceitei Jesus Cristo como Senhor e Salvador da minha vida, cerca de 10 anos atr\u00e1s. Passei a acreditar em milagres e viver pela f\u00e9. S\u00e3o 10 anos vivendo assim sem ser decepcionado pela minha escolha. Mas por que ser\u00e1 que alguns amigos meus n\u00e3o conseguem acreditar nisso tamb\u00e9m? Por que para eles, tudo isso n\u00e3o passa de bobagem, ilus\u00e3o, fantasia? Tenho meditado nessas perguntas alguma tempo e cheguei a algumas possibilidades que quero compartilhara a seguir<\/p>\n<p>Primeiro: a cria\u00e7\u00e3o n\u00e3o tem capacidade suficiente te entender seu criador.<br \/>\nPor mais que algu\u00e9m escute todas as minhas composi\u00e7\u00f5es, jamais me conhecer\u00e1 plenamente atrav\u00e9s delas. Elas n\u00e3o tem em si a capacidade de me revelar completamente. Assim tamb\u00e9m um filho quando exortado pelo pai, muitas vezes n\u00e3o entendem o por que, por exemplo, de n\u00e3o poder correr no meio da rua ou de n\u00e3o poder  pular do telhado&#8230; O menor n\u00e3o pode compreender o maior. Diante dessa constata\u00e7\u00e3o, cabe ao menor (a cria\u00e7\u00e3o) aceitar isso e viver conforme essa verdade ou se rebelar e viver conforme achar melhor. <\/p>\n<p>Segundo: algu\u00e9m que n\u00e3o quer ver alguma coisa nunca vai enxergar essa coisa mesmo que esteja diante de seus olhos.<br \/>\nTodos os dias milagres acontecem aos montes. Para quem cr\u00ea que eles existem, isso \u00e9 t\u00e3o claro que chega at\u00e9 a ser banal as vezes. Para quem n\u00e3o acredita, milagres nunca ser\u00e3o suficientemente grandes para que creia. Essa pessoas sempre buscar\u00e3o outra resposta, mesmo que seja t\u00e3o absurda quanto um milagre. S\u00f3 existe uma forma de se convencer algu\u00e9m: \u00e9 se esse algu\u00e9m decide passar a considerar aquilo que n\u00e3o considera. <\/p>\n<p>Terceiro: nenhuma sabedoria desse mundo alcan\u00e7a Deus.<br \/>\nUma pessoas que deseje, em algum momento, buscar atrav\u00e9s de livros, s\u00e1bios, eruditos, rituais, cultos ou qualquer outro artif\u00edcio humano, saber sobre Deus, ser\u00e1 fatalmente enganada por um emaranhado de conhecimentos humanos fadados ao pr\u00f3prio orgulho humano de ser s\u00e1bio. \u00c9 como se um peixe quisesse explicar para outro peixe como \u00e9 viver fora da \u00e1gua. Pode haver bilhares de poss\u00edveis explica\u00e7\u00f5es mas nenhuma delas alcan\u00e7ara a verdade. Podem haver conclus\u00f5es pr\u00f3ximas da verdade e que ajudem na compreens\u00e3o. Mas \u00e9 somente um peixe que viva fora da \u00e1gua ou outro animal que viva fora \u00e1gua, que pode afirma categoricamente como \u00e9 isso.<\/p>\n<p>Quarto: a B\u00edblia n\u00e3o \u00e9 um livro humano.<br \/>\nApesar de sabermos que a B\u00edblia foi escrita por homens, consideramos que foi inspirado por Deus. Seu  conte\u00fado \u00e9 a vis\u00e3o de algu\u00e9m de fora da humanidade, falando sobre essa humanidade e apontando uma dire\u00e7\u00e3o segura para seguirmos. Tamb\u00e9m aponta o p\u00e9ssimo resultado para quem prefere n\u00e3o seguir esse dire\u00e7\u00e3o. A B\u00edblia n\u00e3o mostra um deus mau. Ela mostra homens maus que romperam com Deus e colheram o resultado \u00f3bvio disso. Ora ,se um pai empresta o carro para um filho adolescente ir ha uma festa e lhe diz para n\u00e3o beber pois isso pode ser fatal e o filho ignora o aviso, bebe e acaba matando algu\u00e9m atropelado ou ele mesmo morre no acidente, o pai \u00e9 mau? A culpa pela desgra\u00e7a nesse caso \u00e9 do pai? Portanto a B\u00edblia \u00e9 como um aviso de \u201cse beber n\u00e3o dirija\u201d que alguns obedecem e outros n\u00e3o&#8230;<\/p>\n<p>Quinto: Deus se revela sobre os homens. \u00c9 somente dessa forma que o evangelho, o Reino de Deus e Jesus, fazem sentido. \u00c9 pela revela\u00e7\u00e3o dEle em n\u00f3s. Essa revela\u00e7\u00e3o s\u00f3 ocorre na vida de quem deseja ter essa revela\u00e7\u00e3o. N\u00e3o como quem d\u00favida mas como quem acredita. \u00c9 algu\u00e9m que j\u00e1 entende o primeiro, segundo, terceiro e quarto ponto desse texto. Sem isso n\u00e3o existe possibilidade de aceitar o fato. A pessoa escolhe o que chama de \u201craz\u00e3o\u201d para viver como se ter f\u00e9 n\u00e3o fosse racional. Na verdade sua mente \u201cracional\u201d n\u00e3o alcan\u00e7a a \u00f3bvia racionalidade do universo. Prefere se por numa ilus\u00f3ria e falaciosa \u201cevolu\u00e7\u00e3o\u201d da mat\u00e9ria que come\u00e7ou no nada e terminar\u00e1 em lugar algum. Considera isso mais seguro do que a raz\u00e3o absoluta da verdade plena acerca de Deus. Por\u00e9m Deus continua se revelando, fazendo milagres e sustentando o universo em sua m\u00e3o, quer a pessoa creia nisso ou n\u00e3o. Assim como um crian\u00e7a teimosa se joga no ch\u00e3o em protesto contra a m\u00e3e que lhe nega a travessura, esses homens se orgulham de n\u00e3o acreditarem em Deus.<\/p>\n<p>Ao amanhecer desse dia, a gra\u00e7a e miseric\u00f3rdia se renovaram outra vez sobre todos os homens. At\u00e9 quando isso vai durar ningu\u00e9m sabe. At\u00e9 l\u00e1 haver\u00e1 tempo de aceitar a Soberania bondosa de Deus e aguardar a chegada do tempo da vida eterna ou escolher acreditar em quem n\u00e3o acredita na vida, na raz\u00e3o, no prop\u00f3sito e plenitude do homem e seu criador. Em que vc cr\u00ea afinal?<\/p>\n","protected":false},"excerpt":{"rendered":"<p>Eu acredito em Deus. Acredito que Ele criou o universo e dentro desse universo, criou o planeta terra. Dentro dessa terra criou [&hellip;]<\/p>\n","protected":false},"author":13,"featured_media":10910,"comment_status":"open","ping_status":"open","sticky":false,"template":"","format":"standard","meta":{"_exactmetrics_skip_tracking":false,"_exactmetrics_sitenote_active":false,"_exactmetrics_sitenote_note":"","_exactmetrics_sitenote_category":0,"footnotes":"","_links_to":"","_links_to_target":""},"categories":[112],"tags":[1475,72,400,506,31,697,29],"class_list":{"0":"post-10909","1":"post","2":"type-post","3":"status-publish","4":"format-standard","5":"has-post-thumbnail","6":"hentry","7":"category-artigos","8":"tag-artigo","9":"tag-biblia","10":"tag-danni-distler","11":"tag-evangelho","12":"tag-igreja","13":"tag-jesus","14":"tag-texto","16":"post-with-thumbnail","17":"post-with-thumbnail-large"},"yoast_head":"<!-- This site is optimized with the Yoast SEO plugin v27.1.1 - https:\/\/yoast.com\/product\/yoast-seo-wordpress\/ -->\n<title>Eis a quest\u00e3o. - Crentassos Produ\u00e7\u00f5es Subversivas<\/title>\n<meta name=\"robots\" content=\"index, follow, max-snippet:-1, max-image-preview:large, max-video-preview:-1\" \/>\n<link rel=\"canonical\" href=\"https:\/\/crentassos.com.br\/blog\/2014\/08\/eis-a-questao.html\" \/>\n<meta property=\"og:locale\" content=\"pt_BR\" \/>\n<meta property=\"og:type\" content=\"article\" \/>\n<meta property=\"og:title\" content=\"Eis a quest\u00e3o. - Crentassos Produ\u00e7\u00f5es Subversivas\" \/>\n<meta property=\"og:description\" content=\"Eu acredito em Deus. Acredito que Ele criou o universo e dentro desse universo, criou o planeta terra. Dentro dessa terra criou [&hellip;]\" \/>\n<meta property=\"og:url\" content=\"https:\/\/crentassos.com.br\/blog\/2014\/08\/eis-a-questao.html\" \/>\n<meta property=\"og:site_name\" content=\"Crentassos Produ\u00e7\u00f5es Subversivas\" \/>\n<meta property=\"article:publisher\" content=\"http:\/\/www.facebook.com\/crentassos\" \/>\n<meta property=\"article:published_time\" content=\"2014-08-05T13:00:42+00:00\" \/>\n<meta property=\"og:image\" content=\"https:\/\/crentassos.com.br\/blog\/wp-content\/uploads\/macaco.jpg\" \/>\n\t<meta property=\"og:image:width\" content=\"425\" \/>\n\t<meta property=\"og:image:height\" content=\"350\" \/>\n\t<meta property=\"og:image:type\" content=\"image\/jpeg\" \/>\n<meta name=\"author\" content=\"Danni Distler\" \/>\n<meta name=\"twitter:card\" content=\"summary_large_image\" \/>\n<meta name=\"twitter:creator\" content=\"@crentassos\" \/>\n<meta name=\"twitter:site\" content=\"@crentassos\" \/>\n<meta name=\"twitter:label1\" content=\"Escrito por\" \/>\n\t<meta name=\"twitter:data1\" content=\"Danni Distler\" \/>\n\t<meta name=\"twitter:label2\" content=\"Est. tempo de leitura\" \/>\n\t<meta name=\"twitter:data2\" content=\"5 minutos\" \/>\n<script type=\"application\/ld+json\" class=\"yoast-schema-graph\">{\"@context\":\"https:\/\/schema.org\",\"@graph\":[{\"@type\":\"Article\",\"@id\":\"https:\/\/crentassos.com.br\/blog\/2014\/08\/eis-a-questao.html#article\",\"isPartOf\":{\"@id\":\"https:\/\/crentassos.com.br\/blog\/2014\/08\/eis-a-questao.html\"},\"author\":{\"name\":\"Danni Distler\",\"@id\":\"https:\/\/crentassos.com.br\/blog\/#\/schema\/person\/f28a0d59813bb7ad4666178ea4c2cfd5\"},\"headline\":\"Eis a quest\u00e3o.\",\"datePublished\":\"2014-08-05T13:00:42+00:00\",\"mainEntityOfPage\":{\"@id\":\"https:\/\/crentassos.com.br\/blog\/2014\/08\/eis-a-questao.html\"},\"wordCount\":987,\"commentCount\":0,\"publisher\":{\"@id\":\"https:\/\/crentassos.com.br\/blog\/#organization\"},\"image\":{\"@id\":\"https:\/\/crentassos.com.br\/blog\/2014\/08\/eis-a-questao.html#primaryimage\"},\"thumbnailUrl\":\"https:\/\/crentassos.com.br\/blog\/wp-content\/uploads\/macaco.jpg\",\"keywords\":[\"artigo\",\"biblia\",\"danni distler\",\"evangelho\",\"igreja\",\"jesus\",\"texto\"],\"articleSection\":[\"Artigos\"],\"inLanguage\":\"pt-BR\",\"potentialAction\":[{\"@type\":\"CommentAction\",\"name\":\"Comment\",\"target\":[\"https:\/\/crentassos.com.br\/blog\/2014\/08\/eis-a-questao.html#respond\"]}]},{\"@type\":\"WebPage\",\"@id\":\"https:\/\/crentassos.com.br\/blog\/2014\/08\/eis-a-questao.html\",\"url\":\"https:\/\/crentassos.com.br\/blog\/2014\/08\/eis-a-questao.html\",\"name\":\"Eis a quest\u00e3o. - Crentassos Produ\u00e7\u00f5es Subversivas\",\"isPartOf\":{\"@id\":\"https:\/\/crentassos.com.br\/blog\/#website\"},\"primaryImageOfPage\":{\"@id\":\"https:\/\/crentassos.com.br\/blog\/2014\/08\/eis-a-questao.html#primaryimage\"},\"image\":{\"@id\":\"https:\/\/crentassos.com.br\/blog\/2014\/08\/eis-a-questao.html#primaryimage\"},\"thumbnailUrl\":\"https:\/\/crentassos.com.br\/blog\/wp-content\/uploads\/macaco.jpg\",\"datePublished\":\"2014-08-05T13:00:42+00:00\",\"breadcrumb\":{\"@id\":\"https:\/\/crentassos.com.br\/blog\/2014\/08\/eis-a-questao.html#breadcrumb\"},\"inLanguage\":\"pt-BR\",\"potentialAction\":[{\"@type\":\"ReadAction\",\"target\":[\"https:\/\/crentassos.com.br\/blog\/2014\/08\/eis-a-questao.html\"]}]},{\"@type\":\"ImageObject\",\"inLanguage\":\"pt-BR\",\"@id\":\"https:\/\/crentassos.com.br\/blog\/2014\/08\/eis-a-questao.html#primaryimage\",\"url\":\"https:\/\/crentassos.com.br\/blog\/wp-content\/uploads\/macaco.jpg\",\"contentUrl\":\"https:\/\/crentassos.com.br\/blog\/wp-content\/uploads\/macaco.jpg\",\"width\":425,\"height\":350},{\"@type\":\"BreadcrumbList\",\"@id\":\"https:\/\/crentassos.com.br\/blog\/2014\/08\/eis-a-questao.html#breadcrumb\",\"itemListElement\":[{\"@type\":\"ListItem\",\"position\":1,\"name\":\"Home\",\"item\":\"https:\/\/crentassos.com.br\/blog\/\"},{\"@type\":\"ListItem\",\"position\":2,\"name\":\"Eis a quest\u00e3o.\"}]},{\"@type\":\"WebSite\",\"@id\":\"https:\/\/crentassos.com.br\/blog\/#website\",\"url\":\"https:\/\/crentassos.com.br\/blog\/\",\"name\":\"Crentassos Produ\u00e7\u00f5es Subversivas\",\"description\":\"Podcast Crist\u00e3o, Podcrent, Da Prateleira, Artigos crist\u00e3os, Teologia, Estudos, Textos B\u00edblicos\",\"publisher\":{\"@id\":\"https:\/\/crentassos.com.br\/blog\/#organization\"},\"potentialAction\":[{\"@type\":\"SearchAction\",\"target\":{\"@type\":\"EntryPoint\",\"urlTemplate\":\"https:\/\/crentassos.com.br\/blog\/?s={search_term_string}\"},\"query-input\":{\"@type\":\"PropertyValueSpecification\",\"valueRequired\":true,\"valueName\":\"search_term_string\"}}],\"inLanguage\":\"pt-BR\"},{\"@type\":\"Organization\",\"@id\":\"https:\/\/crentassos.com.br\/blog\/#organization\",\"name\":\"Crentassos Produ\u00e7\u00f5es Subversivas\",\"url\":\"https:\/\/crentassos.com.br\/blog\/\",\"logo\":{\"@type\":\"ImageObject\",\"inLanguage\":\"pt-BR\",\"@id\":\"https:\/\/crentassos.com.br\/blog\/#\/schema\/logo\/image\/\",\"url\":\"https:\/\/crentassos.com.br\/blog\/wp-content\/uploads\/2020\/05\/cropped-crentassos1-300x300png.png\",\"contentUrl\":\"https:\/\/crentassos.com.br\/blog\/wp-content\/uploads\/2020\/05\/cropped-crentassos1-300x300png.png\",\"width\":300,\"height\":300,\"caption\":\"Crentassos Produ\u00e7\u00f5es Subversivas\"},\"image\":{\"@id\":\"https:\/\/crentassos.com.br\/blog\/#\/schema\/logo\/image\/\"},\"sameAs\":[\"http:\/\/www.facebook.com\/crentassos\",\"https:\/\/x.com\/crentassos\",\"https:\/\/www.instagram.com\/crentassos\",\"https:\/\/www.youtube.com\/crentassos\"]},{\"@type\":\"Person\",\"@id\":\"https:\/\/crentassos.com.br\/blog\/#\/schema\/person\/f28a0d59813bb7ad4666178ea4c2cfd5\",\"name\":\"Danni Distler\",\"image\":{\"@type\":\"ImageObject\",\"inLanguage\":\"pt-BR\",\"@id\":\"https:\/\/crentassos.com.br\/blog\/#\/schema\/person\/image\/\",\"url\":\"https:\/\/secure.gravatar.com\/avatar\/19f0efa0a4bbbe6d2b81b25c8aa112ade91c55ac3834001f3c0ac73e280de0cf?s=96&d=retro&r=g\",\"contentUrl\":\"https:\/\/secure.gravatar.com\/avatar\/19f0efa0a4bbbe6d2b81b25c8aa112ade91c55ac3834001f3c0ac73e280de0cf?s=96&d=retro&r=g\",\"caption\":\"Danni Distler\"},\"description\":\"M\u00fasico, cantor, compositor, produtor musical, mission\u00e1rio contemporr\u00e2neo. Atua no meio musical h\u00e1 mais de 10 anos, viajando pelo Brasil e fora dele, atendendo a igrejas, eventos e fazendo shows em casa noturnas e bares.\",\"sameAs\":[\"http:\/\/www.dannidistler.com\"],\"url\":\"https:\/\/crentassos.com.br\/blog\/author\/dannidistler\"}]}<\/script>\n<!-- \/ Yoast SEO plugin. -->","yoast_head_json":{"title":"Eis a quest\u00e3o. - Crentassos Produ\u00e7\u00f5es Subversivas","robots":{"index":"index","follow":"follow","max-snippet":"max-snippet:-1","max-image-preview":"max-image-preview:large","max-video-preview":"max-video-preview:-1"},"canonical":"https:\/\/crentassos.com.br\/blog\/2014\/08\/eis-a-questao.html","og_locale":"pt_BR","og_type":"article","og_title":"Eis a quest\u00e3o. - Crentassos Produ\u00e7\u00f5es Subversivas","og_description":"Eu acredito em Deus. Acredito que Ele criou o universo e dentro desse universo, criou o planeta terra. Dentro dessa terra criou [&hellip;]","og_url":"https:\/\/crentassos.com.br\/blog\/2014\/08\/eis-a-questao.html","og_site_name":"Crentassos Produ\u00e7\u00f5es Subversivas","article_publisher":"http:\/\/www.facebook.com\/crentassos","article_published_time":"2014-08-05T13:00:42+00:00","og_image":[{"width":425,"height":350,"url":"https:\/\/crentassos.com.br\/blog\/wp-content\/uploads\/macaco.jpg","type":"image\/jpeg"}],"author":"Danni Distler","twitter_card":"summary_large_image","twitter_creator":"@crentassos","twitter_site":"@crentassos","twitter_misc":{"Escrito por":"Danni Distler","Est. tempo de leitura":"5 minutos"},"schema":{"@context":"https:\/\/schema.org","@graph":[{"@type":"Article","@id":"https:\/\/crentassos.com.br\/blog\/2014\/08\/eis-a-questao.html#article","isPartOf":{"@id":"https:\/\/crentassos.com.br\/blog\/2014\/08\/eis-a-questao.html"},"author":{"name":"Danni Distler","@id":"https:\/\/crentassos.com.br\/blog\/#\/schema\/person\/f28a0d59813bb7ad4666178ea4c2cfd5"},"headline":"Eis a quest\u00e3o.","datePublished":"2014-08-05T13:00:42+00:00","mainEntityOfPage":{"@id":"https:\/\/crentassos.com.br\/blog\/2014\/08\/eis-a-questao.html"},"wordCount":987,"commentCount":0,"publisher":{"@id":"https:\/\/crentassos.com.br\/blog\/#organization"},"image":{"@id":"https:\/\/crentassos.com.br\/blog\/2014\/08\/eis-a-questao.html#primaryimage"},"thumbnailUrl":"https:\/\/crentassos.com.br\/blog\/wp-content\/uploads\/macaco.jpg","keywords":["artigo","biblia","danni distler","evangelho","igreja","jesus","texto"],"articleSection":["Artigos"],"inLanguage":"pt-BR","potentialAction":[{"@type":"CommentAction","name":"Comment","target":["https:\/\/crentassos.com.br\/blog\/2014\/08\/eis-a-questao.html#respond"]}]},{"@type":"WebPage","@id":"https:\/\/crentassos.com.br\/blog\/2014\/08\/eis-a-questao.html","url":"https:\/\/crentassos.com.br\/blog\/2014\/08\/eis-a-questao.html","name":"Eis a quest\u00e3o. - Crentassos Produ\u00e7\u00f5es Subversivas","isPartOf":{"@id":"https:\/\/crentassos.com.br\/blog\/#website"},"primaryImageOfPage":{"@id":"https:\/\/crentassos.com.br\/blog\/2014\/08\/eis-a-questao.html#primaryimage"},"image":{"@id":"https:\/\/crentassos.com.br\/blog\/2014\/08\/eis-a-questao.html#primaryimage"},"thumbnailUrl":"https:\/\/crentassos.com.br\/blog\/wp-content\/uploads\/macaco.jpg","datePublished":"2014-08-05T13:00:42+00:00","breadcrumb":{"@id":"https:\/\/crentassos.com.br\/blog\/2014\/08\/eis-a-questao.html#breadcrumb"},"inLanguage":"pt-BR","potentialAction":[{"@type":"ReadAction","target":["https:\/\/crentassos.com.br\/blog\/2014\/08\/eis-a-questao.html"]}]},{"@type":"ImageObject","inLanguage":"pt-BR","@id":"https:\/\/crentassos.com.br\/blog\/2014\/08\/eis-a-questao.html#primaryimage","url":"https:\/\/crentassos.com.br\/blog\/wp-content\/uploads\/macaco.jpg","contentUrl":"https:\/\/crentassos.com.br\/blog\/wp-content\/uploads\/macaco.jpg","width":425,"height":350},{"@type":"BreadcrumbList","@id":"https:\/\/crentassos.com.br\/blog\/2014\/08\/eis-a-questao.html#breadcrumb","itemListElement":[{"@type":"ListItem","position":1,"name":"Home","item":"https:\/\/crentassos.com.br\/blog\/"},{"@type":"ListItem","position":2,"name":"Eis a quest\u00e3o."}]},{"@type":"WebSite","@id":"https:\/\/crentassos.com.br\/blog\/#website","url":"https:\/\/crentassos.com.br\/blog\/","name":"Crentassos Produ\u00e7\u00f5es Subversivas","description":"Podcast Crist\u00e3o, Podcrent, Da Prateleira, Artigos crist\u00e3os, Teologia, Estudos, Textos B\u00edblicos","publisher":{"@id":"https:\/\/crentassos.com.br\/blog\/#organization"},"potentialAction":[{"@type":"SearchAction","target":{"@type":"EntryPoint","urlTemplate":"https:\/\/crentassos.com.br\/blog\/?s={search_term_string}"},"query-input":{"@type":"PropertyValueSpecification","valueRequired":true,"valueName":"search_term_string"}}],"inLanguage":"pt-BR"},{"@type":"Organization","@id":"https:\/\/crentassos.com.br\/blog\/#organization","name":"Crentassos Produ\u00e7\u00f5es Subversivas","url":"https:\/\/crentassos.com.br\/blog\/","logo":{"@type":"ImageObject","inLanguage":"pt-BR","@id":"https:\/\/crentassos.com.br\/blog\/#\/schema\/logo\/image\/","url":"https:\/\/crentassos.com.br\/blog\/wp-content\/uploads\/2020\/05\/cropped-crentassos1-300x300png.png","contentUrl":"https:\/\/crentassos.com.br\/blog\/wp-content\/uploads\/2020\/05\/cropped-crentassos1-300x300png.png","width":300,"height":300,"caption":"Crentassos Produ\u00e7\u00f5es Subversivas"},"image":{"@id":"https:\/\/crentassos.com.br\/blog\/#\/schema\/logo\/image\/"},"sameAs":["http:\/\/www.facebook.com\/crentassos","https:\/\/x.com\/crentassos","https:\/\/www.instagram.com\/crentassos","https:\/\/www.youtube.com\/crentassos"]},{"@type":"Person","@id":"https:\/\/crentassos.com.br\/blog\/#\/schema\/person\/f28a0d59813bb7ad4666178ea4c2cfd5","name":"Danni Distler","image":{"@type":"ImageObject","inLanguage":"pt-BR","@id":"https:\/\/crentassos.com.br\/blog\/#\/schema\/person\/image\/","url":"https:\/\/secure.gravatar.com\/avatar\/19f0efa0a4bbbe6d2b81b25c8aa112ade91c55ac3834001f3c0ac73e280de0cf?s=96&d=retro&r=g","contentUrl":"https:\/\/secure.gravatar.com\/avatar\/19f0efa0a4bbbe6d2b81b25c8aa112ade91c55ac3834001f3c0ac73e280de0cf?s=96&d=retro&r=g","caption":"Danni Distler"},"description":"M\u00fasico, cantor, compositor, produtor musical, mission\u00e1rio contemporr\u00e2neo. Atua no meio musical h\u00e1 mais de 10 anos, viajando pelo Brasil e fora dele, atendendo a igrejas, eventos e fazendo shows em casa noturnas e bares.","sameAs":["http:\/\/www.dannidistler.com"],"url":"https:\/\/crentassos.com.br\/blog\/author\/dannidistler"}]}},"_links":{"self":[{"href":"https:\/\/crentassos.com.br\/blog\/wp-json\/wp\/v2\/posts\/10909","targetHints":{"allow":["GET"]}}],"collection":[{"href":"https:\/\/crentassos.com.br\/blog\/wp-json\/wp\/v2\/posts"}],"about":[{"href":"https:\/\/crentassos.com.br\/blog\/wp-json\/wp\/v2\/types\/post"}],"author":[{"embeddable":true,"href":"https:\/\/crentassos.com.br\/blog\/wp-json\/wp\/v2\/users\/13"}],"replies":[{"embeddable":true,"href":"https:\/\/crentassos.com.br\/blog\/wp-json\/wp\/v2\/comments?post=10909"}],"version-history":[{"count":1,"href":"https:\/\/crentassos.com.br\/blog\/wp-json\/wp\/v2\/posts\/10909\/revisions"}],"predecessor-version":[{"id":10911,"href":"https:\/\/crentassos.com.br\/blog\/wp-json\/wp\/v2\/posts\/10909\/revisions\/10911"}],"wp:featuredmedia":[{"embeddable":true,"href":"https:\/\/crentassos.com.br\/blog\/wp-json\/wp\/v2\/media\/10910"}],"wp:attachment":[{"href":"https:\/\/crentassos.com.br\/blog\/wp-json\/wp\/v2\/media?parent=10909"}],"wp:term":[{"taxonomy":"category","embeddable":true,"href":"https:\/\/crentassos.com.br\/blog\/wp-json\/wp\/v2\/categories?post=10909"},{"taxonomy":"post_tag","embeddable":true,"href":"https:\/\/crentassos.com.br\/blog\/wp-json\/wp\/v2\/tags?post=10909"}],"curies":[{"name":"wp","href":"https:\/\/api.w.org\/{rel}","templated":true}]}}