{"id":10863,"date":"2014-07-15T12:42:48","date_gmt":"2014-07-15T15:42:48","guid":{"rendered":"http:\/\/crentassos.com.br\/blog\/?p=10863"},"modified":"2014-07-15T12:47:55","modified_gmt":"2014-07-15T15:47:55","slug":"sobre-a-falacia-do-deus-espantalho","status":"publish","type":"post","link":"https:\/\/crentassos.com.br\/blog\/2014\/07\/sobre-a-falacia-do-deus-espantalho.html","title":{"rendered":"sobre a fal\u00e1cia do DEUS ESPANTALHO"},"content":{"rendered":"<p style=\"text-align: justify;\">Voce sabe oq \u00e9?<\/p>\n<p style=\"text-align: justify;\">Bem, se n\u00e3o sabe eu vou tentar te explicar de maneira bem r\u00e1pida para que eu possa concluir o meu texto.<img loading=\"lazy\" decoding=\"async\" class=\" wp-image-10865 alignleft\" alt=\"Espantalho\" src=\"http:\/\/crentassos.com.br\/blog\/wp-content\/uploads\/Espantalho.jpg\" width=\"288\" height=\"196\" srcset=\"https:\/\/crentassos.com.br\/blog\/wp-content\/uploads\/Espantalho.jpg 480w, https:\/\/crentassos.com.br\/blog\/wp-content\/uploads\/Espantalho-300x203.jpg 300w\" sizes=\"auto, (max-width: 288px) 100vw, 288px\" \/><\/p>\n<p style=\"text-align: justify;\"><span style=\"line-height: 1.5em;\">Fal\u00e1cia \u00e9 uma palavra que deriva do verbo latino\u00a0<\/span><i>falece<\/i><span style=\"line-height: 1.5em;\">, ENGANAR e \u00e9 compreendido como um racioc\u00ednio errado com apar\u00eancia de verdadeiro<\/span><span style=\"line-height: 1.5em;\">. Na\u00a0l\u00f3gica\u00a0e na\u00a0ret\u00f3rica, uma fal\u00e1cia \u00e9 um\u00a0argumento\u00a0logicamente inconsistente, sem fundamento, inv\u00e1lido ou falho na tentativa de provar eficazmente o que alega. O caso especial da fal\u00e1cia do homem de palha ou fal\u00e1cia do\u00a0<\/span>espantalho<span style=\"line-height: 1.5em;\">, o\u00a0argumento\u00a0em que a pessoa ignora a posi\u00e7\u00e3o do advers\u00e1rio no debate e substitui por uma vers\u00e3o distorcida e exagerada, e que representa de forma errada esta posi\u00e7\u00e3o.\u00a0A fal\u00e1cia existe quando a distor\u00e7\u00e3o \u00e9 proposital, de forma a tornar o argumento mais facilmente refut\u00e1vel, ou quando \u00e9 acidental, quando quem usa a fal\u00e1cia n\u00e3o entendeu o argumento que quer refutar.<\/span><\/p>\n<p style=\"text-align: justify;\">Pois bem, basicamente:<\/p>\n<ol style=\"text-align: justify;\">\n<li>Pessoa\u00a0<b>A<\/b>\u00a0defende o argumento\u00a0<b>X<\/b><\/li>\n<li>Pessoa\u00a0<b>B<\/b>\u00a0apresenta o argumento\u00a0<b>Y<\/b>, como se fosse da pessoa\u00a0<b>A<\/b>\u00a0(pois\u00a0<b>Y<\/b>\u00a0\u00e9 uma vers\u00e3o distorcida de\u00a0<b>X<\/b>)<\/li>\n<li>Pessoa\u00a0<b>B<\/b>\u00a0ataca a posi\u00e7\u00e3o\u00a0<b>Y<\/b><\/li>\n<li>Logo, o argumento atribuido \u00e0 pessoa\u00a0<b>A<\/b>\u00a0\u00e9 falso<\/li>\n<li>Logo,\u00a0<b>X<\/b>\u00a0\u00e9 falsa<\/li>\n<\/ol>\n<p style=\"text-align: justify;\">Acho que deu pra entender um pouco como se d\u00e1, n\u00e9&#8230; vou dar um exemplo:<\/p>\n<p>&#8220;Hey, barba, fiquei sabendo que vc \u00e9 de esquerda. Como uma pessoa que \u00e9 crist\u00e3 pode se dizer de ESQUERDA sendo que a ESQUERDA matou X na URSS, matou Y na China.&#8221;<\/p>\n<p style=\"text-align: justify;\">Pois \u00e9&#8230; Recebo esse tipo de argumento dos meus f\u00e3s todos os dias pelo ask.fm&#8230; O argumento do cara \u00e9 o seguinte, se existe um grupo organizado chamado ESQUERDA que nalgum momento da historia cometeu erros, se eu me associo a esse grupo organizado, estou cometendo os mesmos erros&#8230; \u00d3BVIO que o cara que escreve esse tipo de coisa est\u00e1 equivocado&#8230; Deixe-me dar outro exemplo.<\/p>\n<p>&#8220;Hey, Barba&#8230; fiquei sabendo que vc \u00e9 crist\u00e3o e de esquerda. Como uma pessoa que \u00e9 de esquerda pode se dizer CRIST\u00c3, sendo que a igreja MATOU EM NOME DA F\u00c9, se associou com o estado para conseguir poder oprimindo grupos minorit\u00e1rios, se corrompeu na idade m\u00e9dia culminando numa igreja completamente deteriorada, que levou a um alem\u00e3o que decidiu romper com a igreja de roma&#8230; Mas esse alem\u00e3o usava a b\u00edblia para justificar o \u00f3dio contra os judeus e contra outras classe de crist\u00e3os que n\u00e3o estavam associadas a eles&#8230; A igreja apoiou ESCRAVID\u00c3O, VIOLENCIA CONTRA MULHERES, EXPLORA\u00c7\u00c3O DE POVO N\u00c3O CATEQUIZADOS, a Cruzadas que despertaram o \u00f3dio do povo isl\u00e2mico que perdura at\u00e9 hoje, inquisi\u00e7\u00e3o tanto cat\u00f3lica quanto protestante, surgimento da KKK, e tele-evangelistas que ainda hoje, s\u00e9culo XXI, dominam as pessoas e roubam milhares de analfabetos sem nenhum escr\u00fapulo&#8230; como barba???&#8221;<\/p>\n<p>Perceberam? O mesmo argumento&#8230;<\/p>\n<p style=\"text-align: justify;\">Tanto no primeiro como no segundo caso, o acusador d\u00e1 a entender que se eu me denomino como tal, necessariamente apoio os erros que o grupo cometeu, tornando-me culmine dos erros, entretanto, o absurdo n\u00e3o para a\u00ed, de certa forma, o acusador d\u00e1 a entender que o grupo ao qual me identifiquei \u00e9 o\u00a0Goldstein* que deve ser imediatamente eliminado para que o mal que est\u00e1 apenas nele seja eliminado e assim o bem possa florescer como num jardim prim\u00e1rio da cria\u00e7\u00e3o divina.<\/p>\n<p style=\"text-align: justify;\">\u00c9 \u00f3bvio que eu n\u00e3o concordo com a morte de um monte de gente que o Stalin proporcionou na Russia, ou que o Mao \u00a0realizou na China. \u00c9 claro que eu n\u00e3o concordo com a SANTA INQUISI\u00c7\u00c3O, ou com as CRUZADAS. \u00c9 \u00f3bvio que eu n\u00e3o concordo com muita coisa do que o Marx e outros pensadores comunistas escreveram (mesmo pq, eu N\u00c3O SOU COMUNISTA), e tamb\u00e9m \u00e9 \u00f3bvio que eu abomino cada letra que sai da boca de pregadores como os grandes das igrejas neo-pentecostais e seu discurso de \u00f3dio contra os n\u00e3o crist\u00e3os, domina\u00e7\u00e3o e prosperidade, contudo, N\u00e3o deixo de ser nem de esquerda e nem crist\u00e3o, discordo as falhas na execu\u00e7\u00e3o dos movimentos de esquerda, e abomino as distor\u00e7\u00f5es do evangelho protagonizadas pelos lideres crist\u00e3os.<\/p>\n<p style=\"text-align: justify;\">Mas se vc chegou at\u00e9 aqui, deve estar achando que esse texto \u00e9 apenas um mimimi de um crente esquerdopata, n\u00e9&#8230; pois enganou-se<\/p>\n<p>Como disse, n\u00e3o vou deixar de ser oq sou assim t\u00e3o facilmente, e n\u00e3o vou ficar dando desculpas ou argumentando por aqui, o objetivo deste texto \u00e9 outro.<\/p>\n<p style=\"text-align: justify;\">J\u00e1 percebeu que muitas vezes a proposta evangelista de algumas igrejas se baseia puramente em argumentos como este? Gerando a ilus\u00e3o de que um texto b\u00edblico isolado pode ser a resposta para um problema grave na vida da pessoa foco do evangelismo, gerando nela a sensa\u00e7\u00e3o de que se ent\u00e3o, ela adentrar a esta nova lista de regras, que \u00e9 a religi\u00e3o evang\u00e9lica legalista (seja ela tradicional, pentecostal ou neo pentecostal) ter\u00e1 todos os seus problemas sanados como num passe de magica? O argumento desonesto que muitas vezes utilizamos para trazer pessoas para dentro de nossos estabelecimentos eclesi\u00e1sticos soa como uma armadilha, onde colocamos como isca, a solu\u00e7\u00e3o de um problema, solu\u00e7\u00e3o essa que n\u00e3o existe&#8230;<\/p>\n<p>Geramos, portanto, n\u00e3o um homem de palha para que possamos bater enquanto n\u00e3o temos argumentos embasados para convencer, antes, criamos um argumento de um DEUS DE PALHA, para que o foco de nossa evangeliza\u00e7\u00e3o fique olhando, e por ele seja atra\u00eddo para dentro da arapuca&#8230; Criamos um alvo fict\u00edcio onde o desesperado se fixa sem poder olhar para o lado, por medo ou mesmo por falta de conhecimento&#8230; enfim, criamos um IDOLO, e colocamos nele, o nome de DEUS, ou melhor, &#8220;deus&#8221;, um deus.<\/p>\n<p>Quando desvinculamos a verdade objetiva de que o evangelho trata-se de um desafio antes do que de um lugar de resolu\u00e7\u00e3o de problemas, acarreta no caso que criamos uma coisa a qual o desinformado e desorientado acaba chamando de deus, o adorando e o tornando foco \u00fanico de sua vida, deixando a verdadeira f\u00e9 crist\u00e3, a transformadora e revolucion\u00e1ria mensagem do carpinteiro de nazar\u00e9, algo irreal, intoc\u00e1vel e sem qualquer motivo de busca.<\/p>\n<p>Criamos um Deus de palha, que n\u00e3o fala, que n\u00e3o ouve, e ainda julgamos os cat\u00f3licos com suas est\u00e1tuas ou os umbandistas com suas roupas ritualisticas. Criamos um falso Deus pq n\u00e3o cremos que o nosso Deus seja suficiente para atrair a todos quantos ele escolheu&#8230; Criamos um Deus de palha, pq n\u00e3o cremos que o nosso Deus \u00e9 o verdadeiro deus, criamos um deus espantalho, porque estamos nos tornando cada dia mais ateus, n\u00e3o temos f\u00e9 pra nos mesmo e n\u00e3o temos f\u00e9 ara apresentar o nosso deus<\/p>\n<p style=\"text-align: justify;\">Onde se fundamenta nosso evangelismo? na realidade de um Deus verdadeiro que est\u00e1 disposto a nos capacitar para sermos a transforma\u00e7\u00e3o que o indo que n\u00e3o o conhece precisa ver para ent\u00e3o conhece-lo, ou nos fundamentamos na tradi\u00e7\u00e3o de repetir a formula aplicada dia ap\u00f4s dia, ano ap\u00f3s ano, s\u00e9culo ap\u00f3s s\u00e9culo, sem jamais nos questionarmos se esse nosso argumento \u00e9 verdadeiro ou apenas, um DEUS DE PALHA<\/p>\n<p style=\"text-align: justify;\"><span style=\"font-size: x-small;\">* =\u00a0Goldstein \u00e9 o antagonista do romance 1984, de George Orwell, que simboliza o oposto de tudo que o Grande Irm\u00e3o representa.<\/span><\/p>\n","protected":false},"excerpt":{"rendered":"<p>Voce sabe oq \u00e9? Bem, se n\u00e3o sabe eu vou tentar te explicar de maneira bem r\u00e1pida para que eu possa concluir [&hellip;]<\/p>\n","protected":false},"author":9,"featured_media":10865,"comment_status":"open","ping_status":"open","sticky":false,"template":"","format":"standard","meta":{"_exactmetrics_skip_tracking":false,"_exactmetrics_sitenote_active":false,"_exactmetrics_sitenote_note":"","_exactmetrics_sitenote_category":0,"footnotes":"","_links_to":"","_links_to_target":""},"categories":[112],"tags":[2589,1367,69,2590],"class_list":{"0":"post-10863","1":"post","2":"type-post","3":"status-publish","4":"format-standard","5":"has-post-thumbnail","6":"hentry","7":"category-artigos","8":"tag-argmento","9":"tag-evangelismo","10":"tag-fe","11":"tag-logica","13":"post-with-thumbnail","14":"post-with-thumbnail-large"},"yoast_head":"<!-- This site is optimized with the Yoast SEO plugin v27.1.1 - https:\/\/yoast.com\/product\/yoast-seo-wordpress\/ -->\n<title>sobre a fal\u00e1cia do DEUS ESPANTALHO - Crentassos Produ\u00e7\u00f5es Subversivas<\/title>\n<meta name=\"robots\" content=\"index, follow, max-snippet:-1, max-image-preview:large, max-video-preview:-1\" \/>\n<link rel=\"canonical\" href=\"https:\/\/crentassos.com.br\/blog\/2014\/07\/sobre-a-falacia-do-deus-espantalho.html\" \/>\n<meta property=\"og:locale\" content=\"pt_BR\" \/>\n<meta property=\"og:type\" content=\"article\" \/>\n<meta property=\"og:title\" content=\"sobre a fal\u00e1cia do DEUS ESPANTALHO - Crentassos Produ\u00e7\u00f5es Subversivas\" \/>\n<meta property=\"og:description\" content=\"Voce sabe oq \u00e9? Bem, se n\u00e3o sabe eu vou tentar te explicar de maneira bem r\u00e1pida para que eu possa concluir [&hellip;]\" \/>\n<meta property=\"og:url\" content=\"https:\/\/crentassos.com.br\/blog\/2014\/07\/sobre-a-falacia-do-deus-espantalho.html\" \/>\n<meta property=\"og:site_name\" content=\"Crentassos Produ\u00e7\u00f5es Subversivas\" \/>\n<meta property=\"article:publisher\" content=\"http:\/\/www.facebook.com\/crentassos\" \/>\n<meta property=\"article:published_time\" content=\"2014-07-15T15:42:48+00:00\" \/>\n<meta property=\"article:modified_time\" content=\"2014-07-15T15:47:55+00:00\" \/>\n<meta property=\"og:image\" content=\"https:\/\/crentassos.com.br\/blog\/wp-content\/uploads\/Espantalho.jpg\" \/>\n\t<meta property=\"og:image:width\" content=\"480\" \/>\n\t<meta property=\"og:image:height\" content=\"326\" \/>\n\t<meta property=\"og:image:type\" content=\"image\/jpeg\" \/>\n<meta name=\"author\" content=\"Cristiano Machado\" \/>\n<meta name=\"twitter:card\" content=\"summary_large_image\" \/>\n<meta name=\"twitter:creator\" content=\"@crentassos\" \/>\n<meta name=\"twitter:site\" content=\"@crentassos\" \/>\n<meta name=\"twitter:label1\" content=\"Escrito por\" \/>\n\t<meta name=\"twitter:data1\" content=\"Cristiano Machado\" \/>\n\t<meta name=\"twitter:label2\" content=\"Est. tempo de leitura\" \/>\n\t<meta name=\"twitter:data2\" content=\"6 minutos\" \/>\n<script type=\"application\/ld+json\" class=\"yoast-schema-graph\">{\"@context\":\"https:\/\/schema.org\",\"@graph\":[{\"@type\":\"Article\",\"@id\":\"https:\/\/crentassos.com.br\/blog\/2014\/07\/sobre-a-falacia-do-deus-espantalho.html#article\",\"isPartOf\":{\"@id\":\"https:\/\/crentassos.com.br\/blog\/2014\/07\/sobre-a-falacia-do-deus-espantalho.html\"},\"author\":{\"name\":\"Cristiano Machado\",\"@id\":\"https:\/\/crentassos.com.br\/blog\/#\/schema\/person\/7ec3329a98c44e20ccd6cc2c9e18acbd\"},\"headline\":\"sobre a fal\u00e1cia do DEUS ESPANTALHO\",\"datePublished\":\"2014-07-15T15:42:48+00:00\",\"dateModified\":\"2014-07-15T15:47:55+00:00\",\"mainEntityOfPage\":{\"@id\":\"https:\/\/crentassos.com.br\/blog\/2014\/07\/sobre-a-falacia-do-deus-espantalho.html\"},\"wordCount\":1242,\"commentCount\":6,\"publisher\":{\"@id\":\"https:\/\/crentassos.com.br\/blog\/#organization\"},\"image\":{\"@id\":\"https:\/\/crentassos.com.br\/blog\/2014\/07\/sobre-a-falacia-do-deus-espantalho.html#primaryimage\"},\"thumbnailUrl\":\"https:\/\/crentassos.com.br\/blog\/wp-content\/uploads\/Espantalho.jpg\",\"keywords\":[\"argmento\",\"evangelismo\",\"F\u00e9\",\"l\u00f3gica\"],\"articleSection\":[\"Artigos\"],\"inLanguage\":\"pt-BR\",\"potentialAction\":[{\"@type\":\"CommentAction\",\"name\":\"Comment\",\"target\":[\"https:\/\/crentassos.com.br\/blog\/2014\/07\/sobre-a-falacia-do-deus-espantalho.html#respond\"]}]},{\"@type\":\"WebPage\",\"@id\":\"https:\/\/crentassos.com.br\/blog\/2014\/07\/sobre-a-falacia-do-deus-espantalho.html\",\"url\":\"https:\/\/crentassos.com.br\/blog\/2014\/07\/sobre-a-falacia-do-deus-espantalho.html\",\"name\":\"sobre a fal\u00e1cia do DEUS ESPANTALHO - Crentassos Produ\u00e7\u00f5es Subversivas\",\"isPartOf\":{\"@id\":\"https:\/\/crentassos.com.br\/blog\/#website\"},\"primaryImageOfPage\":{\"@id\":\"https:\/\/crentassos.com.br\/blog\/2014\/07\/sobre-a-falacia-do-deus-espantalho.html#primaryimage\"},\"image\":{\"@id\":\"https:\/\/crentassos.com.br\/blog\/2014\/07\/sobre-a-falacia-do-deus-espantalho.html#primaryimage\"},\"thumbnailUrl\":\"https:\/\/crentassos.com.br\/blog\/wp-content\/uploads\/Espantalho.jpg\",\"datePublished\":\"2014-07-15T15:42:48+00:00\",\"dateModified\":\"2014-07-15T15:47:55+00:00\",\"breadcrumb\":{\"@id\":\"https:\/\/crentassos.com.br\/blog\/2014\/07\/sobre-a-falacia-do-deus-espantalho.html#breadcrumb\"},\"inLanguage\":\"pt-BR\",\"potentialAction\":[{\"@type\":\"ReadAction\",\"target\":[\"https:\/\/crentassos.com.br\/blog\/2014\/07\/sobre-a-falacia-do-deus-espantalho.html\"]}]},{\"@type\":\"ImageObject\",\"inLanguage\":\"pt-BR\",\"@id\":\"https:\/\/crentassos.com.br\/blog\/2014\/07\/sobre-a-falacia-do-deus-espantalho.html#primaryimage\",\"url\":\"https:\/\/crentassos.com.br\/blog\/wp-content\/uploads\/Espantalho.jpg\",\"contentUrl\":\"https:\/\/crentassos.com.br\/blog\/wp-content\/uploads\/Espantalho.jpg\",\"width\":480,\"height\":326},{\"@type\":\"BreadcrumbList\",\"@id\":\"https:\/\/crentassos.com.br\/blog\/2014\/07\/sobre-a-falacia-do-deus-espantalho.html#breadcrumb\",\"itemListElement\":[{\"@type\":\"ListItem\",\"position\":1,\"name\":\"Home\",\"item\":\"https:\/\/crentassos.com.br\/blog\/\"},{\"@type\":\"ListItem\",\"position\":2,\"name\":\"sobre a fal\u00e1cia do DEUS ESPANTALHO\"}]},{\"@type\":\"WebSite\",\"@id\":\"https:\/\/crentassos.com.br\/blog\/#website\",\"url\":\"https:\/\/crentassos.com.br\/blog\/\",\"name\":\"Crentassos Produ\u00e7\u00f5es Subversivas\",\"description\":\"Podcast Crist\u00e3o, Podcrent, Da Prateleira, Artigos crist\u00e3os, Teologia, Estudos, Textos B\u00edblicos\",\"publisher\":{\"@id\":\"https:\/\/crentassos.com.br\/blog\/#organization\"},\"potentialAction\":[{\"@type\":\"SearchAction\",\"target\":{\"@type\":\"EntryPoint\",\"urlTemplate\":\"https:\/\/crentassos.com.br\/blog\/?s={search_term_string}\"},\"query-input\":{\"@type\":\"PropertyValueSpecification\",\"valueRequired\":true,\"valueName\":\"search_term_string\"}}],\"inLanguage\":\"pt-BR\"},{\"@type\":\"Organization\",\"@id\":\"https:\/\/crentassos.com.br\/blog\/#organization\",\"name\":\"Crentassos Produ\u00e7\u00f5es Subversivas\",\"url\":\"https:\/\/crentassos.com.br\/blog\/\",\"logo\":{\"@type\":\"ImageObject\",\"inLanguage\":\"pt-BR\",\"@id\":\"https:\/\/crentassos.com.br\/blog\/#\/schema\/logo\/image\/\",\"url\":\"https:\/\/crentassos.com.br\/blog\/wp-content\/uploads\/2020\/05\/cropped-crentassos1-300x300png.png\",\"contentUrl\":\"https:\/\/crentassos.com.br\/blog\/wp-content\/uploads\/2020\/05\/cropped-crentassos1-300x300png.png\",\"width\":300,\"height\":300,\"caption\":\"Crentassos Produ\u00e7\u00f5es Subversivas\"},\"image\":{\"@id\":\"https:\/\/crentassos.com.br\/blog\/#\/schema\/logo\/image\/\"},\"sameAs\":[\"http:\/\/www.facebook.com\/crentassos\",\"https:\/\/x.com\/crentassos\",\"https:\/\/www.instagram.com\/crentassos\",\"https:\/\/www.youtube.com\/crentassos\"]},{\"@type\":\"Person\",\"@id\":\"https:\/\/crentassos.com.br\/blog\/#\/schema\/person\/7ec3329a98c44e20ccd6cc2c9e18acbd\",\"name\":\"Cristiano Machado\",\"image\":{\"@type\":\"ImageObject\",\"inLanguage\":\"pt-BR\",\"@id\":\"https:\/\/crentassos.com.br\/blog\/#\/schema\/person\/image\/\",\"url\":\"https:\/\/secure.gravatar.com\/avatar\/3e7427d384f99d15935b3008477c324124816869ceb70e362e586dcccdb265bf?s=96&d=retro&r=g\",\"contentUrl\":\"https:\/\/secure.gravatar.com\/avatar\/3e7427d384f99d15935b3008477c324124816869ceb70e362e586dcccdb265bf?s=96&d=retro&r=g\",\"caption\":\"Cristiano Machado\"},\"description\":\"Cristiano Machado \u00e9 o culpado pelo inicio do COLETIVO CRENTASSOS PRODU\u00c7\u00d5ES SUBVERSIVAS e atua como auxiliar de cirurgi\u00e3o barbeiro, tocando o bumbo, jogando malabares, preparando o elixir, costurando amputa\u00e7\u00f5es e demais atividades relacionadas \u00e0 sua ocupa\u00e7\u00e3o. Pensa n\u00e3o vida em forma de pergunta e nunca de resposta, e tem um profundo sentimento de gratid\u00e3o e amor por sua esposa e filha. Religi\u00e3o: Crist\u00e3o Protestante Reformando-se Estado Civil: Inteiramente apaixonado\",\"sameAs\":[\"http:\/\/crentassos.com.br\/blog\"],\"url\":\"https:\/\/crentassos.com.br\/blog\/author\/o_cristiano\"}]}<\/script>\n<!-- \/ Yoast SEO plugin. -->","yoast_head_json":{"title":"sobre a fal\u00e1cia do DEUS ESPANTALHO - Crentassos Produ\u00e7\u00f5es Subversivas","robots":{"index":"index","follow":"follow","max-snippet":"max-snippet:-1","max-image-preview":"max-image-preview:large","max-video-preview":"max-video-preview:-1"},"canonical":"https:\/\/crentassos.com.br\/blog\/2014\/07\/sobre-a-falacia-do-deus-espantalho.html","og_locale":"pt_BR","og_type":"article","og_title":"sobre a fal\u00e1cia do DEUS ESPANTALHO - Crentassos Produ\u00e7\u00f5es Subversivas","og_description":"Voce sabe oq \u00e9? Bem, se n\u00e3o sabe eu vou tentar te explicar de maneira bem r\u00e1pida para que eu possa concluir [&hellip;]","og_url":"https:\/\/crentassos.com.br\/blog\/2014\/07\/sobre-a-falacia-do-deus-espantalho.html","og_site_name":"Crentassos Produ\u00e7\u00f5es Subversivas","article_publisher":"http:\/\/www.facebook.com\/crentassos","article_published_time":"2014-07-15T15:42:48+00:00","article_modified_time":"2014-07-15T15:47:55+00:00","og_image":[{"width":480,"height":326,"url":"https:\/\/crentassos.com.br\/blog\/wp-content\/uploads\/Espantalho.jpg","type":"image\/jpeg"}],"author":"Cristiano Machado","twitter_card":"summary_large_image","twitter_creator":"@crentassos","twitter_site":"@crentassos","twitter_misc":{"Escrito por":"Cristiano Machado","Est. tempo de leitura":"6 minutos"},"schema":{"@context":"https:\/\/schema.org","@graph":[{"@type":"Article","@id":"https:\/\/crentassos.com.br\/blog\/2014\/07\/sobre-a-falacia-do-deus-espantalho.html#article","isPartOf":{"@id":"https:\/\/crentassos.com.br\/blog\/2014\/07\/sobre-a-falacia-do-deus-espantalho.html"},"author":{"name":"Cristiano Machado","@id":"https:\/\/crentassos.com.br\/blog\/#\/schema\/person\/7ec3329a98c44e20ccd6cc2c9e18acbd"},"headline":"sobre a fal\u00e1cia do DEUS ESPANTALHO","datePublished":"2014-07-15T15:42:48+00:00","dateModified":"2014-07-15T15:47:55+00:00","mainEntityOfPage":{"@id":"https:\/\/crentassos.com.br\/blog\/2014\/07\/sobre-a-falacia-do-deus-espantalho.html"},"wordCount":1242,"commentCount":6,"publisher":{"@id":"https:\/\/crentassos.com.br\/blog\/#organization"},"image":{"@id":"https:\/\/crentassos.com.br\/blog\/2014\/07\/sobre-a-falacia-do-deus-espantalho.html#primaryimage"},"thumbnailUrl":"https:\/\/crentassos.com.br\/blog\/wp-content\/uploads\/Espantalho.jpg","keywords":["argmento","evangelismo","F\u00e9","l\u00f3gica"],"articleSection":["Artigos"],"inLanguage":"pt-BR","potentialAction":[{"@type":"CommentAction","name":"Comment","target":["https:\/\/crentassos.com.br\/blog\/2014\/07\/sobre-a-falacia-do-deus-espantalho.html#respond"]}]},{"@type":"WebPage","@id":"https:\/\/crentassos.com.br\/blog\/2014\/07\/sobre-a-falacia-do-deus-espantalho.html","url":"https:\/\/crentassos.com.br\/blog\/2014\/07\/sobre-a-falacia-do-deus-espantalho.html","name":"sobre a fal\u00e1cia do DEUS ESPANTALHO - Crentassos Produ\u00e7\u00f5es Subversivas","isPartOf":{"@id":"https:\/\/crentassos.com.br\/blog\/#website"},"primaryImageOfPage":{"@id":"https:\/\/crentassos.com.br\/blog\/2014\/07\/sobre-a-falacia-do-deus-espantalho.html#primaryimage"},"image":{"@id":"https:\/\/crentassos.com.br\/blog\/2014\/07\/sobre-a-falacia-do-deus-espantalho.html#primaryimage"},"thumbnailUrl":"https:\/\/crentassos.com.br\/blog\/wp-content\/uploads\/Espantalho.jpg","datePublished":"2014-07-15T15:42:48+00:00","dateModified":"2014-07-15T15:47:55+00:00","breadcrumb":{"@id":"https:\/\/crentassos.com.br\/blog\/2014\/07\/sobre-a-falacia-do-deus-espantalho.html#breadcrumb"},"inLanguage":"pt-BR","potentialAction":[{"@type":"ReadAction","target":["https:\/\/crentassos.com.br\/blog\/2014\/07\/sobre-a-falacia-do-deus-espantalho.html"]}]},{"@type":"ImageObject","inLanguage":"pt-BR","@id":"https:\/\/crentassos.com.br\/blog\/2014\/07\/sobre-a-falacia-do-deus-espantalho.html#primaryimage","url":"https:\/\/crentassos.com.br\/blog\/wp-content\/uploads\/Espantalho.jpg","contentUrl":"https:\/\/crentassos.com.br\/blog\/wp-content\/uploads\/Espantalho.jpg","width":480,"height":326},{"@type":"BreadcrumbList","@id":"https:\/\/crentassos.com.br\/blog\/2014\/07\/sobre-a-falacia-do-deus-espantalho.html#breadcrumb","itemListElement":[{"@type":"ListItem","position":1,"name":"Home","item":"https:\/\/crentassos.com.br\/blog\/"},{"@type":"ListItem","position":2,"name":"sobre a fal\u00e1cia do DEUS ESPANTALHO"}]},{"@type":"WebSite","@id":"https:\/\/crentassos.com.br\/blog\/#website","url":"https:\/\/crentassos.com.br\/blog\/","name":"Crentassos Produ\u00e7\u00f5es Subversivas","description":"Podcast Crist\u00e3o, Podcrent, Da Prateleira, Artigos crist\u00e3os, Teologia, Estudos, Textos B\u00edblicos","publisher":{"@id":"https:\/\/crentassos.com.br\/blog\/#organization"},"potentialAction":[{"@type":"SearchAction","target":{"@type":"EntryPoint","urlTemplate":"https:\/\/crentassos.com.br\/blog\/?s={search_term_string}"},"query-input":{"@type":"PropertyValueSpecification","valueRequired":true,"valueName":"search_term_string"}}],"inLanguage":"pt-BR"},{"@type":"Organization","@id":"https:\/\/crentassos.com.br\/blog\/#organization","name":"Crentassos Produ\u00e7\u00f5es Subversivas","url":"https:\/\/crentassos.com.br\/blog\/","logo":{"@type":"ImageObject","inLanguage":"pt-BR","@id":"https:\/\/crentassos.com.br\/blog\/#\/schema\/logo\/image\/","url":"https:\/\/crentassos.com.br\/blog\/wp-content\/uploads\/2020\/05\/cropped-crentassos1-300x300png.png","contentUrl":"https:\/\/crentassos.com.br\/blog\/wp-content\/uploads\/2020\/05\/cropped-crentassos1-300x300png.png","width":300,"height":300,"caption":"Crentassos Produ\u00e7\u00f5es Subversivas"},"image":{"@id":"https:\/\/crentassos.com.br\/blog\/#\/schema\/logo\/image\/"},"sameAs":["http:\/\/www.facebook.com\/crentassos","https:\/\/x.com\/crentassos","https:\/\/www.instagram.com\/crentassos","https:\/\/www.youtube.com\/crentassos"]},{"@type":"Person","@id":"https:\/\/crentassos.com.br\/blog\/#\/schema\/person\/7ec3329a98c44e20ccd6cc2c9e18acbd","name":"Cristiano Machado","image":{"@type":"ImageObject","inLanguage":"pt-BR","@id":"https:\/\/crentassos.com.br\/blog\/#\/schema\/person\/image\/","url":"https:\/\/secure.gravatar.com\/avatar\/3e7427d384f99d15935b3008477c324124816869ceb70e362e586dcccdb265bf?s=96&d=retro&r=g","contentUrl":"https:\/\/secure.gravatar.com\/avatar\/3e7427d384f99d15935b3008477c324124816869ceb70e362e586dcccdb265bf?s=96&d=retro&r=g","caption":"Cristiano Machado"},"description":"Cristiano Machado \u00e9 o culpado pelo inicio do COLETIVO CRENTASSOS PRODU\u00c7\u00d5ES SUBVERSIVAS e atua como auxiliar de cirurgi\u00e3o barbeiro, tocando o bumbo, jogando malabares, preparando o elixir, costurando amputa\u00e7\u00f5es e demais atividades relacionadas \u00e0 sua ocupa\u00e7\u00e3o. Pensa n\u00e3o vida em forma de pergunta e nunca de resposta, e tem um profundo sentimento de gratid\u00e3o e amor por sua esposa e filha. Religi\u00e3o: Crist\u00e3o Protestante Reformando-se Estado Civil: Inteiramente apaixonado","sameAs":["http:\/\/crentassos.com.br\/blog"],"url":"https:\/\/crentassos.com.br\/blog\/author\/o_cristiano"}]}},"_links":{"self":[{"href":"https:\/\/crentassos.com.br\/blog\/wp-json\/wp\/v2\/posts\/10863","targetHints":{"allow":["GET"]}}],"collection":[{"href":"https:\/\/crentassos.com.br\/blog\/wp-json\/wp\/v2\/posts"}],"about":[{"href":"https:\/\/crentassos.com.br\/blog\/wp-json\/wp\/v2\/types\/post"}],"author":[{"embeddable":true,"href":"https:\/\/crentassos.com.br\/blog\/wp-json\/wp\/v2\/users\/9"}],"replies":[{"embeddable":true,"href":"https:\/\/crentassos.com.br\/blog\/wp-json\/wp\/v2\/comments?post=10863"}],"version-history":[{"count":5,"href":"https:\/\/crentassos.com.br\/blog\/wp-json\/wp\/v2\/posts\/10863\/revisions"}],"predecessor-version":[{"id":10869,"href":"https:\/\/crentassos.com.br\/blog\/wp-json\/wp\/v2\/posts\/10863\/revisions\/10869"}],"wp:featuredmedia":[{"embeddable":true,"href":"https:\/\/crentassos.com.br\/blog\/wp-json\/wp\/v2\/media\/10865"}],"wp:attachment":[{"href":"https:\/\/crentassos.com.br\/blog\/wp-json\/wp\/v2\/media?parent=10863"}],"wp:term":[{"taxonomy":"category","embeddable":true,"href":"https:\/\/crentassos.com.br\/blog\/wp-json\/wp\/v2\/categories?post=10863"},{"taxonomy":"post_tag","embeddable":true,"href":"https:\/\/crentassos.com.br\/blog\/wp-json\/wp\/v2\/tags?post=10863"}],"curies":[{"name":"wp","href":"https:\/\/api.w.org\/{rel}","templated":true}]}}