{"id":10696,"date":"2014-05-12T14:54:10","date_gmt":"2014-05-12T17:54:10","guid":{"rendered":"http:\/\/crentassos.com.br\/blog\/?p=10696"},"modified":"2014-05-12T14:54:10","modified_gmt":"2014-05-12T17:54:10","slug":"por-que-eu-nao-sou-universalista","status":"publish","type":"post","link":"https:\/\/crentassos.com.br\/blog\/2014\/05\/por-que-eu-nao-sou-universalista.html","title":{"rendered":"Por qu\u00ea eu N\u00c3O SOU universalista&#8230;"},"content":{"rendered":"<p>&nbsp;<\/p>\n<p align=\"JUSTIFY\">Existem pessoas que ficam inquietas com a possibilidade da proposta universalista se consolidar como verdadeira&#8230; \u201cSeria realmente muito desapontador se no final das contas cada crente fiel tivesse todos os seus sacrif\u00edcios jogados num grande lixo espiritual, que cada vez que eu neguei trair minha esposa, cada vez que eu abri m\u00e3o de cometer algum pecado qualquer, simplesmente fosse ignorado e eu estivesse na fila da entrada do c\u00e9u do lado de gays, ladr\u00f5es, ad\u00falteros, umbandistas, e toda essa ra\u00e7a que n\u00e3o adora a Deus em esp\u00edrito e em verdad<img loading=\"lazy\" decoding=\"async\" class=\"size-full wp-image-10697 alignleft\" alt=\"universalismo\" src=\"http:\/\/crentassos.com.br\/blog\/wp-content\/uploads\/universalismo.jpg\" width=\"370\" height=\"365\" srcset=\"https:\/\/crentassos.com.br\/blog\/wp-content\/uploads\/universalismo.jpg 370w, https:\/\/crentassos.com.br\/blog\/wp-content\/uploads\/universalismo-300x295.jpg 300w, https:\/\/crentassos.com.br\/blog\/wp-content\/uploads\/universalismo-62x62.jpg 62w\" sizes=\"auto, (max-width: 370px) 100vw, 370px\" \/>e, vivendo a vida como querem, sem passar por priva\u00e7\u00f5es cotidianas santificadoras como n\u00f3s, crist\u00e3os, fazemos&#8230; seria realmente muito frustrante\u201d<\/p>\n<p align=\"JUSTIFY\">\n<p align=\"JUSTIFY\">N\u00e3o, antes de qualquer coisa, n\u00e3o sou universalista, o t\u00edtulo desse texto n\u00e3o \u00e9 uma pegadinha ou uma arapuca para te fazer acreditar em algo que n\u00e3o \u00e9 exatamente oq eu penso, e para todos os malas do ask, e a todos os meus admiradores secretos que n\u00e3o cansam de perguntar: N\u00c3O, EU N\u00c3O SOU UNIVERSALISTA&#8230;<\/p>\n<p align=\"JUSTIFY\">\n<p align=\"JUSTIFY\">O universalismo que tantos crentes combatem, n\u00e3o trata apenas de soteriologia, mas aqui neste texto, vamos tratar apenas de um ponto dessa teologia, que \u00e9:<\/p>\n<p align=\"JUSTIFY\">\n<p align=\"JUSTIFY\">\u201cNo final das contas, TODOS SER\u00c3O SALVOS, n\u00e3o importa o que voc\u00ea fa\u00e7a ou deixe de fazer\u201d<\/p>\n<p align=\"JUSTIFY\">\n<p align=\"JUSTIFY\">Essa frase pode n\u00e3o ser a defini\u00e7\u00e3o mais acad\u00eamica para definir o pensamento universalista, mas de modo geral \u00e9 assim que a maioria dos te\u00f3logos que s\u00e3o contra essa proposta nos apresentam e apenas nessa frase come\u00e7amos a perceber alguns pontos bem interessantes.<\/p>\n<p align=\"JUSTIFY\">\n<p align=\"JUSTIFY\">&#8211; NO FINAL: parte do principio que a SALVA\u00c7\u00c3O \u00e9 um tipo de premio, um tipo de COROA\u00c7\u00c3O para aqueles que chegarem ao final de um trajeto arduo de penitencias, priva\u00e7\u00f5es e lamentos. Alguns poucos conseguir\u00e3o, pois ser SALVO n\u00e3o \u00e9 facil.<\/p>\n<p align=\"JUSTIFY\">\n<p align=\"JUSTIFY\">&#8211; TODOS: N\u00e3o existiria uma classe diferenciada, n\u00e3o existiriam os sacerdotes donos da verdade que podem dar ou reter a verdade para que os demais possam acessar esse lugar de privil\u00e9gios chamado SALVA\u00c7\u00c3O<\/p>\n<p align=\"JUSTIFY\">\n<p align=\"JUSTIFY\">&#8211; N\u00e3o importa o que voc\u00ea fa\u00e7a: N\u00e3o existe nada, nessa teoria, que eu possa fazer de maneira a me aproximar mais de Deus, me tornar mais santo ou mais escolhido para ele.<\/p>\n<p align=\"JUSTIFY\">\n<p align=\"JUSTIFY\">\n<p align=\"JUSTIFY\">&#8211; Ou deixe de fazer: Nenhuma restri\u00e7\u00e3o que eu tenha em vida, pode me tornar mais digno ou mais destacado diante de Deus, n\u00e3o tem nada que eu possa abrir m\u00e3o para agradar a Deus.<\/p>\n<p align=\"JUSTIFY\">\n<p align=\"JUSTIFY\">\u00c9 VISIVEL que a maioria dos crist\u00e3os acha a proposta do universalismo repugnante porque ela tira a \u00fanica coisa que eles tem de bom, o fato de por ATOS ou OMISS\u00d5ES se destacarem dos demais, tornando-se uma classe distinta: OS SALVOS. Me perdoe voc\u00ea que acha o universalismo um absurdo, mas fa\u00e7a essa reflex\u00e3o consigo mesmo e verifique se o seu \u00f3dio pelo universalismo \u00e9 realmente um ZELO por Deus e pelas almas ao seu redor ou e porque se no final das contas Deus acabar chutando a catraca do c\u00e9u, toda a sua vida de \u201csantidade\u201d foi na verdade um desperd\u00edcio. Se o universalismo for mesmo a verdade ent\u00e3o eu n\u00e3o preciso me guardar em virgindade para a pessoa com quem vou me casar? N\u00e3o preciso ser honesto? N\u00e3o preciso nem ser h\u00e9tero ou fiel? Caramba, seria um sonho n\u00e9? Bem, se voc\u00ea pensa assim, sinto lhe informar, mas Jesus Cristo disse que quem olha para uma mulher com desejo impuro j\u00e1 cometeu adulterio com ela, ou seja, acha que o universalismo seria a chave para poder viver uma vida regada a \u201cpecados\u201d, desculpe, mas voc\u00ea est\u00e1 indo para o inferno.<\/p>\n<p align=\"JUSTIFY\">Mas tem um ponto ainda mais grave do que isso, e neste ponto, aqueles que julgam que a TEOLOGIA DA MISS\u00c3O INTEGRAL \u00e9 um tipo de MARXISMO GOSPEL j\u00e1 podem ir fechando a aba do navegador, pois com certeza ir\u00e3o discordar. A salva\u00e7\u00e3o, se encarada APENAS como um premio do final, diminui a proposta do evangelho de Cristo a algo muito inferior ao oq ele realmente \u00e9, pois coloca a b\u00edblia como um manual de regras para quem quer receber algo ao final da jornada, n\u00e3o muito diferente do que aqueles pobres-coitados que frequentando uma igreja neo-pentecal, fazem de tudo para receber a ben\u00e7\u00e3o material&#8230; N\u00e3o h\u00e1 diferen\u00e7a nenhuma entre os dois casos, pois o relacionamento com Deus n\u00e3o \u00e9 a causa da transforma\u00e7\u00e3o, mas a recompensa que Deus promete \u00e9 que \u00e9. A biblia n\u00e3o me ensina a SER SALVO, pois a salva\u00e7\u00e3o n\u00e3o \u00e9 por obras ou omiss\u00f5es, antes a biblia mostra como um salvo vive, como um homem que entendeu a realidade mistica de ser componente do corpo de Cristo deve agir e se comportar para manifestar a sua vida de salva\u00e7\u00e3o, ou seja, mais que qualquer coisa, a biblia mostra como um SALVO VIVE, como uma pessoa que ENTENDEU o evangelho se comporta, independente do que vir\u00e1 logo a sua frente, independente da recompensa vir ou n\u00e3o, simplemente confiando que o meus Deus que alimenta os passaros e feste os lirios ir\u00e1 suprir suas necessidades at\u00e9 o fim. Assim, a salva\u00e7\u00e3o n\u00e3o \u00e9 algo que vem, mas algo que j\u00e1 est\u00e1 aqui entre n\u00f3s. N\u00e3o \u00e9 uma competi\u00e7\u00e3o como sugerem alguns arminianos e nem uma loteria como sugerem alguns calvinistas, mas a convers\u00e3o sincera nos transforma em salvos, hoje, agora, independente do amanh\u00e3, pois este est\u00e1 nas m\u00e3os de Deus como afirma o calvinista sincero, e a vida do salvo \u00e9 repleta de obras dignas que n\u00e3o tem o objetivo de se aproximar de Deus, antes, de demonstr\u00e1-lo ao mundo.<\/p>\n<p align=\"JUSTIFY\">N\u00e3o acredito, portanto, no universalismo, n\u00e3o porque tenho raiva de quem n\u00e3o se comporta como eu, ou porque tenho medo de um Deus s\u00e1dico que vai sortear alguns felizardos para a vida eterna, pois isso seria um dem\u00f4nio e n\u00e3o Deus, antes, n\u00e3o consigo crer no universalismo, porque ainda vejo diariamente, num pais cat\u00f3lico como o Brasil, pessoas que n\u00e3o conseguem viver uma vida de liberdade no evangelho sobre tudo porque o amor dos crist\u00e3os n\u00e3o conseguem lhe alcan\u00e7ar. N\u00e3o consigo entender a logica de que igrejas gigantescas crescem pelo pais e que a fome n\u00e3o diminua, se os crist\u00e3os s\u00e3o os bra\u00e7os e pernas de Cristo, porque ainda existem tantas tragedias? Pessoas morrendo por falta de saneamento b\u00e1sico, garotas se prostituindo em troco de poucos reais, corrup\u00e7\u00e3o que n\u00e3o \u00e9 denunciada pela bancada evang\u00e9lica, lideres crist\u00e3os oprimindo e tratando seus liderados como animais de carga s\u00e3o a prova que infelizmente, o universalismo n\u00e3o \u00e9 um amparado nem pela bilia e muito menos pela atitude dos crist\u00e3os, que n\u00e3o s\u00e3o capazes, mesmo depois de mais de 2000 anos de igreja, serem efetivamente um sinal pleno do reino que vir\u00e1, sinais de uma vida diferente, portadores de mensagem de salva\u00e7\u00e3o.<\/p>\n<p align=\"JUSTIFY\">\n<p align=\"JUSTIFY\">N\u00e3o, eu n\u00e3o sou universalista, n\u00e3o vejo como isso seria poss\u00edvel pelo pouco que leio a b\u00edblia, mas o universalismo que deixa aluns amigos transtornados n\u00e3o me deixa t\u00e3o indignado quanto a hipocrisia de crist\u00e3os que tendo a possibilidade de ser marcos de santidade preferem ficar discutindo o sexo dos anjos enquanto milhares de pessoas viver num inferno em vida, sem nem ter a esperan\u00e7a de um dia encontrar a Deus.<\/p>\n","protected":false},"excerpt":{"rendered":"<p>&nbsp; Existem pessoas que ficam inquietas com a possibilidade da proposta universalista se consolidar como verdadeira&#8230; \u201cSeria realmente muito desapontador se no [&hellip;]<\/p>\n","protected":false},"author":9,"featured_media":10697,"comment_status":"open","ping_status":"open","sticky":false,"template":"","format":"standard","meta":{"_exactmetrics_skip_tracking":false,"_exactmetrics_sitenote_active":false,"_exactmetrics_sitenote_note":"","_exactmetrics_sitenote_category":0,"footnotes":"","_links_to":"","_links_to_target":""},"categories":[112],"tags":[1057,1138,2443],"class_list":{"0":"post-10696","1":"post","2":"type-post","3":"status-publish","4":"format-standard","5":"has-post-thumbnail","6":"hentry","7":"category-artigos","8":"tag-salvacao","9":"tag-teologia","10":"tag-universalismo","12":"post-with-thumbnail","13":"post-with-thumbnail-large"},"yoast_head":"<!-- This site is optimized with the Yoast SEO plugin v27.1.1 - https:\/\/yoast.com\/product\/yoast-seo-wordpress\/ -->\n<title>Por qu\u00ea eu N\u00c3O SOU universalista... - Crentassos Produ\u00e7\u00f5es Subversivas<\/title>\n<meta name=\"robots\" content=\"index, follow, max-snippet:-1, max-image-preview:large, max-video-preview:-1\" \/>\n<link rel=\"canonical\" href=\"https:\/\/crentassos.com.br\/blog\/2014\/05\/por-que-eu-nao-sou-universalista.html\" \/>\n<meta property=\"og:locale\" content=\"pt_BR\" \/>\n<meta property=\"og:type\" content=\"article\" \/>\n<meta property=\"og:title\" content=\"Por qu\u00ea eu N\u00c3O SOU universalista... - Crentassos Produ\u00e7\u00f5es Subversivas\" \/>\n<meta property=\"og:description\" content=\"&nbsp; Existem pessoas que ficam inquietas com a possibilidade da proposta universalista se consolidar como verdadeira&#8230; \u201cSeria realmente muito desapontador se no [&hellip;]\" \/>\n<meta property=\"og:url\" content=\"https:\/\/crentassos.com.br\/blog\/2014\/05\/por-que-eu-nao-sou-universalista.html\" \/>\n<meta property=\"og:site_name\" content=\"Crentassos Produ\u00e7\u00f5es Subversivas\" \/>\n<meta property=\"article:publisher\" content=\"http:\/\/www.facebook.com\/crentassos\" \/>\n<meta property=\"article:published_time\" content=\"2014-05-12T17:54:10+00:00\" \/>\n<meta property=\"og:image\" content=\"https:\/\/crentassos.com.br\/blog\/wp-content\/uploads\/universalismo.jpg\" \/>\n\t<meta property=\"og:image:width\" content=\"370\" \/>\n\t<meta property=\"og:image:height\" content=\"365\" \/>\n\t<meta property=\"og:image:type\" content=\"image\/jpeg\" \/>\n<meta name=\"author\" content=\"Cristiano Machado\" \/>\n<meta name=\"twitter:card\" content=\"summary_large_image\" \/>\n<meta name=\"twitter:creator\" content=\"@crentassos\" \/>\n<meta name=\"twitter:site\" content=\"@crentassos\" \/>\n<meta name=\"twitter:label1\" content=\"Escrito por\" \/>\n\t<meta name=\"twitter:data1\" content=\"Cristiano Machado\" \/>\n\t<meta name=\"twitter:label2\" content=\"Est. tempo de leitura\" \/>\n\t<meta name=\"twitter:data2\" content=\"6 minutos\" \/>\n<script type=\"application\/ld+json\" class=\"yoast-schema-graph\">{\"@context\":\"https:\/\/schema.org\",\"@graph\":[{\"@type\":\"Article\",\"@id\":\"https:\/\/crentassos.com.br\/blog\/2014\/05\/por-que-eu-nao-sou-universalista.html#article\",\"isPartOf\":{\"@id\":\"https:\/\/crentassos.com.br\/blog\/2014\/05\/por-que-eu-nao-sou-universalista.html\"},\"author\":{\"name\":\"Cristiano Machado\",\"@id\":\"https:\/\/crentassos.com.br\/blog\/#\/schema\/person\/7ec3329a98c44e20ccd6cc2c9e18acbd\"},\"headline\":\"Por qu\u00ea eu N\u00c3O SOU universalista&#8230;\",\"datePublished\":\"2014-05-12T17:54:10+00:00\",\"mainEntityOfPage\":{\"@id\":\"https:\/\/crentassos.com.br\/blog\/2014\/05\/por-que-eu-nao-sou-universalista.html\"},\"wordCount\":1284,\"commentCount\":9,\"publisher\":{\"@id\":\"https:\/\/crentassos.com.br\/blog\/#organization\"},\"image\":{\"@id\":\"https:\/\/crentassos.com.br\/blog\/2014\/05\/por-que-eu-nao-sou-universalista.html#primaryimage\"},\"thumbnailUrl\":\"https:\/\/crentassos.com.br\/blog\/wp-content\/uploads\/universalismo.jpg\",\"keywords\":[\"salva\u00e7\u00e3o\",\"teologia\",\"universalismo\"],\"articleSection\":[\"Artigos\"],\"inLanguage\":\"pt-BR\",\"potentialAction\":[{\"@type\":\"CommentAction\",\"name\":\"Comment\",\"target\":[\"https:\/\/crentassos.com.br\/blog\/2014\/05\/por-que-eu-nao-sou-universalista.html#respond\"]}]},{\"@type\":\"WebPage\",\"@id\":\"https:\/\/crentassos.com.br\/blog\/2014\/05\/por-que-eu-nao-sou-universalista.html\",\"url\":\"https:\/\/crentassos.com.br\/blog\/2014\/05\/por-que-eu-nao-sou-universalista.html\",\"name\":\"Por qu\u00ea eu N\u00c3O SOU universalista... - Crentassos Produ\u00e7\u00f5es Subversivas\",\"isPartOf\":{\"@id\":\"https:\/\/crentassos.com.br\/blog\/#website\"},\"primaryImageOfPage\":{\"@id\":\"https:\/\/crentassos.com.br\/blog\/2014\/05\/por-que-eu-nao-sou-universalista.html#primaryimage\"},\"image\":{\"@id\":\"https:\/\/crentassos.com.br\/blog\/2014\/05\/por-que-eu-nao-sou-universalista.html#primaryimage\"},\"thumbnailUrl\":\"https:\/\/crentassos.com.br\/blog\/wp-content\/uploads\/universalismo.jpg\",\"datePublished\":\"2014-05-12T17:54:10+00:00\",\"breadcrumb\":{\"@id\":\"https:\/\/crentassos.com.br\/blog\/2014\/05\/por-que-eu-nao-sou-universalista.html#breadcrumb\"},\"inLanguage\":\"pt-BR\",\"potentialAction\":[{\"@type\":\"ReadAction\",\"target\":[\"https:\/\/crentassos.com.br\/blog\/2014\/05\/por-que-eu-nao-sou-universalista.html\"]}]},{\"@type\":\"ImageObject\",\"inLanguage\":\"pt-BR\",\"@id\":\"https:\/\/crentassos.com.br\/blog\/2014\/05\/por-que-eu-nao-sou-universalista.html#primaryimage\",\"url\":\"https:\/\/crentassos.com.br\/blog\/wp-content\/uploads\/universalismo.jpg\",\"contentUrl\":\"https:\/\/crentassos.com.br\/blog\/wp-content\/uploads\/universalismo.jpg\",\"width\":370,\"height\":365},{\"@type\":\"BreadcrumbList\",\"@id\":\"https:\/\/crentassos.com.br\/blog\/2014\/05\/por-que-eu-nao-sou-universalista.html#breadcrumb\",\"itemListElement\":[{\"@type\":\"ListItem\",\"position\":1,\"name\":\"Home\",\"item\":\"https:\/\/crentassos.com.br\/blog\/\"},{\"@type\":\"ListItem\",\"position\":2,\"name\":\"Por qu\u00ea eu N\u00c3O SOU universalista&#8230;\"}]},{\"@type\":\"WebSite\",\"@id\":\"https:\/\/crentassos.com.br\/blog\/#website\",\"url\":\"https:\/\/crentassos.com.br\/blog\/\",\"name\":\"Crentassos Produ\u00e7\u00f5es Subversivas\",\"description\":\"Podcast Crist\u00e3o, Podcrent, Da Prateleira, Artigos crist\u00e3os, Teologia, Estudos, Textos B\u00edblicos\",\"publisher\":{\"@id\":\"https:\/\/crentassos.com.br\/blog\/#organization\"},\"potentialAction\":[{\"@type\":\"SearchAction\",\"target\":{\"@type\":\"EntryPoint\",\"urlTemplate\":\"https:\/\/crentassos.com.br\/blog\/?s={search_term_string}\"},\"query-input\":{\"@type\":\"PropertyValueSpecification\",\"valueRequired\":true,\"valueName\":\"search_term_string\"}}],\"inLanguage\":\"pt-BR\"},{\"@type\":\"Organization\",\"@id\":\"https:\/\/crentassos.com.br\/blog\/#organization\",\"name\":\"Crentassos Produ\u00e7\u00f5es Subversivas\",\"url\":\"https:\/\/crentassos.com.br\/blog\/\",\"logo\":{\"@type\":\"ImageObject\",\"inLanguage\":\"pt-BR\",\"@id\":\"https:\/\/crentassos.com.br\/blog\/#\/schema\/logo\/image\/\",\"url\":\"https:\/\/crentassos.com.br\/blog\/wp-content\/uploads\/2020\/05\/cropped-crentassos1-300x300png.png\",\"contentUrl\":\"https:\/\/crentassos.com.br\/blog\/wp-content\/uploads\/2020\/05\/cropped-crentassos1-300x300png.png\",\"width\":300,\"height\":300,\"caption\":\"Crentassos Produ\u00e7\u00f5es Subversivas\"},\"image\":{\"@id\":\"https:\/\/crentassos.com.br\/blog\/#\/schema\/logo\/image\/\"},\"sameAs\":[\"http:\/\/www.facebook.com\/crentassos\",\"https:\/\/x.com\/crentassos\",\"https:\/\/www.instagram.com\/crentassos\",\"https:\/\/www.youtube.com\/crentassos\"]},{\"@type\":\"Person\",\"@id\":\"https:\/\/crentassos.com.br\/blog\/#\/schema\/person\/7ec3329a98c44e20ccd6cc2c9e18acbd\",\"name\":\"Cristiano Machado\",\"image\":{\"@type\":\"ImageObject\",\"inLanguage\":\"pt-BR\",\"@id\":\"https:\/\/crentassos.com.br\/blog\/#\/schema\/person\/image\/\",\"url\":\"https:\/\/secure.gravatar.com\/avatar\/3e7427d384f99d15935b3008477c324124816869ceb70e362e586dcccdb265bf?s=96&d=retro&r=g\",\"contentUrl\":\"https:\/\/secure.gravatar.com\/avatar\/3e7427d384f99d15935b3008477c324124816869ceb70e362e586dcccdb265bf?s=96&d=retro&r=g\",\"caption\":\"Cristiano Machado\"},\"description\":\"Cristiano Machado \u00e9 o culpado pelo inicio do COLETIVO CRENTASSOS PRODU\u00c7\u00d5ES SUBVERSIVAS e atua como auxiliar de cirurgi\u00e3o barbeiro, tocando o bumbo, jogando malabares, preparando o elixir, costurando amputa\u00e7\u00f5es e demais atividades relacionadas \u00e0 sua ocupa\u00e7\u00e3o. Pensa n\u00e3o vida em forma de pergunta e nunca de resposta, e tem um profundo sentimento de gratid\u00e3o e amor por sua esposa e filha. Religi\u00e3o: Crist\u00e3o Protestante Reformando-se Estado Civil: Inteiramente apaixonado\",\"sameAs\":[\"http:\/\/crentassos.com.br\/blog\"],\"url\":\"https:\/\/crentassos.com.br\/blog\/author\/o_cristiano\"}]}<\/script>\n<!-- \/ Yoast SEO plugin. -->","yoast_head_json":{"title":"Por qu\u00ea eu N\u00c3O SOU universalista... - Crentassos Produ\u00e7\u00f5es Subversivas","robots":{"index":"index","follow":"follow","max-snippet":"max-snippet:-1","max-image-preview":"max-image-preview:large","max-video-preview":"max-video-preview:-1"},"canonical":"https:\/\/crentassos.com.br\/blog\/2014\/05\/por-que-eu-nao-sou-universalista.html","og_locale":"pt_BR","og_type":"article","og_title":"Por qu\u00ea eu N\u00c3O SOU universalista... - Crentassos Produ\u00e7\u00f5es Subversivas","og_description":"&nbsp; Existem pessoas que ficam inquietas com a possibilidade da proposta universalista se consolidar como verdadeira&#8230; \u201cSeria realmente muito desapontador se no [&hellip;]","og_url":"https:\/\/crentassos.com.br\/blog\/2014\/05\/por-que-eu-nao-sou-universalista.html","og_site_name":"Crentassos Produ\u00e7\u00f5es Subversivas","article_publisher":"http:\/\/www.facebook.com\/crentassos","article_published_time":"2014-05-12T17:54:10+00:00","og_image":[{"width":370,"height":365,"url":"https:\/\/crentassos.com.br\/blog\/wp-content\/uploads\/universalismo.jpg","type":"image\/jpeg"}],"author":"Cristiano Machado","twitter_card":"summary_large_image","twitter_creator":"@crentassos","twitter_site":"@crentassos","twitter_misc":{"Escrito por":"Cristiano Machado","Est. tempo de leitura":"6 minutos"},"schema":{"@context":"https:\/\/schema.org","@graph":[{"@type":"Article","@id":"https:\/\/crentassos.com.br\/blog\/2014\/05\/por-que-eu-nao-sou-universalista.html#article","isPartOf":{"@id":"https:\/\/crentassos.com.br\/blog\/2014\/05\/por-que-eu-nao-sou-universalista.html"},"author":{"name":"Cristiano Machado","@id":"https:\/\/crentassos.com.br\/blog\/#\/schema\/person\/7ec3329a98c44e20ccd6cc2c9e18acbd"},"headline":"Por qu\u00ea eu N\u00c3O SOU universalista&#8230;","datePublished":"2014-05-12T17:54:10+00:00","mainEntityOfPage":{"@id":"https:\/\/crentassos.com.br\/blog\/2014\/05\/por-que-eu-nao-sou-universalista.html"},"wordCount":1284,"commentCount":9,"publisher":{"@id":"https:\/\/crentassos.com.br\/blog\/#organization"},"image":{"@id":"https:\/\/crentassos.com.br\/blog\/2014\/05\/por-que-eu-nao-sou-universalista.html#primaryimage"},"thumbnailUrl":"https:\/\/crentassos.com.br\/blog\/wp-content\/uploads\/universalismo.jpg","keywords":["salva\u00e7\u00e3o","teologia","universalismo"],"articleSection":["Artigos"],"inLanguage":"pt-BR","potentialAction":[{"@type":"CommentAction","name":"Comment","target":["https:\/\/crentassos.com.br\/blog\/2014\/05\/por-que-eu-nao-sou-universalista.html#respond"]}]},{"@type":"WebPage","@id":"https:\/\/crentassos.com.br\/blog\/2014\/05\/por-que-eu-nao-sou-universalista.html","url":"https:\/\/crentassos.com.br\/blog\/2014\/05\/por-que-eu-nao-sou-universalista.html","name":"Por qu\u00ea eu N\u00c3O SOU universalista... - Crentassos Produ\u00e7\u00f5es Subversivas","isPartOf":{"@id":"https:\/\/crentassos.com.br\/blog\/#website"},"primaryImageOfPage":{"@id":"https:\/\/crentassos.com.br\/blog\/2014\/05\/por-que-eu-nao-sou-universalista.html#primaryimage"},"image":{"@id":"https:\/\/crentassos.com.br\/blog\/2014\/05\/por-que-eu-nao-sou-universalista.html#primaryimage"},"thumbnailUrl":"https:\/\/crentassos.com.br\/blog\/wp-content\/uploads\/universalismo.jpg","datePublished":"2014-05-12T17:54:10+00:00","breadcrumb":{"@id":"https:\/\/crentassos.com.br\/blog\/2014\/05\/por-que-eu-nao-sou-universalista.html#breadcrumb"},"inLanguage":"pt-BR","potentialAction":[{"@type":"ReadAction","target":["https:\/\/crentassos.com.br\/blog\/2014\/05\/por-que-eu-nao-sou-universalista.html"]}]},{"@type":"ImageObject","inLanguage":"pt-BR","@id":"https:\/\/crentassos.com.br\/blog\/2014\/05\/por-que-eu-nao-sou-universalista.html#primaryimage","url":"https:\/\/crentassos.com.br\/blog\/wp-content\/uploads\/universalismo.jpg","contentUrl":"https:\/\/crentassos.com.br\/blog\/wp-content\/uploads\/universalismo.jpg","width":370,"height":365},{"@type":"BreadcrumbList","@id":"https:\/\/crentassos.com.br\/blog\/2014\/05\/por-que-eu-nao-sou-universalista.html#breadcrumb","itemListElement":[{"@type":"ListItem","position":1,"name":"Home","item":"https:\/\/crentassos.com.br\/blog\/"},{"@type":"ListItem","position":2,"name":"Por qu\u00ea eu N\u00c3O SOU universalista&#8230;"}]},{"@type":"WebSite","@id":"https:\/\/crentassos.com.br\/blog\/#website","url":"https:\/\/crentassos.com.br\/blog\/","name":"Crentassos Produ\u00e7\u00f5es Subversivas","description":"Podcast Crist\u00e3o, Podcrent, Da Prateleira, Artigos crist\u00e3os, Teologia, Estudos, Textos B\u00edblicos","publisher":{"@id":"https:\/\/crentassos.com.br\/blog\/#organization"},"potentialAction":[{"@type":"SearchAction","target":{"@type":"EntryPoint","urlTemplate":"https:\/\/crentassos.com.br\/blog\/?s={search_term_string}"},"query-input":{"@type":"PropertyValueSpecification","valueRequired":true,"valueName":"search_term_string"}}],"inLanguage":"pt-BR"},{"@type":"Organization","@id":"https:\/\/crentassos.com.br\/blog\/#organization","name":"Crentassos Produ\u00e7\u00f5es Subversivas","url":"https:\/\/crentassos.com.br\/blog\/","logo":{"@type":"ImageObject","inLanguage":"pt-BR","@id":"https:\/\/crentassos.com.br\/blog\/#\/schema\/logo\/image\/","url":"https:\/\/crentassos.com.br\/blog\/wp-content\/uploads\/2020\/05\/cropped-crentassos1-300x300png.png","contentUrl":"https:\/\/crentassos.com.br\/blog\/wp-content\/uploads\/2020\/05\/cropped-crentassos1-300x300png.png","width":300,"height":300,"caption":"Crentassos Produ\u00e7\u00f5es Subversivas"},"image":{"@id":"https:\/\/crentassos.com.br\/blog\/#\/schema\/logo\/image\/"},"sameAs":["http:\/\/www.facebook.com\/crentassos","https:\/\/x.com\/crentassos","https:\/\/www.instagram.com\/crentassos","https:\/\/www.youtube.com\/crentassos"]},{"@type":"Person","@id":"https:\/\/crentassos.com.br\/blog\/#\/schema\/person\/7ec3329a98c44e20ccd6cc2c9e18acbd","name":"Cristiano Machado","image":{"@type":"ImageObject","inLanguage":"pt-BR","@id":"https:\/\/crentassos.com.br\/blog\/#\/schema\/person\/image\/","url":"https:\/\/secure.gravatar.com\/avatar\/3e7427d384f99d15935b3008477c324124816869ceb70e362e586dcccdb265bf?s=96&d=retro&r=g","contentUrl":"https:\/\/secure.gravatar.com\/avatar\/3e7427d384f99d15935b3008477c324124816869ceb70e362e586dcccdb265bf?s=96&d=retro&r=g","caption":"Cristiano Machado"},"description":"Cristiano Machado \u00e9 o culpado pelo inicio do COLETIVO CRENTASSOS PRODU\u00c7\u00d5ES SUBVERSIVAS e atua como auxiliar de cirurgi\u00e3o barbeiro, tocando o bumbo, jogando malabares, preparando o elixir, costurando amputa\u00e7\u00f5es e demais atividades relacionadas \u00e0 sua ocupa\u00e7\u00e3o. Pensa n\u00e3o vida em forma de pergunta e nunca de resposta, e tem um profundo sentimento de gratid\u00e3o e amor por sua esposa e filha. Religi\u00e3o: Crist\u00e3o Protestante Reformando-se Estado Civil: Inteiramente apaixonado","sameAs":["http:\/\/crentassos.com.br\/blog"],"url":"https:\/\/crentassos.com.br\/blog\/author\/o_cristiano"}]}},"_links":{"self":[{"href":"https:\/\/crentassos.com.br\/blog\/wp-json\/wp\/v2\/posts\/10696","targetHints":{"allow":["GET"]}}],"collection":[{"href":"https:\/\/crentassos.com.br\/blog\/wp-json\/wp\/v2\/posts"}],"about":[{"href":"https:\/\/crentassos.com.br\/blog\/wp-json\/wp\/v2\/types\/post"}],"author":[{"embeddable":true,"href":"https:\/\/crentassos.com.br\/blog\/wp-json\/wp\/v2\/users\/9"}],"replies":[{"embeddable":true,"href":"https:\/\/crentassos.com.br\/blog\/wp-json\/wp\/v2\/comments?post=10696"}],"version-history":[{"count":1,"href":"https:\/\/crentassos.com.br\/blog\/wp-json\/wp\/v2\/posts\/10696\/revisions"}],"predecessor-version":[{"id":10698,"href":"https:\/\/crentassos.com.br\/blog\/wp-json\/wp\/v2\/posts\/10696\/revisions\/10698"}],"wp:featuredmedia":[{"embeddable":true,"href":"https:\/\/crentassos.com.br\/blog\/wp-json\/wp\/v2\/media\/10697"}],"wp:attachment":[{"href":"https:\/\/crentassos.com.br\/blog\/wp-json\/wp\/v2\/media?parent=10696"}],"wp:term":[{"taxonomy":"category","embeddable":true,"href":"https:\/\/crentassos.com.br\/blog\/wp-json\/wp\/v2\/categories?post=10696"},{"taxonomy":"post_tag","embeddable":true,"href":"https:\/\/crentassos.com.br\/blog\/wp-json\/wp\/v2\/tags?post=10696"}],"curies":[{"name":"wp","href":"https:\/\/api.w.org\/{rel}","templated":true}]}}