{"id":10587,"date":"2014-03-19T22:26:56","date_gmt":"2014-03-20T01:26:56","guid":{"rendered":"http:\/\/crentassos.com.br\/blog\/?p=10587"},"modified":"2014-03-19T22:26:56","modified_gmt":"2014-03-20T01:26:56","slug":"oremos-pela-ucrania-oremos-pela-crimeia","status":"publish","type":"post","link":"https:\/\/crentassos.com.br\/blog\/2014\/03\/oremos-pela-ucrania-oremos-pela-crimeia.html","title":{"rendered":"Oremos pela Ucr\u00e2nia, oremos pela Crimeia."},"content":{"rendered":"<div id=\"attachment_10588\" style=\"width: 284px\" class=\"wp-caption alignleft\"><a href=\"http:\/\/crentassos.com.br\/blog\/wp-content\/uploads\/ucrania-1.jpg\"><img loading=\"lazy\" decoding=\"async\" aria-describedby=\"caption-attachment-10588\" class=\"size-full wp-image-10588 \" alt=\"A Pra\u00e7a da Independ\u00eancia, em Kiev, foi palco dos primeiros protestos.\" src=\"http:\/\/crentassos.com.br\/blog\/wp-content\/uploads\/ucrania-1.jpg\" width=\"274\" height=\"184\" \/><\/a><p id=\"caption-attachment-10588\" class=\"wp-caption-text\">A Pra\u00e7a da Independ\u00eancia, em Kiev, foi palco dos primeiros protestos.<\/p><\/div>\n<p style=\"text-align: justify;\">Os \u00faltimos meses foram de bastante instabilidade pol\u00edtica no leste europeu. A crise foi desencadeada ap\u00f3s decis\u00e3o do ent\u00e3o presidente ucraniano em n\u00e3o assinar um acordo com a Uni\u00e3o Europeia, mesmo ap\u00f3s anos de negocia\u00e7\u00e3o para a Ucr\u00e2nia passar a integrar o bloco, levando milhares de ucranianos \u00e0s ruas de Kiev, a fim de pressionar o presidente para que mudasse sua ideia. O resultado foi muito triste, deixando a n\u00f3s &#8211; ocidentais &#8211; at\u00f4nitos e apreensivos ante a repress\u00e3o e a viol\u00eancia que tomou conta da Pra\u00e7a da Independ\u00eancia. Em dezembro, R\u00fassia e Ucr\u00e2nia anunciaram um acordo em que os russos comprariam US$ 15 bilh\u00f5es em t\u00edtulos do governo ucraniano e diminuir o pre\u00e7o do g\u00e1s russo vendido \u00e0 Ucr\u00e2nia. A Ucr\u00e2nia precisa do g\u00e1s russo como fonte de energia, al\u00e9m dos fortes la\u00e7os econ\u00f4micos que tem com a R\u00fassia (boa parte das exporta\u00e7\u00f5es tem a R\u00fassia como destino). Mas se adentrasse ao bloco europeu, receberia v\u00e1rios incentivos para fortalecer sua agricultura e sua economia. Contudo, precisaria passar por uma s\u00e9rie de exig\u00eancias do FMI a fim de refinanciar d\u00edvidas. Muita tens\u00e3o.<\/p>\n<p style=\"text-align: justify;\">Ap\u00f3s a deposi\u00e7\u00e3o do presidente ucraniano, e a assun\u00e7\u00e3o do novo presidente interino (mais tendente a firmar o tratado com a UE, ainda n\u00e3o<\/p>\n<div id=\"attachment_10590\" style=\"width: 310px\" class=\"wp-caption alignright\"><a href=\"http:\/\/crentassos.com.br\/blog\/wp-content\/uploads\/crimeia.png\"><img loading=\"lazy\" decoding=\"async\" aria-describedby=\"caption-attachment-10590\" class=\"size-medium wp-image-10590 \" alt=\"A Crimeia \u00e9 uma pen\u00ednsula situada na costa setentrional do Mar Negro.\" src=\"http:\/\/crentassos.com.br\/blog\/wp-content\/uploads\/crimeia-300x194.png\" width=\"300\" height=\"194\" srcset=\"https:\/\/crentassos.com.br\/blog\/wp-content\/uploads\/crimeia-300x194.png 300w, https:\/\/crentassos.com.br\/blog\/wp-content\/uploads\/crimeia-620x402.png 620w, https:\/\/crentassos.com.br\/blog\/wp-content\/uploads\/crimeia.png 800w\" sizes=\"auto, (max-width: 300px) 100vw, 300px\" \/><\/a><p id=\"caption-attachment-10590\" class=\"wp-caption-text\">A Crimeia \u00e9 uma pen\u00ednsula situada na costa setentrional do Mar Negro.<\/p><\/div>\n<p style=\"text-align: justify;\">sabemos&#8230;), a R\u00fassia decidiu agir, e fez uma movimenta\u00e7\u00e3o militar para proteger os cidad\u00e3os russos que s\u00e3o maioria e moram na pen\u00ednsula da Crimeia. Al\u00e9m disso, j\u00e1 possu\u00eda uma base militar na Crimeia \u2013 uma pen\u00ednsula no Mar Negro, onde fica um dos principais portos da R\u00fassia (o \u00fanico que n\u00e3o congela). A fim de n\u00e3o perder um dos seus principais pontos estrat\u00e9gicos na Europa (como ponto de escoamento de produ\u00e7\u00e3o e tamb\u00e9m ponto estrat\u00e9gico militar), envolveu-se no movimento a fim de declarar a regi\u00e3o independente da Ucr\u00e2nia, e anex\u00e1-la \u00e0 Federa\u00e7\u00e3o Russa. Isto porque, com a deposi\u00e7\u00e3o do presidente, diversos acordos j\u00e1 assinados com a R\u00fassia ficam em risco, e gera instabilidade tamb\u00e9m \u00e0 R\u00fassia. A Crimeia tem dois milh\u00f5es de habitantes, dos quais cerca de 60% s\u00e3o russos, 24% ucranianos e 12% t\u00e1rtaros.<\/p>\n<p style=\"text-align: justify;\">Ontem, Putin e os l\u00edderes da Crimeia e Sebastopol assinaram o tratado anexando a regi\u00e3o \u00e0 R\u00fassia. Atrav\u00e9s deste documento, tanto a Crimeia como Sebastopol (onde fica a base russa no Mar Negro) integram a Federa\u00e7\u00e3o Russa, isto ap\u00f3s os tr\u00eas parlamentos (da R\u00fassia, da Crimeia e de Sebastopol) aprovarem o tratado.<\/p>\n<p style=\"text-align: justify;\">A crise \u00e9 complexa, h\u00e1 pr\u00f3s e contras em tanto do lado da UE como da R\u00fassia. Esta \u00e9 uma pequena explica\u00e7\u00e3o &#8211; aproximada &#8211; do que tem ocorrido no leste europeu, at\u00e9 onde foi poss\u00edvel me informar. O fato \u00e9 que a popula\u00e7\u00e3o vem sofrendo, h\u00e1 meses.\u00a0Entendo que devemos carregar os fardos uns dos outros, n\u00e3o somente com nossos irm\u00e3os aqui perto, mas com nossos irm\u00e3os ucranianos e russos. Somos um corpo, com eles tamb\u00e9m. As dores deles s\u00e3o nossas, e as injusti\u00e7as e as viol\u00eancias por que eles passam deveriam nos incomodar.\u00a0<span style=\"line-height: 1.5em;\">Por isso, pe\u00e7o que todos n\u00f3s oremos pela Ucr\u00e2nia, oremos pela Crimeia e pela R\u00fassia, oremos pelo fim da viol\u00eancia e da instabilidade, oremos para que haja uma solu\u00e7\u00e3o pac\u00edfica para os conflitos na regi\u00e3o, e que a popula\u00e7\u00e3o possa ser efetivamente respeitada em seus direitos.<\/span><\/p>\n<p><em style=\"line-height: 1.5em;\">(Fontes: BBC Londres, Brasil de Fato, Di\u00e1rio do Centro do Mundo)<\/em><\/p>\n","protected":false},"excerpt":{"rendered":"<p>Os \u00faltimos meses foram de bastante instabilidade pol\u00edtica no leste europeu. A crise foi desencadeada ap\u00f3s decis\u00e3o do ent\u00e3o presidente ucraniano em [&hellip;]<\/p>\n","protected":false},"author":28,"featured_media":10588,"comment_status":"open","ping_status":"open","sticky":false,"template":"","format":"standard","meta":{"_exactmetrics_skip_tracking":false,"_exactmetrics_sitenote_active":false,"_exactmetrics_sitenote_note":"","_exactmetrics_sitenote_category":0,"footnotes":"","_links_to":"","_links_to_target":""},"categories":[112],"tags":[2544,2545,1546],"class_list":{"0":"post-10587","1":"post","2":"type-post","3":"status-publish","4":"format-standard","5":"has-post-thumbnail","6":"hentry","7":"category-artigos","8":"tag-crimeia","9":"tag-russia","10":"tag-ucrania","12":"post-with-thumbnail","13":"post-with-thumbnail-large"},"yoast_head":"<!-- This site is optimized with the Yoast SEO plugin v27.1.1 - https:\/\/yoast.com\/product\/yoast-seo-wordpress\/ -->\n<title>Oremos pela Ucr\u00e2nia, oremos pela Crimeia. - Crentassos Produ\u00e7\u00f5es Subversivas<\/title>\n<meta name=\"robots\" content=\"index, follow, max-snippet:-1, max-image-preview:large, max-video-preview:-1\" \/>\n<link rel=\"canonical\" href=\"https:\/\/crentassos.com.br\/blog\/2014\/03\/oremos-pela-ucrania-oremos-pela-crimeia.html\" \/>\n<meta property=\"og:locale\" content=\"pt_BR\" \/>\n<meta property=\"og:type\" content=\"article\" \/>\n<meta property=\"og:title\" content=\"Oremos pela Ucr\u00e2nia, oremos pela Crimeia. - Crentassos Produ\u00e7\u00f5es Subversivas\" \/>\n<meta property=\"og:description\" content=\"Os \u00faltimos meses foram de bastante instabilidade pol\u00edtica no leste europeu. A crise foi desencadeada ap\u00f3s decis\u00e3o do ent\u00e3o presidente ucraniano em [&hellip;]\" \/>\n<meta property=\"og:url\" content=\"https:\/\/crentassos.com.br\/blog\/2014\/03\/oremos-pela-ucrania-oremos-pela-crimeia.html\" \/>\n<meta property=\"og:site_name\" content=\"Crentassos Produ\u00e7\u00f5es Subversivas\" \/>\n<meta property=\"article:publisher\" content=\"http:\/\/www.facebook.com\/crentassos\" \/>\n<meta property=\"article:published_time\" content=\"2014-03-20T01:26:56+00:00\" \/>\n<meta property=\"og:image\" content=\"https:\/\/crentassos.com.br\/blog\/wp-content\/uploads\/ucrania-1.jpg\" \/>\n\t<meta property=\"og:image:width\" content=\"274\" \/>\n\t<meta property=\"og:image:height\" content=\"184\" \/>\n\t<meta property=\"og:image:type\" content=\"image\/jpeg\" \/>\n<meta name=\"author\" content=\"Manuela Maron\" \/>\n<meta name=\"twitter:card\" content=\"summary_large_image\" \/>\n<meta name=\"twitter:creator\" content=\"@crentassos\" \/>\n<meta name=\"twitter:site\" content=\"@crentassos\" \/>\n<meta name=\"twitter:label1\" content=\"Escrito por\" \/>\n\t<meta name=\"twitter:data1\" content=\"Manuela Maron\" \/>\n\t<meta name=\"twitter:label2\" content=\"Est. tempo de leitura\" \/>\n\t<meta name=\"twitter:data2\" content=\"3 minutos\" \/>\n<script type=\"application\/ld+json\" class=\"yoast-schema-graph\">{\"@context\":\"https:\/\/schema.org\",\"@graph\":[{\"@type\":\"Article\",\"@id\":\"https:\/\/crentassos.com.br\/blog\/2014\/03\/oremos-pela-ucrania-oremos-pela-crimeia.html#article\",\"isPartOf\":{\"@id\":\"https:\/\/crentassos.com.br\/blog\/2014\/03\/oremos-pela-ucrania-oremos-pela-crimeia.html\"},\"author\":{\"name\":\"Manuela Maron\",\"@id\":\"https:\/\/crentassos.com.br\/blog\/#\/schema\/person\/f68498723a8f53a21e034b40664f7dd7\"},\"headline\":\"Oremos pela Ucr\u00e2nia, oremos pela Crimeia.\",\"datePublished\":\"2014-03-20T01:26:56+00:00\",\"mainEntityOfPage\":{\"@id\":\"https:\/\/crentassos.com.br\/blog\/2014\/03\/oremos-pela-ucrania-oremos-pela-crimeia.html\"},\"wordCount\":674,\"commentCount\":4,\"publisher\":{\"@id\":\"https:\/\/crentassos.com.br\/blog\/#organization\"},\"image\":{\"@id\":\"https:\/\/crentassos.com.br\/blog\/2014\/03\/oremos-pela-ucrania-oremos-pela-crimeia.html#primaryimage\"},\"thumbnailUrl\":\"https:\/\/crentassos.com.br\/blog\/wp-content\/uploads\/ucrania-1.jpg\",\"keywords\":[\"Crimeia\",\"R\u00fassia\",\"Ucr\u00e2nia\"],\"articleSection\":[\"Artigos\"],\"inLanguage\":\"pt-BR\",\"potentialAction\":[{\"@type\":\"CommentAction\",\"name\":\"Comment\",\"target\":[\"https:\/\/crentassos.com.br\/blog\/2014\/03\/oremos-pela-ucrania-oremos-pela-crimeia.html#respond\"]}]},{\"@type\":\"WebPage\",\"@id\":\"https:\/\/crentassos.com.br\/blog\/2014\/03\/oremos-pela-ucrania-oremos-pela-crimeia.html\",\"url\":\"https:\/\/crentassos.com.br\/blog\/2014\/03\/oremos-pela-ucrania-oremos-pela-crimeia.html\",\"name\":\"Oremos pela Ucr\u00e2nia, oremos pela Crimeia. - Crentassos Produ\u00e7\u00f5es Subversivas\",\"isPartOf\":{\"@id\":\"https:\/\/crentassos.com.br\/blog\/#website\"},\"primaryImageOfPage\":{\"@id\":\"https:\/\/crentassos.com.br\/blog\/2014\/03\/oremos-pela-ucrania-oremos-pela-crimeia.html#primaryimage\"},\"image\":{\"@id\":\"https:\/\/crentassos.com.br\/blog\/2014\/03\/oremos-pela-ucrania-oremos-pela-crimeia.html#primaryimage\"},\"thumbnailUrl\":\"https:\/\/crentassos.com.br\/blog\/wp-content\/uploads\/ucrania-1.jpg\",\"datePublished\":\"2014-03-20T01:26:56+00:00\",\"breadcrumb\":{\"@id\":\"https:\/\/crentassos.com.br\/blog\/2014\/03\/oremos-pela-ucrania-oremos-pela-crimeia.html#breadcrumb\"},\"inLanguage\":\"pt-BR\",\"potentialAction\":[{\"@type\":\"ReadAction\",\"target\":[\"https:\/\/crentassos.com.br\/blog\/2014\/03\/oremos-pela-ucrania-oremos-pela-crimeia.html\"]}]},{\"@type\":\"ImageObject\",\"inLanguage\":\"pt-BR\",\"@id\":\"https:\/\/crentassos.com.br\/blog\/2014\/03\/oremos-pela-ucrania-oremos-pela-crimeia.html#primaryimage\",\"url\":\"https:\/\/crentassos.com.br\/blog\/wp-content\/uploads\/ucrania-1.jpg\",\"contentUrl\":\"https:\/\/crentassos.com.br\/blog\/wp-content\/uploads\/ucrania-1.jpg\",\"width\":274,\"height\":184,\"caption\":\"A Pra\u00e7a da Independ\u00eancia ,em Kiev, foi palco dos primeiros protestos.\"},{\"@type\":\"BreadcrumbList\",\"@id\":\"https:\/\/crentassos.com.br\/blog\/2014\/03\/oremos-pela-ucrania-oremos-pela-crimeia.html#breadcrumb\",\"itemListElement\":[{\"@type\":\"ListItem\",\"position\":1,\"name\":\"Home\",\"item\":\"https:\/\/crentassos.com.br\/blog\/\"},{\"@type\":\"ListItem\",\"position\":2,\"name\":\"Oremos pela Ucr\u00e2nia, oremos pela Crimeia.\"}]},{\"@type\":\"WebSite\",\"@id\":\"https:\/\/crentassos.com.br\/blog\/#website\",\"url\":\"https:\/\/crentassos.com.br\/blog\/\",\"name\":\"Crentassos Produ\u00e7\u00f5es Subversivas\",\"description\":\"Podcast Crist\u00e3o, Podcrent, Da Prateleira, Artigos crist\u00e3os, Teologia, Estudos, Textos B\u00edblicos\",\"publisher\":{\"@id\":\"https:\/\/crentassos.com.br\/blog\/#organization\"},\"potentialAction\":[{\"@type\":\"SearchAction\",\"target\":{\"@type\":\"EntryPoint\",\"urlTemplate\":\"https:\/\/crentassos.com.br\/blog\/?s={search_term_string}\"},\"query-input\":{\"@type\":\"PropertyValueSpecification\",\"valueRequired\":true,\"valueName\":\"search_term_string\"}}],\"inLanguage\":\"pt-BR\"},{\"@type\":\"Organization\",\"@id\":\"https:\/\/crentassos.com.br\/blog\/#organization\",\"name\":\"Crentassos Produ\u00e7\u00f5es Subversivas\",\"url\":\"https:\/\/crentassos.com.br\/blog\/\",\"logo\":{\"@type\":\"ImageObject\",\"inLanguage\":\"pt-BR\",\"@id\":\"https:\/\/crentassos.com.br\/blog\/#\/schema\/logo\/image\/\",\"url\":\"https:\/\/crentassos.com.br\/blog\/wp-content\/uploads\/2020\/05\/cropped-crentassos1-300x300png.png\",\"contentUrl\":\"https:\/\/crentassos.com.br\/blog\/wp-content\/uploads\/2020\/05\/cropped-crentassos1-300x300png.png\",\"width\":300,\"height\":300,\"caption\":\"Crentassos Produ\u00e7\u00f5es Subversivas\"},\"image\":{\"@id\":\"https:\/\/crentassos.com.br\/blog\/#\/schema\/logo\/image\/\"},\"sameAs\":[\"http:\/\/www.facebook.com\/crentassos\",\"https:\/\/x.com\/crentassos\",\"https:\/\/www.instagram.com\/crentassos\",\"https:\/\/www.youtube.com\/crentassos\"]},{\"@type\":\"Person\",\"@id\":\"https:\/\/crentassos.com.br\/blog\/#\/schema\/person\/f68498723a8f53a21e034b40664f7dd7\",\"name\":\"Manuela Maron\",\"image\":{\"@type\":\"ImageObject\",\"inLanguage\":\"pt-BR\",\"@id\":\"https:\/\/crentassos.com.br\/blog\/#\/schema\/person\/image\/\",\"url\":\"https:\/\/secure.gravatar.com\/avatar\/e79fdd992caed57d22f5ab0bf78c23f00cf41368aad06a238411e1268384e4f4?s=96&d=retro&r=g\",\"contentUrl\":\"https:\/\/secure.gravatar.com\/avatar\/e79fdd992caed57d22f5ab0bf78c23f00cf41368aad06a238411e1268384e4f4?s=96&d=retro&r=g\",\"caption\":\"Manuela Maron\"},\"description\":\"\\\"Manuela Maron (ou simplesmente Manu) \u00e9 formada em Direito e p\u00f3s-graduada em Criminologia, al\u00e9m de violinista amadora nas horas vagas. Crist\u00e3 luterana. Possui quase nenhum senso de rid\u00edculo, e aceita convites para karaok\u00ea.\\\"\",\"sameAs\":[\"http:\/\/ask.fm\/manumaron\"],\"url\":\"https:\/\/crentassos.com.br\/blog\/author\/manumaron\"}]}<\/script>\n<!-- \/ Yoast SEO plugin. -->","yoast_head_json":{"title":"Oremos pela Ucr\u00e2nia, oremos pela Crimeia. - Crentassos Produ\u00e7\u00f5es Subversivas","robots":{"index":"index","follow":"follow","max-snippet":"max-snippet:-1","max-image-preview":"max-image-preview:large","max-video-preview":"max-video-preview:-1"},"canonical":"https:\/\/crentassos.com.br\/blog\/2014\/03\/oremos-pela-ucrania-oremos-pela-crimeia.html","og_locale":"pt_BR","og_type":"article","og_title":"Oremos pela Ucr\u00e2nia, oremos pela Crimeia. - Crentassos Produ\u00e7\u00f5es Subversivas","og_description":"Os \u00faltimos meses foram de bastante instabilidade pol\u00edtica no leste europeu. A crise foi desencadeada ap\u00f3s decis\u00e3o do ent\u00e3o presidente ucraniano em [&hellip;]","og_url":"https:\/\/crentassos.com.br\/blog\/2014\/03\/oremos-pela-ucrania-oremos-pela-crimeia.html","og_site_name":"Crentassos Produ\u00e7\u00f5es Subversivas","article_publisher":"http:\/\/www.facebook.com\/crentassos","article_published_time":"2014-03-20T01:26:56+00:00","og_image":[{"width":274,"height":184,"url":"https:\/\/crentassos.com.br\/blog\/wp-content\/uploads\/ucrania-1.jpg","type":"image\/jpeg"}],"author":"Manuela Maron","twitter_card":"summary_large_image","twitter_creator":"@crentassos","twitter_site":"@crentassos","twitter_misc":{"Escrito por":"Manuela Maron","Est. tempo de leitura":"3 minutos"},"schema":{"@context":"https:\/\/schema.org","@graph":[{"@type":"Article","@id":"https:\/\/crentassos.com.br\/blog\/2014\/03\/oremos-pela-ucrania-oremos-pela-crimeia.html#article","isPartOf":{"@id":"https:\/\/crentassos.com.br\/blog\/2014\/03\/oremos-pela-ucrania-oremos-pela-crimeia.html"},"author":{"name":"Manuela Maron","@id":"https:\/\/crentassos.com.br\/blog\/#\/schema\/person\/f68498723a8f53a21e034b40664f7dd7"},"headline":"Oremos pela Ucr\u00e2nia, oremos pela Crimeia.","datePublished":"2014-03-20T01:26:56+00:00","mainEntityOfPage":{"@id":"https:\/\/crentassos.com.br\/blog\/2014\/03\/oremos-pela-ucrania-oremos-pela-crimeia.html"},"wordCount":674,"commentCount":4,"publisher":{"@id":"https:\/\/crentassos.com.br\/blog\/#organization"},"image":{"@id":"https:\/\/crentassos.com.br\/blog\/2014\/03\/oremos-pela-ucrania-oremos-pela-crimeia.html#primaryimage"},"thumbnailUrl":"https:\/\/crentassos.com.br\/blog\/wp-content\/uploads\/ucrania-1.jpg","keywords":["Crimeia","R\u00fassia","Ucr\u00e2nia"],"articleSection":["Artigos"],"inLanguage":"pt-BR","potentialAction":[{"@type":"CommentAction","name":"Comment","target":["https:\/\/crentassos.com.br\/blog\/2014\/03\/oremos-pela-ucrania-oremos-pela-crimeia.html#respond"]}]},{"@type":"WebPage","@id":"https:\/\/crentassos.com.br\/blog\/2014\/03\/oremos-pela-ucrania-oremos-pela-crimeia.html","url":"https:\/\/crentassos.com.br\/blog\/2014\/03\/oremos-pela-ucrania-oremos-pela-crimeia.html","name":"Oremos pela Ucr\u00e2nia, oremos pela Crimeia. - Crentassos Produ\u00e7\u00f5es Subversivas","isPartOf":{"@id":"https:\/\/crentassos.com.br\/blog\/#website"},"primaryImageOfPage":{"@id":"https:\/\/crentassos.com.br\/blog\/2014\/03\/oremos-pela-ucrania-oremos-pela-crimeia.html#primaryimage"},"image":{"@id":"https:\/\/crentassos.com.br\/blog\/2014\/03\/oremos-pela-ucrania-oremos-pela-crimeia.html#primaryimage"},"thumbnailUrl":"https:\/\/crentassos.com.br\/blog\/wp-content\/uploads\/ucrania-1.jpg","datePublished":"2014-03-20T01:26:56+00:00","breadcrumb":{"@id":"https:\/\/crentassos.com.br\/blog\/2014\/03\/oremos-pela-ucrania-oremos-pela-crimeia.html#breadcrumb"},"inLanguage":"pt-BR","potentialAction":[{"@type":"ReadAction","target":["https:\/\/crentassos.com.br\/blog\/2014\/03\/oremos-pela-ucrania-oremos-pela-crimeia.html"]}]},{"@type":"ImageObject","inLanguage":"pt-BR","@id":"https:\/\/crentassos.com.br\/blog\/2014\/03\/oremos-pela-ucrania-oremos-pela-crimeia.html#primaryimage","url":"https:\/\/crentassos.com.br\/blog\/wp-content\/uploads\/ucrania-1.jpg","contentUrl":"https:\/\/crentassos.com.br\/blog\/wp-content\/uploads\/ucrania-1.jpg","width":274,"height":184,"caption":"A Pra\u00e7a da Independ\u00eancia ,em Kiev, foi palco dos primeiros protestos."},{"@type":"BreadcrumbList","@id":"https:\/\/crentassos.com.br\/blog\/2014\/03\/oremos-pela-ucrania-oremos-pela-crimeia.html#breadcrumb","itemListElement":[{"@type":"ListItem","position":1,"name":"Home","item":"https:\/\/crentassos.com.br\/blog\/"},{"@type":"ListItem","position":2,"name":"Oremos pela Ucr\u00e2nia, oremos pela Crimeia."}]},{"@type":"WebSite","@id":"https:\/\/crentassos.com.br\/blog\/#website","url":"https:\/\/crentassos.com.br\/blog\/","name":"Crentassos Produ\u00e7\u00f5es Subversivas","description":"Podcast Crist\u00e3o, Podcrent, Da Prateleira, Artigos crist\u00e3os, Teologia, Estudos, Textos B\u00edblicos","publisher":{"@id":"https:\/\/crentassos.com.br\/blog\/#organization"},"potentialAction":[{"@type":"SearchAction","target":{"@type":"EntryPoint","urlTemplate":"https:\/\/crentassos.com.br\/blog\/?s={search_term_string}"},"query-input":{"@type":"PropertyValueSpecification","valueRequired":true,"valueName":"search_term_string"}}],"inLanguage":"pt-BR"},{"@type":"Organization","@id":"https:\/\/crentassos.com.br\/blog\/#organization","name":"Crentassos Produ\u00e7\u00f5es Subversivas","url":"https:\/\/crentassos.com.br\/blog\/","logo":{"@type":"ImageObject","inLanguage":"pt-BR","@id":"https:\/\/crentassos.com.br\/blog\/#\/schema\/logo\/image\/","url":"https:\/\/crentassos.com.br\/blog\/wp-content\/uploads\/2020\/05\/cropped-crentassos1-300x300png.png","contentUrl":"https:\/\/crentassos.com.br\/blog\/wp-content\/uploads\/2020\/05\/cropped-crentassos1-300x300png.png","width":300,"height":300,"caption":"Crentassos Produ\u00e7\u00f5es Subversivas"},"image":{"@id":"https:\/\/crentassos.com.br\/blog\/#\/schema\/logo\/image\/"},"sameAs":["http:\/\/www.facebook.com\/crentassos","https:\/\/x.com\/crentassos","https:\/\/www.instagram.com\/crentassos","https:\/\/www.youtube.com\/crentassos"]},{"@type":"Person","@id":"https:\/\/crentassos.com.br\/blog\/#\/schema\/person\/f68498723a8f53a21e034b40664f7dd7","name":"Manuela Maron","image":{"@type":"ImageObject","inLanguage":"pt-BR","@id":"https:\/\/crentassos.com.br\/blog\/#\/schema\/person\/image\/","url":"https:\/\/secure.gravatar.com\/avatar\/e79fdd992caed57d22f5ab0bf78c23f00cf41368aad06a238411e1268384e4f4?s=96&d=retro&r=g","contentUrl":"https:\/\/secure.gravatar.com\/avatar\/e79fdd992caed57d22f5ab0bf78c23f00cf41368aad06a238411e1268384e4f4?s=96&d=retro&r=g","caption":"Manuela Maron"},"description":"\"Manuela Maron (ou simplesmente Manu) \u00e9 formada em Direito e p\u00f3s-graduada em Criminologia, al\u00e9m de violinista amadora nas horas vagas. Crist\u00e3 luterana. Possui quase nenhum senso de rid\u00edculo, e aceita convites para karaok\u00ea.\"","sameAs":["http:\/\/ask.fm\/manumaron"],"url":"https:\/\/crentassos.com.br\/blog\/author\/manumaron"}]}},"_links":{"self":[{"href":"https:\/\/crentassos.com.br\/blog\/wp-json\/wp\/v2\/posts\/10587","targetHints":{"allow":["GET"]}}],"collection":[{"href":"https:\/\/crentassos.com.br\/blog\/wp-json\/wp\/v2\/posts"}],"about":[{"href":"https:\/\/crentassos.com.br\/blog\/wp-json\/wp\/v2\/types\/post"}],"author":[{"embeddable":true,"href":"https:\/\/crentassos.com.br\/blog\/wp-json\/wp\/v2\/users\/28"}],"replies":[{"embeddable":true,"href":"https:\/\/crentassos.com.br\/blog\/wp-json\/wp\/v2\/comments?post=10587"}],"version-history":[{"count":5,"href":"https:\/\/crentassos.com.br\/blog\/wp-json\/wp\/v2\/posts\/10587\/revisions"}],"predecessor-version":[{"id":10594,"href":"https:\/\/crentassos.com.br\/blog\/wp-json\/wp\/v2\/posts\/10587\/revisions\/10594"}],"wp:featuredmedia":[{"embeddable":true,"href":"https:\/\/crentassos.com.br\/blog\/wp-json\/wp\/v2\/media\/10588"}],"wp:attachment":[{"href":"https:\/\/crentassos.com.br\/blog\/wp-json\/wp\/v2\/media?parent=10587"}],"wp:term":[{"taxonomy":"category","embeddable":true,"href":"https:\/\/crentassos.com.br\/blog\/wp-json\/wp\/v2\/categories?post=10587"},{"taxonomy":"post_tag","embeddable":true,"href":"https:\/\/crentassos.com.br\/blog\/wp-json\/wp\/v2\/tags?post=10587"}],"curies":[{"name":"wp","href":"https:\/\/api.w.org\/{rel}","templated":true}]}}