{"id":1055,"date":"2010-11-06T01:00:00","date_gmt":"2010-11-06T03:00:00","guid":{"rendered":"http:\/\/oueleouela.wordpress.com\/2010\/11\/06\/xenofobia-democracia-e-outras-ias-da-vida-001"},"modified":"2010-11-06T01:00:00","modified_gmt":"2010-11-06T03:00:00","slug":"xenofobia-democracia-e-outras-ias-da-vida-001","status":"publish","type":"post","link":"https:\/\/crentassos.com.br\/blog\/2010\/11\/xenofobia-democracia-e-outras-ias-da-vida-001.html","title":{"rendered":"Xenofobia, democracia e outras ias da vida&#8230; &#8211; #001"},"content":{"rendered":"<div class=\"separator\" style=\"clear:both;text-align:center;\"><a href=\"http:\/\/oueleouela.files.wordpress.com\/2010\/11\/por_ahi_se_ve_la_democracia_fullblock.jpg\" style=\"clear:left;float:left;margin-bottom:1em;margin-right:1em;text-align:justify;\"><img loading=\"lazy\" decoding=\"async\" border=\"0\" height=\"320\" src=\"http:\/\/oueleouela.files.wordpress.com\/2010\/11\/por_ahi_se_ve_la_democracia_fullblock.jpg?w=292\" width=\"312\" \/><\/a><\/div>\n<div style=\"text-align:justify;\"><\/div>\n<div style=\"text-align:justify;\"><span class=\"Apple-style-span\" style=\"font-family:Verdana, sans-serif;\"><b>Ufa<\/b>&#8230; enfim as campanhas eleitorais findaram!<\/span><\/div>\n<div style=\"text-align:justify;\"><span class=\"Apple-style-span\" style=\"font-family:Verdana, sans-serif;\"><b>Agora resta o ran\u00e7o<\/b> provocado por tantos debates ideol\u00f3gicos, xenof\u00f3bicos, teol\u00f3gicos e demag\u00f3gicos.<\/span><\/div>\n<div style=\"text-align:justify;\"><span class=\"Apple-style-span\" style=\"font-family:Verdana, sans-serif;\">Embora pense que foram as piores elei\u00e7\u00f5es de que me lembro, sou obrigado \u00a0a concordar que a \u201cgrande festa pela democracia\u201d teve seus m\u00e9ritos.\u00a0<\/span><\/div>\n<div style=\"text-align:justify;\"><span class=\"Apple-style-span\" style=\"font-family:Verdana, sans-serif;\">Mas acabou, quem deveria ser eleito, eleito est\u00e1! \u00a0N\u00e3o tem como voltar atr\u00e1s.<\/span><\/div>\n<div style=\"text-align:justify;\"><span class=\"Apple-style-span\" style=\"font-family:Verdana, sans-serif;\">Resta saber e ficar na expectativa de as promessas feitas ser\u00e3o cumpridas. Espero que sim!<\/span><\/div>\n<div style=\"text-align:justify;\"><span class=\"Apple-style-span\" style=\"font-family:Verdana, sans-serif;\">Mas o povo tem o dever de cobrar isso em qualquer situa\u00e7\u00e3o, com qualquer \u00a0candidato que fosse eleito.\u00a0<\/span><\/div>\n<div style=\"text-align:justify;\"><span class=\"Apple-style-span\" style=\"font-family:Verdana, sans-serif;\">Existe uma frase que diz que o povo tem o governante que merece. N\u00e3o concordo muito com isso, mas sou obrigado a admitir que o povo tem o resultado de pol\u00edticas erradas que merece, pois na sua omiss\u00e3o n\u00e3o exige aquilo que \u00e9 certo, aquilo que moral e \u00e9tica, aquilo que \u00e9 justo.<\/span><\/div>\n<div style=\"text-align:justify;\"><span class=\"Apple-style-span\" style=\"font-family:Verdana, sans-serif;\">Essas elei\u00e7\u00f5es mostraram um lado bom, apesar de todas as mazelas apresentadas. De que hoje \u00e9 poss\u00edvel \u00a0gritar por mais transpar\u00eancia. \u00c9 poss\u00edvel colocar em pauta assuntos pol\u00eamicos, mas tamb\u00e9m podemos nos unir em prol de assuntos relevantes. Basta verificar o volume de informa\u00e7\u00f5es que correram pela rede nesse per\u00edodo. Coisas boas e outras de p\u00e9ssimo conte\u00fado.<\/span><\/div>\n<div style=\"text-align:justify;\"><span class=\"Apple-style-span\" style=\"font-family:Verdana, sans-serif;\"><b>Precisamos exigir p<\/b><\/span><span class=\"Apple-style-span\" style=\"font-family:Verdana, sans-serif;\"><b>rojetos sociais que visem a transforma\u00e7\u00e3o das pessoas<\/b> e de uma na\u00e7\u00e3o.\u00a0<\/span><\/div>\n<div style=\"text-align:justify;\"><span class=\"Apple-style-span\" style=\"font-family:Verdana, sans-serif;\"><b>Pol\u00edticas econ\u00f4micas que visem o crescimento do pa\u00eds<\/b>, mas com distribui\u00e7\u00e3o de rendas mais justa, sem onerar mais o contribuinte. \u00a0Ningu\u00e9m quer pagar mais impostos. J\u00e1 temos uma das maiores cargas do mundo.<\/span><\/div>\n<div style=\"text-align:justify;\"><span class=\"Apple-style-span\" style=\"font-family:Verdana, sans-serif;\"><b>A\u00e7\u00f5es entre os diversos \u00f3rg\u00e3os<\/b> existentes para termos mais seguran\u00e7a, sa\u00fade, qualidade de vida. Pra mim, minha fam\u00edlia, meus amigos (sejam eles do sul ou do nordeste), ou seja todos aqueles que est\u00e3o em terras tupiniquins.<\/span><\/div>\n<div style=\"text-align:justify;\"><span class=\"Apple-style-span\" style=\"font-family:Verdana, sans-serif;\"><b>N\u00e3o sou contra a\u00e7\u00f5es populares<\/b>, mas desde que n\u00e3o sejam populistas. O que o governo fez at\u00e9 agora, pra mim, est\u00e1 tudo certo. Mas precisa n\u00e3o apenas dar o peixe, mas incentivar a pescar. Dar condi\u00e7\u00f5es de desenvolvimento sustent\u00e1vel para todos. Potencializar as virtudes de cada regi\u00e3o e de seus povos. O Brasil \u00e9 riqu\u00edssimo n\u00e3o apenas em recursos naturais. O seu povo \u00e9 \u00fanico, basta voc\u00ea viajar por a\u00ed e comparar com outras nacionalidades.<\/span><\/div>\n<div style=\"text-align:justify;\"><span class=\"Apple-style-span\" style=\"font-family:Verdana, sans-serif;\">\u00c9 tempo agora de di\u00e1logo entre aqueles que foram eleitos representantes do povo em prol de ORDEM e PROGRESSO do Brasil.<\/span><\/div>\n<div style=\"text-align:justify;\"><span class=\"Apple-style-span\" style=\"font-family:Verdana, sans-serif;\"><b>Desde que S\u00f3lon,<\/b> o legislador ateniense na Gr\u00e9cia Antiga, instituiu o voto obrigat\u00f3rio como forma de uma reforma pol\u00edtica o povo tem como DEVER o DIREITO de votar (sinceramente ainda n\u00e3o concordo com isso!), mas \u00e9 isso a\u00ed.<\/span><\/div>\n<div style=\"text-align:justify;\"><span class=\"Apple-style-span\" style=\"font-family:Verdana, sans-serif;\">O Cris e a Japa votaram na Dilma pelas suas convic\u00e7\u00f5es. N\u00e3o votei na Dilma e tampouco no Serra pelas minhas&#8230; mas e da\u00ed? Democracia \u00e9 isso. \u00a0As decis\u00f5es pol\u00edticas est\u00e3o com o povo, logo, cada um vota em quem mais representa seu modo de pensar.\u00a0<\/span><\/div>\n<div style=\"text-align:justify;\"><span class=\"Apple-style-span\" style=\"font-family:Verdana, sans-serif;\"><b>Para aqueles que n\u00e3o concordam, basta lamentar ou sair do pa\u00eds.<\/b>\u00a0<\/span><\/div>\n<div style=\"text-align:justify;\"><span class=\"Apple-style-span\" style=\"font-family:Verdana, sans-serif;\">Soli Deo Gloria<\/span><\/div>\n","protected":false},"excerpt":{"rendered":"<p>Ufa&#8230; enfim as campanhas eleitorais findaram! Agora resta o ran\u00e7o provocado por tantos debates ideol\u00f3gicos, xenof\u00f3bicos, teol\u00f3gicos e demag\u00f3gicos. Embora pense que [&hellip;]<\/p>\n","protected":false},"author":1,"featured_media":0,"comment_status":"open","ping_status":"closed","sticky":false,"template":"","format":"standard","meta":{"_exactmetrics_skip_tracking":false,"_exactmetrics_sitenote_active":false,"_exactmetrics_sitenote_note":"","_exactmetrics_sitenote_category":0,"footnotes":"","_links_to":"","_links_to_target":""},"categories":[],"tags":[20,464],"class_list":["post-1055","post","type-post","status-publish","format-standard","hentry","tag-carlos-marchiorato","tag-eleicoes-2010"],"yoast_head":"<!-- This site is optimized with the Yoast SEO plugin v27.1.1 - https:\/\/yoast.com\/product\/yoast-seo-wordpress\/ -->\n<title>Xenofobia, democracia e outras ias da vida... - #001 - Crentassos Produ\u00e7\u00f5es Subversivas<\/title>\n<meta name=\"robots\" content=\"index, follow, max-snippet:-1, max-image-preview:large, max-video-preview:-1\" \/>\n<link rel=\"canonical\" href=\"https:\/\/crentassos.com.br\/blog\/2010\/11\/xenofobia-democracia-e-outras-ias-da-vida-001.html\" \/>\n<meta property=\"og:locale\" content=\"pt_BR\" \/>\n<meta property=\"og:type\" content=\"article\" \/>\n<meta property=\"og:title\" content=\"Xenofobia, democracia e outras ias da vida... - #001 - Crentassos Produ\u00e7\u00f5es Subversivas\" \/>\n<meta property=\"og:description\" content=\"Ufa&#8230; enfim as campanhas eleitorais findaram! Agora resta o ran\u00e7o provocado por tantos debates ideol\u00f3gicos, xenof\u00f3bicos, teol\u00f3gicos e demag\u00f3gicos. Embora pense que [&hellip;]\" \/>\n<meta property=\"og:url\" content=\"https:\/\/crentassos.com.br\/blog\/2010\/11\/xenofobia-democracia-e-outras-ias-da-vida-001.html\" \/>\n<meta property=\"og:site_name\" content=\"Crentassos Produ\u00e7\u00f5es Subversivas\" \/>\n<meta property=\"article:publisher\" content=\"http:\/\/www.facebook.com\/crentassos\" \/>\n<meta property=\"article:published_time\" content=\"2010-11-06T03:00:00+00:00\" \/>\n<meta property=\"og:image\" content=\"http:\/\/oueleouela.files.wordpress.com\/2010\/11\/por_ahi_se_ve_la_democracia_fullblock.jpg?w=292\" \/>\n<meta name=\"author\" content=\"Crentassos\" \/>\n<meta name=\"twitter:card\" content=\"summary_large_image\" \/>\n<meta name=\"twitter:creator\" content=\"@crentassos\" \/>\n<meta name=\"twitter:site\" content=\"@crentassos\" \/>\n<meta name=\"twitter:label1\" content=\"Escrito por\" \/>\n\t<meta name=\"twitter:data1\" content=\"Crentassos\" \/>\n\t<meta name=\"twitter:label2\" content=\"Est. tempo de leitura\" \/>\n\t<meta name=\"twitter:data2\" content=\"3 minutos\" \/>\n<script type=\"application\/ld+json\" class=\"yoast-schema-graph\">{\"@context\":\"https:\/\/schema.org\",\"@graph\":[{\"@type\":\"Article\",\"@id\":\"https:\/\/crentassos.com.br\/blog\/2010\/11\/xenofobia-democracia-e-outras-ias-da-vida-001.html#article\",\"isPartOf\":{\"@id\":\"https:\/\/crentassos.com.br\/blog\/2010\/11\/xenofobia-democracia-e-outras-ias-da-vida-001.html\"},\"author\":{\"name\":\"Crentassos\",\"@id\":\"https:\/\/crentassos.com.br\/blog\/#\/schema\/person\/c143e75f920e3ad15d83540f47db500c\"},\"headline\":\"Xenofobia, democracia e outras ias da vida&#8230; &#8211; #001\",\"datePublished\":\"2010-11-06T03:00:00+00:00\",\"mainEntityOfPage\":{\"@id\":\"https:\/\/crentassos.com.br\/blog\/2010\/11\/xenofobia-democracia-e-outras-ias-da-vida-001.html\"},\"wordCount\":536,\"commentCount\":0,\"publisher\":{\"@id\":\"https:\/\/crentassos.com.br\/blog\/#organization\"},\"image\":{\"@id\":\"https:\/\/crentassos.com.br\/blog\/2010\/11\/xenofobia-democracia-e-outras-ias-da-vida-001.html#primaryimage\"},\"thumbnailUrl\":\"http:\/\/oueleouela.files.wordpress.com\/2010\/11\/por_ahi_se_ve_la_democracia_fullblock.jpg?w=292\",\"keywords\":[\"carlos marchiorato\",\"Elei\u00e7\u00f5es 2010\"],\"inLanguage\":\"pt-BR\",\"potentialAction\":[{\"@type\":\"CommentAction\",\"name\":\"Comment\",\"target\":[\"https:\/\/crentassos.com.br\/blog\/2010\/11\/xenofobia-democracia-e-outras-ias-da-vida-001.html#respond\"]}]},{\"@type\":\"WebPage\",\"@id\":\"https:\/\/crentassos.com.br\/blog\/2010\/11\/xenofobia-democracia-e-outras-ias-da-vida-001.html\",\"url\":\"https:\/\/crentassos.com.br\/blog\/2010\/11\/xenofobia-democracia-e-outras-ias-da-vida-001.html\",\"name\":\"Xenofobia, democracia e outras ias da vida... - #001 - Crentassos Produ\u00e7\u00f5es Subversivas\",\"isPartOf\":{\"@id\":\"https:\/\/crentassos.com.br\/blog\/#website\"},\"primaryImageOfPage\":{\"@id\":\"https:\/\/crentassos.com.br\/blog\/2010\/11\/xenofobia-democracia-e-outras-ias-da-vida-001.html#primaryimage\"},\"image\":{\"@id\":\"https:\/\/crentassos.com.br\/blog\/2010\/11\/xenofobia-democracia-e-outras-ias-da-vida-001.html#primaryimage\"},\"thumbnailUrl\":\"http:\/\/oueleouela.files.wordpress.com\/2010\/11\/por_ahi_se_ve_la_democracia_fullblock.jpg?w=292\",\"datePublished\":\"2010-11-06T03:00:00+00:00\",\"breadcrumb\":{\"@id\":\"https:\/\/crentassos.com.br\/blog\/2010\/11\/xenofobia-democracia-e-outras-ias-da-vida-001.html#breadcrumb\"},\"inLanguage\":\"pt-BR\",\"potentialAction\":[{\"@type\":\"ReadAction\",\"target\":[\"https:\/\/crentassos.com.br\/blog\/2010\/11\/xenofobia-democracia-e-outras-ias-da-vida-001.html\"]}]},{\"@type\":\"ImageObject\",\"inLanguage\":\"pt-BR\",\"@id\":\"https:\/\/crentassos.com.br\/blog\/2010\/11\/xenofobia-democracia-e-outras-ias-da-vida-001.html#primaryimage\",\"url\":\"http:\/\/oueleouela.files.wordpress.com\/2010\/11\/por_ahi_se_ve_la_democracia_fullblock.jpg?w=292\",\"contentUrl\":\"http:\/\/oueleouela.files.wordpress.com\/2010\/11\/por_ahi_se_ve_la_democracia_fullblock.jpg?w=292\"},{\"@type\":\"BreadcrumbList\",\"@id\":\"https:\/\/crentassos.com.br\/blog\/2010\/11\/xenofobia-democracia-e-outras-ias-da-vida-001.html#breadcrumb\",\"itemListElement\":[{\"@type\":\"ListItem\",\"position\":1,\"name\":\"Home\",\"item\":\"https:\/\/crentassos.com.br\/blog\/\"},{\"@type\":\"ListItem\",\"position\":2,\"name\":\"Xenofobia, democracia e outras ias da vida&#8230; &#8211; #001\"}]},{\"@type\":\"WebSite\",\"@id\":\"https:\/\/crentassos.com.br\/blog\/#website\",\"url\":\"https:\/\/crentassos.com.br\/blog\/\",\"name\":\"Crentassos Produ\u00e7\u00f5es Subversivas\",\"description\":\"Podcast Crist\u00e3o, Podcrent, Da Prateleira, Artigos crist\u00e3os, Teologia, Estudos, Textos B\u00edblicos\",\"publisher\":{\"@id\":\"https:\/\/crentassos.com.br\/blog\/#organization\"},\"potentialAction\":[{\"@type\":\"SearchAction\",\"target\":{\"@type\":\"EntryPoint\",\"urlTemplate\":\"https:\/\/crentassos.com.br\/blog\/?s={search_term_string}\"},\"query-input\":{\"@type\":\"PropertyValueSpecification\",\"valueRequired\":true,\"valueName\":\"search_term_string\"}}],\"inLanguage\":\"pt-BR\"},{\"@type\":\"Organization\",\"@id\":\"https:\/\/crentassos.com.br\/blog\/#organization\",\"name\":\"Crentassos Produ\u00e7\u00f5es Subversivas\",\"url\":\"https:\/\/crentassos.com.br\/blog\/\",\"logo\":{\"@type\":\"ImageObject\",\"inLanguage\":\"pt-BR\",\"@id\":\"https:\/\/crentassos.com.br\/blog\/#\/schema\/logo\/image\/\",\"url\":\"https:\/\/crentassos.com.br\/blog\/wp-content\/uploads\/2020\/05\/cropped-crentassos1-300x300png.png\",\"contentUrl\":\"https:\/\/crentassos.com.br\/blog\/wp-content\/uploads\/2020\/05\/cropped-crentassos1-300x300png.png\",\"width\":300,\"height\":300,\"caption\":\"Crentassos Produ\u00e7\u00f5es Subversivas\"},\"image\":{\"@id\":\"https:\/\/crentassos.com.br\/blog\/#\/schema\/logo\/image\/\"},\"sameAs\":[\"http:\/\/www.facebook.com\/crentassos\",\"https:\/\/x.com\/crentassos\",\"https:\/\/www.instagram.com\/crentassos\",\"https:\/\/www.youtube.com\/crentassos\"]},{\"@type\":\"Person\",\"@id\":\"https:\/\/crentassos.com.br\/blog\/#\/schema\/person\/c143e75f920e3ad15d83540f47db500c\",\"name\":\"Crentassos\",\"image\":{\"@type\":\"ImageObject\",\"inLanguage\":\"pt-BR\",\"@id\":\"https:\/\/crentassos.com.br\/blog\/#\/schema\/person\/image\/\",\"url\":\"https:\/\/secure.gravatar.com\/avatar\/cb1b9c88bcd90ec2f909823639a352ece8d3a3cea59b9d08637fe057502fa227?s=96&d=retro&r=g\",\"contentUrl\":\"https:\/\/secure.gravatar.com\/avatar\/cb1b9c88bcd90ec2f909823639a352ece8d3a3cea59b9d08637fe057502fa227?s=96&d=retro&r=g\",\"caption\":\"Crentassos\"},\"description\":\"Perfil padr\u00e3o do blog dos Crentassos.\",\"sameAs\":[\"http:\/\/www.crentassos.com.br\"],\"url\":\"https:\/\/crentassos.com.br\/blog\/author\/crentassos\"}]}<\/script>\n<!-- \/ Yoast SEO plugin. -->","yoast_head_json":{"title":"Xenofobia, democracia e outras ias da vida... - #001 - Crentassos Produ\u00e7\u00f5es Subversivas","robots":{"index":"index","follow":"follow","max-snippet":"max-snippet:-1","max-image-preview":"max-image-preview:large","max-video-preview":"max-video-preview:-1"},"canonical":"https:\/\/crentassos.com.br\/blog\/2010\/11\/xenofobia-democracia-e-outras-ias-da-vida-001.html","og_locale":"pt_BR","og_type":"article","og_title":"Xenofobia, democracia e outras ias da vida... - #001 - Crentassos Produ\u00e7\u00f5es Subversivas","og_description":"Ufa&#8230; enfim as campanhas eleitorais findaram! Agora resta o ran\u00e7o provocado por tantos debates ideol\u00f3gicos, xenof\u00f3bicos, teol\u00f3gicos e demag\u00f3gicos. Embora pense que [&hellip;]","og_url":"https:\/\/crentassos.com.br\/blog\/2010\/11\/xenofobia-democracia-e-outras-ias-da-vida-001.html","og_site_name":"Crentassos Produ\u00e7\u00f5es Subversivas","article_publisher":"http:\/\/www.facebook.com\/crentassos","article_published_time":"2010-11-06T03:00:00+00:00","og_image":[{"url":"http:\/\/oueleouela.files.wordpress.com\/2010\/11\/por_ahi_se_ve_la_democracia_fullblock.jpg?w=292","type":"","width":"","height":""}],"author":"Crentassos","twitter_card":"summary_large_image","twitter_creator":"@crentassos","twitter_site":"@crentassos","twitter_misc":{"Escrito por":"Crentassos","Est. tempo de leitura":"3 minutos"},"schema":{"@context":"https:\/\/schema.org","@graph":[{"@type":"Article","@id":"https:\/\/crentassos.com.br\/blog\/2010\/11\/xenofobia-democracia-e-outras-ias-da-vida-001.html#article","isPartOf":{"@id":"https:\/\/crentassos.com.br\/blog\/2010\/11\/xenofobia-democracia-e-outras-ias-da-vida-001.html"},"author":{"name":"Crentassos","@id":"https:\/\/crentassos.com.br\/blog\/#\/schema\/person\/c143e75f920e3ad15d83540f47db500c"},"headline":"Xenofobia, democracia e outras ias da vida&#8230; &#8211; #001","datePublished":"2010-11-06T03:00:00+00:00","mainEntityOfPage":{"@id":"https:\/\/crentassos.com.br\/blog\/2010\/11\/xenofobia-democracia-e-outras-ias-da-vida-001.html"},"wordCount":536,"commentCount":0,"publisher":{"@id":"https:\/\/crentassos.com.br\/blog\/#organization"},"image":{"@id":"https:\/\/crentassos.com.br\/blog\/2010\/11\/xenofobia-democracia-e-outras-ias-da-vida-001.html#primaryimage"},"thumbnailUrl":"http:\/\/oueleouela.files.wordpress.com\/2010\/11\/por_ahi_se_ve_la_democracia_fullblock.jpg?w=292","keywords":["carlos marchiorato","Elei\u00e7\u00f5es 2010"],"inLanguage":"pt-BR","potentialAction":[{"@type":"CommentAction","name":"Comment","target":["https:\/\/crentassos.com.br\/blog\/2010\/11\/xenofobia-democracia-e-outras-ias-da-vida-001.html#respond"]}]},{"@type":"WebPage","@id":"https:\/\/crentassos.com.br\/blog\/2010\/11\/xenofobia-democracia-e-outras-ias-da-vida-001.html","url":"https:\/\/crentassos.com.br\/blog\/2010\/11\/xenofobia-democracia-e-outras-ias-da-vida-001.html","name":"Xenofobia, democracia e outras ias da vida... - #001 - Crentassos Produ\u00e7\u00f5es Subversivas","isPartOf":{"@id":"https:\/\/crentassos.com.br\/blog\/#website"},"primaryImageOfPage":{"@id":"https:\/\/crentassos.com.br\/blog\/2010\/11\/xenofobia-democracia-e-outras-ias-da-vida-001.html#primaryimage"},"image":{"@id":"https:\/\/crentassos.com.br\/blog\/2010\/11\/xenofobia-democracia-e-outras-ias-da-vida-001.html#primaryimage"},"thumbnailUrl":"http:\/\/oueleouela.files.wordpress.com\/2010\/11\/por_ahi_se_ve_la_democracia_fullblock.jpg?w=292","datePublished":"2010-11-06T03:00:00+00:00","breadcrumb":{"@id":"https:\/\/crentassos.com.br\/blog\/2010\/11\/xenofobia-democracia-e-outras-ias-da-vida-001.html#breadcrumb"},"inLanguage":"pt-BR","potentialAction":[{"@type":"ReadAction","target":["https:\/\/crentassos.com.br\/blog\/2010\/11\/xenofobia-democracia-e-outras-ias-da-vida-001.html"]}]},{"@type":"ImageObject","inLanguage":"pt-BR","@id":"https:\/\/crentassos.com.br\/blog\/2010\/11\/xenofobia-democracia-e-outras-ias-da-vida-001.html#primaryimage","url":"http:\/\/oueleouela.files.wordpress.com\/2010\/11\/por_ahi_se_ve_la_democracia_fullblock.jpg?w=292","contentUrl":"http:\/\/oueleouela.files.wordpress.com\/2010\/11\/por_ahi_se_ve_la_democracia_fullblock.jpg?w=292"},{"@type":"BreadcrumbList","@id":"https:\/\/crentassos.com.br\/blog\/2010\/11\/xenofobia-democracia-e-outras-ias-da-vida-001.html#breadcrumb","itemListElement":[{"@type":"ListItem","position":1,"name":"Home","item":"https:\/\/crentassos.com.br\/blog\/"},{"@type":"ListItem","position":2,"name":"Xenofobia, democracia e outras ias da vida&#8230; &#8211; #001"}]},{"@type":"WebSite","@id":"https:\/\/crentassos.com.br\/blog\/#website","url":"https:\/\/crentassos.com.br\/blog\/","name":"Crentassos Produ\u00e7\u00f5es Subversivas","description":"Podcast Crist\u00e3o, Podcrent, Da Prateleira, Artigos crist\u00e3os, Teologia, Estudos, Textos B\u00edblicos","publisher":{"@id":"https:\/\/crentassos.com.br\/blog\/#organization"},"potentialAction":[{"@type":"SearchAction","target":{"@type":"EntryPoint","urlTemplate":"https:\/\/crentassos.com.br\/blog\/?s={search_term_string}"},"query-input":{"@type":"PropertyValueSpecification","valueRequired":true,"valueName":"search_term_string"}}],"inLanguage":"pt-BR"},{"@type":"Organization","@id":"https:\/\/crentassos.com.br\/blog\/#organization","name":"Crentassos Produ\u00e7\u00f5es Subversivas","url":"https:\/\/crentassos.com.br\/blog\/","logo":{"@type":"ImageObject","inLanguage":"pt-BR","@id":"https:\/\/crentassos.com.br\/blog\/#\/schema\/logo\/image\/","url":"https:\/\/crentassos.com.br\/blog\/wp-content\/uploads\/2020\/05\/cropped-crentassos1-300x300png.png","contentUrl":"https:\/\/crentassos.com.br\/blog\/wp-content\/uploads\/2020\/05\/cropped-crentassos1-300x300png.png","width":300,"height":300,"caption":"Crentassos Produ\u00e7\u00f5es Subversivas"},"image":{"@id":"https:\/\/crentassos.com.br\/blog\/#\/schema\/logo\/image\/"},"sameAs":["http:\/\/www.facebook.com\/crentassos","https:\/\/x.com\/crentassos","https:\/\/www.instagram.com\/crentassos","https:\/\/www.youtube.com\/crentassos"]},{"@type":"Person","@id":"https:\/\/crentassos.com.br\/blog\/#\/schema\/person\/c143e75f920e3ad15d83540f47db500c","name":"Crentassos","image":{"@type":"ImageObject","inLanguage":"pt-BR","@id":"https:\/\/crentassos.com.br\/blog\/#\/schema\/person\/image\/","url":"https:\/\/secure.gravatar.com\/avatar\/cb1b9c88bcd90ec2f909823639a352ece8d3a3cea59b9d08637fe057502fa227?s=96&d=retro&r=g","contentUrl":"https:\/\/secure.gravatar.com\/avatar\/cb1b9c88bcd90ec2f909823639a352ece8d3a3cea59b9d08637fe057502fa227?s=96&d=retro&r=g","caption":"Crentassos"},"description":"Perfil padr\u00e3o do blog dos Crentassos.","sameAs":["http:\/\/www.crentassos.com.br"],"url":"https:\/\/crentassos.com.br\/blog\/author\/crentassos"}]}},"_links":{"self":[{"href":"https:\/\/crentassos.com.br\/blog\/wp-json\/wp\/v2\/posts\/1055","targetHints":{"allow":["GET"]}}],"collection":[{"href":"https:\/\/crentassos.com.br\/blog\/wp-json\/wp\/v2\/posts"}],"about":[{"href":"https:\/\/crentassos.com.br\/blog\/wp-json\/wp\/v2\/types\/post"}],"author":[{"embeddable":true,"href":"https:\/\/crentassos.com.br\/blog\/wp-json\/wp\/v2\/users\/1"}],"replies":[{"embeddable":true,"href":"https:\/\/crentassos.com.br\/blog\/wp-json\/wp\/v2\/comments?post=1055"}],"version-history":[{"count":0,"href":"https:\/\/crentassos.com.br\/blog\/wp-json\/wp\/v2\/posts\/1055\/revisions"}],"wp:attachment":[{"href":"https:\/\/crentassos.com.br\/blog\/wp-json\/wp\/v2\/media?parent=1055"}],"wp:term":[{"taxonomy":"category","embeddable":true,"href":"https:\/\/crentassos.com.br\/blog\/wp-json\/wp\/v2\/categories?post=1055"},{"taxonomy":"post_tag","embeddable":true,"href":"https:\/\/crentassos.com.br\/blog\/wp-json\/wp\/v2\/tags?post=1055"}],"curies":[{"name":"wp","href":"https:\/\/api.w.org\/{rel}","templated":true}]}}