{"id":10408,"date":"2014-02-10T16:42:16","date_gmt":"2014-02-10T19:42:16","guid":{"rendered":"http:\/\/crentassos.com.br\/blog\/?p=10408"},"modified":"2014-02-10T16:42:17","modified_gmt":"2014-02-10T19:42:17","slug":"por-que-o-fundamentalismo-atrai-cristaos-sinceros","status":"publish","type":"post","link":"https:\/\/crentassos.com.br\/blog\/2014\/02\/por-que-o-fundamentalismo-atrai-cristaos-sinceros.html","title":{"rendered":"Por que o Fundamentalismo Atrai Crist\u00e3os Sinceros?"},"content":{"rendered":"<div style=\"width: 480px\" class=\"wp-caption alignnone\"><a href=\"http:\/\/crentassos.com.br\/blog\/wp-content\/uploads\/wpid-wp-1392061093024.gif\"><img decoding=\"async\" title=\"wp-1392061093024\" class=\"alignnone size-full\" alt=\"image\" src=\"http:\/\/crentassos.com.br\/blog\/wp-content\/uploads\/wpid-wp-1392061093024.gif\" \/><\/a><p class=\"wp-caption-text\">O grupo fundamentalista conservador &quot;crist\u00e3o&quot; mais conhecido: A Ku Klux Klan<\/p><\/div>\n<p>S\u00f3 um esclarecimento. N\u00e3o me refiro ao fundamentalismo b\u00edblico, o conceito de se manter os fundamentos, as bases da f\u00e9 crist\u00e3. Nesse conceito, todo crist\u00e3o que leva Jesus a s\u00e9rio e cr\u00ea na Palavra de Deus, a B\u00edblia, como autoridade de f\u00e9 e pr\u00e1tica, \u00e9 em si um fundamentalista, mas me refiro ao conceito popular de fundamentalismo, o de pessoas querendo enfiar suas cren\u00e7as religiosas goela abaixo dos outros, obrigar os outros a acreditarem no que eles acreditam, sob pena de serem mal tratados, rejeitados, odiados ou mesmo eliminados, por n\u00e3o aceitarem o que os fundamentalistas cr\u00eaem. Da\u00ed o fundamentalismo, seja crist\u00e3o, isl\u00e2mico, ou o que for, nesse conceito popular, \u00e9 t\u00e3o prejudicial tanto a f\u00e9, como \u00e0s rela\u00e7\u00f5es humanas, cegando o adepto disso, cauterizando a mente, esfriando o amor e cultivando uma vida deplor\u00e1vel.<\/p>\n<p>Por que o fundamentalismo, ent\u00e3o, atrai crist\u00e3os sinceros?<\/p>\n<p>Bom, eu falo por mim. Tamb\u00e9m fui muito radical no que creio e tamb\u00e9m poderia ser considerado um \u201cfundamentalista\u201d at\u00e9 pouco tempo atr\u00e1s. Estou ainda buscando mudar certas atitudes.<\/p>\n<p>Eu queria ser especial, queria ser b\u00edblico, seguir a verdade e bla bla bla.. Isso \u00e9, na verdade, um disfarce para o pecado que faz o homem cair desde sempre, querer ser superior aos outros, ou \u201csemelhantes a Deus\u201d. \u00c9 a mesma serpente que enganou Eva nos enganando que podemos ser especiais, diferentes, ou \u201cmelhores\u201d que os outros por \u201cfazer a vontade de Deus\u201d. Para fazer a \u201cvontade de Deus\u201d, cometemos os mesmos pecados que os fariseus, coamos o mosquito e engolimos o camelo, ou seja, colocamos como prioridade aquilo que n\u00e3o \u00e9 prioridade e tratamos com pouca import\u00e2ncia aquilo que tem import\u00e2ncia crucial na nossa f\u00e9. Amor, Caridade, Fratenidade, Igualdade, essas coisas (fundamentais) s\u00e3o senso comum. Essas leis de Deus sobre o trato igualit\u00e1rio com o pr\u00f3ximo (coisa fundamental para Deus, por isso Ele p\u00f4s essas leis, necessidades e consci\u00eancia em todos os homens) est\u00e3o no cora\u00e7\u00e3o de todos os seres humanos, seguir o que \u00e9 realmente fundamental n\u00e3o nos p\u00f5e num \u201clugar elevado\u201d, mas nos mant\u00e9m na base que todos sabem que debatem seguir, ent\u00e3o n\u00e3o nos sentimos especiais, precisamos de mais, precisamos de coisas que nos diferenciem..<\/p>\n<p>Da\u00ed o fundamentalismo \u00e9 t\u00e3o sedutor. Ele oferece \u201cdiferen\u00e7as\u201d que \u201cagregam valor\u201d ao nosso camarote no Reino (e no Reino de Deus n\u00e3o existe camarote), como \u201ccumprir a Lei de Deus\u201d, \u201cpossuir a Verdade\u201d, \u201cser B\u00edblico\u201d e etc. E o fundamentalismo n\u00e3o ensina o evangelismo b\u00edblico, mas o proselitismo de id\u00e9ias; n\u00e3o ensina o compartilhamento da Verdade e da f\u00e9, mas imposi\u00e7\u00e3o de valores; n\u00e3o ensina a igualdade e o trato igualit\u00e1rio, mas a forma\u00e7\u00e3o de \u201ccastas\u201d ou \u201celites\u201d na f\u00e9 de seus adeptos, que os faz querer alcan\u00e7ar essa eleva\u00e7\u00e3o moral ou doutrin\u00e1ria para ser tamb\u00e9m diferente dos demais \u201c\u00edmpios\u201d ou dos \u201cignorantes\u201d. Da\u00ed podemos nos diferenciar mantendo uma dist\u00e2ncia imagin\u00e1ria dos incr\u00e9dulos ou dos ne\u00f3fitos, ou dos teologicamente ou espiritualmente \u201cinferiores\u201d, uma supremacia imagin\u00e1ria, afinal, temos um conhecimento especial das Escrituras, conhecemos verdades que o senso comum n\u00e3o sabe ou n\u00e3o aprecia e os outros s\u00e3o manipulados e enganados, diferente de n\u00f3s, que somos \u201celevados\u201d espiritualmente.<\/p>\n<p>Enfim, o fundamentalismo mina o b\u00e1sico, o fundamental do cristianismo, a f\u00e9, o amor, a fraternidade, a caridade, a igualdade, a humildade, a mansid\u00e3o e todos os frutos do Esp\u00edrito, e coloca outros pontos como fundamentais, como base, n\u00e3o para evangeliza\u00e7\u00e3o dos incr\u00e9dulos e edifica\u00e7\u00e3o da Igreja, mas para diferencia\u00e7\u00e3o com as demais pessoais, uma auto-afirma\u00e7\u00e3o. A necessidade por status e por auto-afirma\u00e7\u00e3o \u00e9 uma constante nas nossas vidas e podemos usar isso para nos defender dos perigos de uma vida em sociedade, ou para atacar os outros, a escolha \u00e9 nossa. A primeira pode ser uma necessidade, a segunda escolha \u00e9 sempre pecado e causa o fundamentalismo atual que distancia tantas pessoas de Cristo.<\/p>\n<blockquote><p>Seja a vossa modera\u00e7\u00e3o conhecida de todos os homens. Perto est\u00e1 o Senhor.<br \/>\nFilipenses 4:5<\/p>\n<p>Em virtude da gra\u00e7a que me foi dada, recomendo a todos e a cada um: n\u00e3o fa\u00e7am de si pr\u00f3prios uma opini\u00e3o maior do que conv\u00e9m, mas um conceito razoavelmente modesto, de acordo com o grau de f\u00e9 que Deus lhes distribuiu.<br \/>\nRomanos 12:3<\/p>\n<\/blockquote>\n","protected":false},"excerpt":{"rendered":"<p>O que atrai crist\u00e3os ortodoxos ao fundamentalismo?<\/p>\n","protected":false},"author":17,"featured_media":10407,"comment_status":"open","ping_status":"open","sticky":false,"template":"","format":"standard","meta":{"_exactmetrics_skip_tracking":false,"_exactmetrics_sitenote_active":false,"_exactmetrics_sitenote_note":"","_exactmetrics_sitenote_category":0,"footnotes":"","_links_to":"","_links_to_target":""},"categories":[112],"tags":[184,202,211,2513,1528,2515,2511,2512,69,561,2473,2514,2520,2519,2016,989,2518,1008,2516,1101,2517],"class_list":{"0":"post-10408","1":"post","2":"type-post","3":"status-publish","4":"format-standard","5":"has-post-thumbnail","6":"hentry","7":"category-artigos","8":"tag-amor","9":"tag-apologetica-2","10":"tag-arrogancia","11":"tag-arrogantes","12":"tag-calvinismo","13":"tag-calvinistas","14":"tag-conservadores","15":"tag-defesa","16":"tag-fe","17":"tag-fundamentalismo","18":"tag-humildade","19":"tag-humildes","20":"tag-imorais","21":"tag-moral","22":"tag-proximo","23":"tag-racismo","24":"tag-racistas","25":"tag-reforma","26":"tag-reformados","27":"tag-sociedade","28":"tag-teonomistas","30":"post-with-thumbnail","31":"post-with-thumbnail-large"},"yoast_head":"<!-- This site is optimized with the Yoast SEO plugin v27.1.1 - https:\/\/yoast.com\/product\/yoast-seo-wordpress\/ -->\n<title>Por que o Fundamentalismo Atrai Crist\u00e3os Sinceros? - Crentassos Produ\u00e7\u00f5es Subversivas<\/title>\n<meta name=\"robots\" content=\"index, follow, max-snippet:-1, max-image-preview:large, max-video-preview:-1\" \/>\n<link rel=\"canonical\" href=\"https:\/\/crentassos.com.br\/blog\/2014\/02\/por-que-o-fundamentalismo-atrai-cristaos-sinceros.html\" \/>\n<meta property=\"og:locale\" content=\"pt_BR\" \/>\n<meta property=\"og:type\" content=\"article\" \/>\n<meta property=\"og:title\" content=\"Por que o Fundamentalismo Atrai Crist\u00e3os Sinceros? - Crentassos Produ\u00e7\u00f5es Subversivas\" \/>\n<meta property=\"og:description\" content=\"O que atrai crist\u00e3os ortodoxos ao fundamentalismo?\" \/>\n<meta property=\"og:url\" content=\"https:\/\/crentassos.com.br\/blog\/2014\/02\/por-que-o-fundamentalismo-atrai-cristaos-sinceros.html\" \/>\n<meta property=\"og:site_name\" content=\"Crentassos Produ\u00e7\u00f5es Subversivas\" \/>\n<meta property=\"article:publisher\" content=\"http:\/\/www.facebook.com\/crentassos\" \/>\n<meta property=\"article:published_time\" content=\"2014-02-10T19:42:16+00:00\" \/>\n<meta property=\"article:modified_time\" content=\"2014-02-10T19:42:17+00:00\" \/>\n<meta property=\"og:image\" content=\"https:\/\/crentassos.com.br\/blog\/wp-content\/uploads\/wpid-wp-1392061093024.gif\" \/>\n\t<meta property=\"og:image:width\" content=\"470\" \/>\n\t<meta property=\"og:image:height\" content=\"270\" \/>\n\t<meta property=\"og:image:type\" content=\"image\/gif\" \/>\n<meta name=\"author\" content=\"@surian\" \/>\n<meta name=\"twitter:card\" content=\"summary_large_image\" \/>\n<meta name=\"twitter:creator\" content=\"@crentassos\" \/>\n<meta name=\"twitter:site\" content=\"@crentassos\" \/>\n<meta name=\"twitter:label1\" content=\"Escrito por\" \/>\n\t<meta name=\"twitter:data1\" content=\"@surian\" \/>\n\t<meta name=\"twitter:label2\" content=\"Est. tempo de leitura\" \/>\n\t<meta name=\"twitter:data2\" content=\"4 minutos\" \/>\n<script type=\"application\/ld+json\" class=\"yoast-schema-graph\">{\"@context\":\"https:\/\/schema.org\",\"@graph\":[{\"@type\":\"Article\",\"@id\":\"https:\/\/crentassos.com.br\/blog\/2014\/02\/por-que-o-fundamentalismo-atrai-cristaos-sinceros.html#article\",\"isPartOf\":{\"@id\":\"https:\/\/crentassos.com.br\/blog\/2014\/02\/por-que-o-fundamentalismo-atrai-cristaos-sinceros.html\"},\"author\":{\"name\":\"@surian\",\"@id\":\"https:\/\/crentassos.com.br\/blog\/#\/schema\/person\/96a367198691d0d9ea7a9cdc9d56541b\"},\"headline\":\"Por que o Fundamentalismo Atrai Crist\u00e3os Sinceros?\",\"datePublished\":\"2014-02-10T19:42:16+00:00\",\"dateModified\":\"2014-02-10T19:42:17+00:00\",\"mainEntityOfPage\":{\"@id\":\"https:\/\/crentassos.com.br\/blog\/2014\/02\/por-que-o-fundamentalismo-atrai-cristaos-sinceros.html\"},\"wordCount\":788,\"commentCount\":0,\"publisher\":{\"@id\":\"https:\/\/crentassos.com.br\/blog\/#organization\"},\"image\":{\"@id\":\"https:\/\/crentassos.com.br\/blog\/2014\/02\/por-que-o-fundamentalismo-atrai-cristaos-sinceros.html#primaryimage\"},\"thumbnailUrl\":\"https:\/\/crentassos.com.br\/blog\/wp-content\/uploads\/wpid-wp-1392061093024.gif\",\"keywords\":[\"amor\",\"apologetica\",\"arrogancia\",\"arrogantes\",\"calvinismo\",\"calvinistas\",\"conservadores\",\"defesa\",\"F\u00e9\",\"fundamentalismo\",\"humildade\",\"humildes\",\"imorais\",\"moral\",\"pr\u00f3ximo\",\"racismo\",\"racistas\",\"reforma\",\"reformados\",\"sociedade\",\"teonomistas\"],\"articleSection\":[\"Artigos\"],\"inLanguage\":\"pt-BR\",\"potentialAction\":[{\"@type\":\"CommentAction\",\"name\":\"Comment\",\"target\":[\"https:\/\/crentassos.com.br\/blog\/2014\/02\/por-que-o-fundamentalismo-atrai-cristaos-sinceros.html#respond\"]}]},{\"@type\":\"WebPage\",\"@id\":\"https:\/\/crentassos.com.br\/blog\/2014\/02\/por-que-o-fundamentalismo-atrai-cristaos-sinceros.html\",\"url\":\"https:\/\/crentassos.com.br\/blog\/2014\/02\/por-que-o-fundamentalismo-atrai-cristaos-sinceros.html\",\"name\":\"Por que o Fundamentalismo Atrai Crist\u00e3os Sinceros? - Crentassos Produ\u00e7\u00f5es Subversivas\",\"isPartOf\":{\"@id\":\"https:\/\/crentassos.com.br\/blog\/#website\"},\"primaryImageOfPage\":{\"@id\":\"https:\/\/crentassos.com.br\/blog\/2014\/02\/por-que-o-fundamentalismo-atrai-cristaos-sinceros.html#primaryimage\"},\"image\":{\"@id\":\"https:\/\/crentassos.com.br\/blog\/2014\/02\/por-que-o-fundamentalismo-atrai-cristaos-sinceros.html#primaryimage\"},\"thumbnailUrl\":\"https:\/\/crentassos.com.br\/blog\/wp-content\/uploads\/wpid-wp-1392061093024.gif\",\"datePublished\":\"2014-02-10T19:42:16+00:00\",\"dateModified\":\"2014-02-10T19:42:17+00:00\",\"breadcrumb\":{\"@id\":\"https:\/\/crentassos.com.br\/blog\/2014\/02\/por-que-o-fundamentalismo-atrai-cristaos-sinceros.html#breadcrumb\"},\"inLanguage\":\"pt-BR\",\"potentialAction\":[{\"@type\":\"ReadAction\",\"target\":[\"https:\/\/crentassos.com.br\/blog\/2014\/02\/por-que-o-fundamentalismo-atrai-cristaos-sinceros.html\"]}]},{\"@type\":\"ImageObject\",\"inLanguage\":\"pt-BR\",\"@id\":\"https:\/\/crentassos.com.br\/blog\/2014\/02\/por-que-o-fundamentalismo-atrai-cristaos-sinceros.html#primaryimage\",\"url\":\"https:\/\/crentassos.com.br\/blog\/wp-content\/uploads\/wpid-wp-1392061093024.gif\",\"contentUrl\":\"https:\/\/crentassos.com.br\/blog\/wp-content\/uploads\/wpid-wp-1392061093024.gif\",\"width\":470,\"height\":270},{\"@type\":\"BreadcrumbList\",\"@id\":\"https:\/\/crentassos.com.br\/blog\/2014\/02\/por-que-o-fundamentalismo-atrai-cristaos-sinceros.html#breadcrumb\",\"itemListElement\":[{\"@type\":\"ListItem\",\"position\":1,\"name\":\"Home\",\"item\":\"https:\/\/crentassos.com.br\/blog\/\"},{\"@type\":\"ListItem\",\"position\":2,\"name\":\"Por que o Fundamentalismo Atrai Crist\u00e3os Sinceros?\"}]},{\"@type\":\"WebSite\",\"@id\":\"https:\/\/crentassos.com.br\/blog\/#website\",\"url\":\"https:\/\/crentassos.com.br\/blog\/\",\"name\":\"Crentassos Produ\u00e7\u00f5es Subversivas\",\"description\":\"Podcast Crist\u00e3o, Podcrent, Da Prateleira, Artigos crist\u00e3os, Teologia, Estudos, Textos B\u00edblicos\",\"publisher\":{\"@id\":\"https:\/\/crentassos.com.br\/blog\/#organization\"},\"potentialAction\":[{\"@type\":\"SearchAction\",\"target\":{\"@type\":\"EntryPoint\",\"urlTemplate\":\"https:\/\/crentassos.com.br\/blog\/?s={search_term_string}\"},\"query-input\":{\"@type\":\"PropertyValueSpecification\",\"valueRequired\":true,\"valueName\":\"search_term_string\"}}],\"inLanguage\":\"pt-BR\"},{\"@type\":\"Organization\",\"@id\":\"https:\/\/crentassos.com.br\/blog\/#organization\",\"name\":\"Crentassos Produ\u00e7\u00f5es Subversivas\",\"url\":\"https:\/\/crentassos.com.br\/blog\/\",\"logo\":{\"@type\":\"ImageObject\",\"inLanguage\":\"pt-BR\",\"@id\":\"https:\/\/crentassos.com.br\/blog\/#\/schema\/logo\/image\/\",\"url\":\"https:\/\/crentassos.com.br\/blog\/wp-content\/uploads\/2020\/05\/cropped-crentassos1-300x300png.png\",\"contentUrl\":\"https:\/\/crentassos.com.br\/blog\/wp-content\/uploads\/2020\/05\/cropped-crentassos1-300x300png.png\",\"width\":300,\"height\":300,\"caption\":\"Crentassos Produ\u00e7\u00f5es Subversivas\"},\"image\":{\"@id\":\"https:\/\/crentassos.com.br\/blog\/#\/schema\/logo\/image\/\"},\"sameAs\":[\"http:\/\/www.facebook.com\/crentassos\",\"https:\/\/x.com\/crentassos\",\"https:\/\/www.instagram.com\/crentassos\",\"https:\/\/www.youtube.com\/crentassos\"]},{\"@type\":\"Person\",\"@id\":\"https:\/\/crentassos.com.br\/blog\/#\/schema\/person\/96a367198691d0d9ea7a9cdc9d56541b\",\"name\":\"@surian\",\"image\":{\"@type\":\"ImageObject\",\"inLanguage\":\"pt-BR\",\"@id\":\"https:\/\/crentassos.com.br\/blog\/#\/schema\/person\/image\/\",\"url\":\"https:\/\/secure.gravatar.com\/avatar\/b658021625d0a1d1ca17711a9ff50356b0f1cd162013a08544daa193321835f0?s=96&d=retro&r=g\",\"contentUrl\":\"https:\/\/secure.gravatar.com\/avatar\/b658021625d0a1d1ca17711a9ff50356b0f1cd162013a08544daa193321835f0?s=96&d=retro&r=g\",\"caption\":\"@surian\"},\"description\":\"Fot\u00f3grafo por paix\u00e3o. Publicit\u00e1rio de forma\u00e7\u00e3o. Designer wannabe. Geek por tenta\u00e7\u00e3o, Monergista, Luterano, tem o heavy metal como segunda religi\u00e3o (a\u00ea puritano, \u00e9 brincadeira, hein!), principalmente metal extremo (Doom, Black, Death) e curte muito umas frescuras de som g\u00f3tico tb.. Inserido em trabalhos com miss\u00f5es urbanas desde 1998 e capelania evang\u00e9lica hospitalar desde 2006. Colaborador em blogs crist\u00e3os e seculares, como \\\"Os Pedreiros\\\", \\\"Crentassos\\\", \\\"Vida Paulistana\\\", nas p\u00e1ginas \\\"Calvino\/ Lutero\/ Zwinglio da Depress\u00e3o\\\", al\u00e9m de outros projetos relacionados a artes, teologia e espondilite anquilosante. Tenho minhas id\u00e9ias pol\u00edticas em desenvolvimento e acredito na responsabilidade social e criativa do crist\u00e3o que deve amar o pr\u00f3ximo como a si mesmo, mas n\u00e3o acredito em teologias que d\u00e3o regras como fazer isso.. Se voc\u00ea quer ler somente textos leves, positivos, que s\u00f3 trata do lado bom da vida e encontrar somente coisas po\u00e9ticas, sens\u00edveis, bonitinhas e fofinhas, ent\u00e3o n\u00e3o \u00e9 comigo..\",\"sameAs\":[\"http:\/\/thiagosurian.wordpress.com\"],\"url\":\"https:\/\/crentassos.com.br\/blog\/author\/surian\"}]}<\/script>\n<!-- \/ Yoast SEO plugin. -->","yoast_head_json":{"title":"Por que o Fundamentalismo Atrai Crist\u00e3os Sinceros? - Crentassos Produ\u00e7\u00f5es Subversivas","robots":{"index":"index","follow":"follow","max-snippet":"max-snippet:-1","max-image-preview":"max-image-preview:large","max-video-preview":"max-video-preview:-1"},"canonical":"https:\/\/crentassos.com.br\/blog\/2014\/02\/por-que-o-fundamentalismo-atrai-cristaos-sinceros.html","og_locale":"pt_BR","og_type":"article","og_title":"Por que o Fundamentalismo Atrai Crist\u00e3os Sinceros? - Crentassos Produ\u00e7\u00f5es Subversivas","og_description":"O que atrai crist\u00e3os ortodoxos ao fundamentalismo?","og_url":"https:\/\/crentassos.com.br\/blog\/2014\/02\/por-que-o-fundamentalismo-atrai-cristaos-sinceros.html","og_site_name":"Crentassos Produ\u00e7\u00f5es Subversivas","article_publisher":"http:\/\/www.facebook.com\/crentassos","article_published_time":"2014-02-10T19:42:16+00:00","article_modified_time":"2014-02-10T19:42:17+00:00","og_image":[{"width":470,"height":270,"url":"https:\/\/crentassos.com.br\/blog\/wp-content\/uploads\/wpid-wp-1392061093024.gif","type":"image\/gif"}],"author":"@surian","twitter_card":"summary_large_image","twitter_creator":"@crentassos","twitter_site":"@crentassos","twitter_misc":{"Escrito por":"@surian","Est. tempo de leitura":"4 minutos"},"schema":{"@context":"https:\/\/schema.org","@graph":[{"@type":"Article","@id":"https:\/\/crentassos.com.br\/blog\/2014\/02\/por-que-o-fundamentalismo-atrai-cristaos-sinceros.html#article","isPartOf":{"@id":"https:\/\/crentassos.com.br\/blog\/2014\/02\/por-que-o-fundamentalismo-atrai-cristaos-sinceros.html"},"author":{"name":"@surian","@id":"https:\/\/crentassos.com.br\/blog\/#\/schema\/person\/96a367198691d0d9ea7a9cdc9d56541b"},"headline":"Por que o Fundamentalismo Atrai Crist\u00e3os Sinceros?","datePublished":"2014-02-10T19:42:16+00:00","dateModified":"2014-02-10T19:42:17+00:00","mainEntityOfPage":{"@id":"https:\/\/crentassos.com.br\/blog\/2014\/02\/por-que-o-fundamentalismo-atrai-cristaos-sinceros.html"},"wordCount":788,"commentCount":0,"publisher":{"@id":"https:\/\/crentassos.com.br\/blog\/#organization"},"image":{"@id":"https:\/\/crentassos.com.br\/blog\/2014\/02\/por-que-o-fundamentalismo-atrai-cristaos-sinceros.html#primaryimage"},"thumbnailUrl":"https:\/\/crentassos.com.br\/blog\/wp-content\/uploads\/wpid-wp-1392061093024.gif","keywords":["amor","apologetica","arrogancia","arrogantes","calvinismo","calvinistas","conservadores","defesa","F\u00e9","fundamentalismo","humildade","humildes","imorais","moral","pr\u00f3ximo","racismo","racistas","reforma","reformados","sociedade","teonomistas"],"articleSection":["Artigos"],"inLanguage":"pt-BR","potentialAction":[{"@type":"CommentAction","name":"Comment","target":["https:\/\/crentassos.com.br\/blog\/2014\/02\/por-que-o-fundamentalismo-atrai-cristaos-sinceros.html#respond"]}]},{"@type":"WebPage","@id":"https:\/\/crentassos.com.br\/blog\/2014\/02\/por-que-o-fundamentalismo-atrai-cristaos-sinceros.html","url":"https:\/\/crentassos.com.br\/blog\/2014\/02\/por-que-o-fundamentalismo-atrai-cristaos-sinceros.html","name":"Por que o Fundamentalismo Atrai Crist\u00e3os Sinceros? - Crentassos Produ\u00e7\u00f5es Subversivas","isPartOf":{"@id":"https:\/\/crentassos.com.br\/blog\/#website"},"primaryImageOfPage":{"@id":"https:\/\/crentassos.com.br\/blog\/2014\/02\/por-que-o-fundamentalismo-atrai-cristaos-sinceros.html#primaryimage"},"image":{"@id":"https:\/\/crentassos.com.br\/blog\/2014\/02\/por-que-o-fundamentalismo-atrai-cristaos-sinceros.html#primaryimage"},"thumbnailUrl":"https:\/\/crentassos.com.br\/blog\/wp-content\/uploads\/wpid-wp-1392061093024.gif","datePublished":"2014-02-10T19:42:16+00:00","dateModified":"2014-02-10T19:42:17+00:00","breadcrumb":{"@id":"https:\/\/crentassos.com.br\/blog\/2014\/02\/por-que-o-fundamentalismo-atrai-cristaos-sinceros.html#breadcrumb"},"inLanguage":"pt-BR","potentialAction":[{"@type":"ReadAction","target":["https:\/\/crentassos.com.br\/blog\/2014\/02\/por-que-o-fundamentalismo-atrai-cristaos-sinceros.html"]}]},{"@type":"ImageObject","inLanguage":"pt-BR","@id":"https:\/\/crentassos.com.br\/blog\/2014\/02\/por-que-o-fundamentalismo-atrai-cristaos-sinceros.html#primaryimage","url":"https:\/\/crentassos.com.br\/blog\/wp-content\/uploads\/wpid-wp-1392061093024.gif","contentUrl":"https:\/\/crentassos.com.br\/blog\/wp-content\/uploads\/wpid-wp-1392061093024.gif","width":470,"height":270},{"@type":"BreadcrumbList","@id":"https:\/\/crentassos.com.br\/blog\/2014\/02\/por-que-o-fundamentalismo-atrai-cristaos-sinceros.html#breadcrumb","itemListElement":[{"@type":"ListItem","position":1,"name":"Home","item":"https:\/\/crentassos.com.br\/blog\/"},{"@type":"ListItem","position":2,"name":"Por que o Fundamentalismo Atrai Crist\u00e3os Sinceros?"}]},{"@type":"WebSite","@id":"https:\/\/crentassos.com.br\/blog\/#website","url":"https:\/\/crentassos.com.br\/blog\/","name":"Crentassos Produ\u00e7\u00f5es Subversivas","description":"Podcast Crist\u00e3o, Podcrent, Da Prateleira, Artigos crist\u00e3os, Teologia, Estudos, Textos B\u00edblicos","publisher":{"@id":"https:\/\/crentassos.com.br\/blog\/#organization"},"potentialAction":[{"@type":"SearchAction","target":{"@type":"EntryPoint","urlTemplate":"https:\/\/crentassos.com.br\/blog\/?s={search_term_string}"},"query-input":{"@type":"PropertyValueSpecification","valueRequired":true,"valueName":"search_term_string"}}],"inLanguage":"pt-BR"},{"@type":"Organization","@id":"https:\/\/crentassos.com.br\/blog\/#organization","name":"Crentassos Produ\u00e7\u00f5es Subversivas","url":"https:\/\/crentassos.com.br\/blog\/","logo":{"@type":"ImageObject","inLanguage":"pt-BR","@id":"https:\/\/crentassos.com.br\/blog\/#\/schema\/logo\/image\/","url":"https:\/\/crentassos.com.br\/blog\/wp-content\/uploads\/2020\/05\/cropped-crentassos1-300x300png.png","contentUrl":"https:\/\/crentassos.com.br\/blog\/wp-content\/uploads\/2020\/05\/cropped-crentassos1-300x300png.png","width":300,"height":300,"caption":"Crentassos Produ\u00e7\u00f5es Subversivas"},"image":{"@id":"https:\/\/crentassos.com.br\/blog\/#\/schema\/logo\/image\/"},"sameAs":["http:\/\/www.facebook.com\/crentassos","https:\/\/x.com\/crentassos","https:\/\/www.instagram.com\/crentassos","https:\/\/www.youtube.com\/crentassos"]},{"@type":"Person","@id":"https:\/\/crentassos.com.br\/blog\/#\/schema\/person\/96a367198691d0d9ea7a9cdc9d56541b","name":"@surian","image":{"@type":"ImageObject","inLanguage":"pt-BR","@id":"https:\/\/crentassos.com.br\/blog\/#\/schema\/person\/image\/","url":"https:\/\/secure.gravatar.com\/avatar\/b658021625d0a1d1ca17711a9ff50356b0f1cd162013a08544daa193321835f0?s=96&d=retro&r=g","contentUrl":"https:\/\/secure.gravatar.com\/avatar\/b658021625d0a1d1ca17711a9ff50356b0f1cd162013a08544daa193321835f0?s=96&d=retro&r=g","caption":"@surian"},"description":"Fot\u00f3grafo por paix\u00e3o. Publicit\u00e1rio de forma\u00e7\u00e3o. Designer wannabe. Geek por tenta\u00e7\u00e3o, Monergista, Luterano, tem o heavy metal como segunda religi\u00e3o (a\u00ea puritano, \u00e9 brincadeira, hein!), principalmente metal extremo (Doom, Black, Death) e curte muito umas frescuras de som g\u00f3tico tb.. Inserido em trabalhos com miss\u00f5es urbanas desde 1998 e capelania evang\u00e9lica hospitalar desde 2006. Colaborador em blogs crist\u00e3os e seculares, como \"Os Pedreiros\", \"Crentassos\", \"Vida Paulistana\", nas p\u00e1ginas \"Calvino\/ Lutero\/ Zwinglio da Depress\u00e3o\", al\u00e9m de outros projetos relacionados a artes, teologia e espondilite anquilosante. Tenho minhas id\u00e9ias pol\u00edticas em desenvolvimento e acredito na responsabilidade social e criativa do crist\u00e3o que deve amar o pr\u00f3ximo como a si mesmo, mas n\u00e3o acredito em teologias que d\u00e3o regras como fazer isso.. Se voc\u00ea quer ler somente textos leves, positivos, que s\u00f3 trata do lado bom da vida e encontrar somente coisas po\u00e9ticas, sens\u00edveis, bonitinhas e fofinhas, ent\u00e3o n\u00e3o \u00e9 comigo..","sameAs":["http:\/\/thiagosurian.wordpress.com"],"url":"https:\/\/crentassos.com.br\/blog\/author\/surian"}]}},"_links":{"self":[{"href":"https:\/\/crentassos.com.br\/blog\/wp-json\/wp\/v2\/posts\/10408","targetHints":{"allow":["GET"]}}],"collection":[{"href":"https:\/\/crentassos.com.br\/blog\/wp-json\/wp\/v2\/posts"}],"about":[{"href":"https:\/\/crentassos.com.br\/blog\/wp-json\/wp\/v2\/types\/post"}],"author":[{"embeddable":true,"href":"https:\/\/crentassos.com.br\/blog\/wp-json\/wp\/v2\/users\/17"}],"replies":[{"embeddable":true,"href":"https:\/\/crentassos.com.br\/blog\/wp-json\/wp\/v2\/comments?post=10408"}],"version-history":[{"count":1,"href":"https:\/\/crentassos.com.br\/blog\/wp-json\/wp\/v2\/posts\/10408\/revisions"}],"predecessor-version":[{"id":10409,"href":"https:\/\/crentassos.com.br\/blog\/wp-json\/wp\/v2\/posts\/10408\/revisions\/10409"}],"wp:featuredmedia":[{"embeddable":true,"href":"https:\/\/crentassos.com.br\/blog\/wp-json\/wp\/v2\/media\/10407"}],"wp:attachment":[{"href":"https:\/\/crentassos.com.br\/blog\/wp-json\/wp\/v2\/media?parent=10408"}],"wp:term":[{"taxonomy":"category","embeddable":true,"href":"https:\/\/crentassos.com.br\/blog\/wp-json\/wp\/v2\/categories?post=10408"},{"taxonomy":"post_tag","embeddable":true,"href":"https:\/\/crentassos.com.br\/blog\/wp-json\/wp\/v2\/tags?post=10408"}],"curies":[{"name":"wp","href":"https:\/\/api.w.org\/{rel}","templated":true}]}}