{"id":10389,"date":"2014-02-08T17:44:51","date_gmt":"2014-02-08T20:44:51","guid":{"rendered":"http:\/\/crentassos.com.br\/blog\/?p=10389"},"modified":"2014-02-09T00:43:25","modified_gmt":"2014-02-09T03:43:25","slug":"musicas-do-mundo-que-me-edificam-roberta-campos-e-nando-reis-de-janeiro-a-janeiro-0070","status":"publish","type":"post","link":"https:\/\/crentassos.com.br\/blog\/2014\/02\/musicas-do-mundo-que-me-edificam-roberta-campos-e-nando-reis-de-janeiro-a-janeiro-0070.html","title":{"rendered":"Musicas do Mundo que me edificam &#8211; Roberta Campos e Nando Reis &#8211; De Janeiro a Janeiro &#8211; #0070"},"content":{"rendered":"<p>Tem certos dias que a minha f\u00e9 vai l\u00e1 no p\u00e9&#8230; Ontem mesmo, ao ver uma lastim\u00e1vel cena protagonizada por uma rep\u00f3rter , um grupo de justiceiros e um ladr\u00e3o, eu fiquei mal, mal de verdade. A minha f\u00e9 na humanidade foi a n\u00edveis sub zero em ver milhares de pessoas aplaudindo a vit\u00f3ria da intoler\u00e2ncia e do \u00f3dio, colocando-se como anti-cristos para um pais que est\u00e1 sedento de Cristo&#8230;<\/p>\n<p>Mas eis que fico em casa sozinho a tarde e ligo num canal de tv especializado em musica, e me deparo com uma can\u00e7\u00e3o DO MUNDO, cantada por artistas que at\u00e9 onde sei, n\u00e3o tem nenhum compromisso com a cruz e com o Evangelho de Cristo. A musica n\u00e3o foi feita para adorar a Deus, pelo que sei, n\u00e3o foi composta para tocar dentro das igrejas pelos santos l\u00e1bios dos evang\u00e9licos&#8230; A musica executada aqui por Roberta Campos e Nando Reis, n\u00e3o tem a pretens\u00e3o de ser um hino de adora\u00e7\u00e3o, mas mesmo sem nenhuma inten\u00e7\u00e3o eclesi\u00e1stica, eu ouvi um di\u00e1logo, entre eu e Deus&#8230;<\/p>\n\n<p>Enquanto eu continuo, depois de anos na igreja, sem ter a capacidade de olhar nos olhos de Deus, fugindo pra n\u00e3o me entregar, Ele continua afirmando que fazer o mundo compreender que o amor dEle n\u00e3o \u00e9 finito ou limitado n\u00e3o vai ser f\u00e1cil de entender mas de qualquer forma, ele continuar\u00e1 me amando, de janeiro a janeiro, at\u00e9 o mundo acabar&#8230;<\/p>\n","protected":false},"excerpt":{"rendered":"<p>Tem certos dias que a minha f\u00e9 vai l\u00e1 no p\u00e9&#8230; Ontem mesmo, ao ver uma lastim\u00e1vel cena protagonizada por uma rep\u00f3rter [&hellip;]<\/p>\n","protected":false},"author":9,"featured_media":10390,"comment_status":"open","ping_status":"open","sticky":false,"template":"","format":"standard","meta":{"_exactmetrics_skip_tracking":false,"_exactmetrics_sitenote_active":false,"_exactmetrics_sitenote_note":"","_exactmetrics_sitenote_category":0,"footnotes":"","_links_to":"","_links_to_target":""},"categories":[112,117],"tags":[1638,1890,2507],"class_list":{"0":"post-10389","1":"post","2":"type-post","3":"status-publish","4":"format-standard","5":"has-post-thumbnail","6":"hentry","7":"category-artigos","8":"category-musicas-boa","9":"tag-musicas-do-mundo-que-me-edificam","10":"tag-nando-reis","11":"tag-roberta-campos","13":"post-with-thumbnail","14":"post-with-thumbnail-large"},"yoast_head":"<!-- This site is optimized with the Yoast SEO plugin v27.1.1 - https:\/\/yoast.com\/product\/yoast-seo-wordpress\/ -->\n<title>Musicas do Mundo que me edificam - Roberta Campos e Nando Reis - De Janeiro a Janeiro - #0070 - Crentassos Produ\u00e7\u00f5es Subversivas<\/title>\n<meta name=\"robots\" content=\"index, follow, max-snippet:-1, max-image-preview:large, max-video-preview:-1\" \/>\n<link rel=\"canonical\" href=\"https:\/\/crentassos.com.br\/blog\/2014\/02\/musicas-do-mundo-que-me-edificam-roberta-campos-e-nando-reis-de-janeiro-a-janeiro-0070.html\" \/>\n<meta property=\"og:locale\" content=\"pt_BR\" \/>\n<meta property=\"og:type\" content=\"article\" \/>\n<meta property=\"og:title\" content=\"Musicas do Mundo que me edificam - Roberta Campos e Nando Reis - De Janeiro a Janeiro - #0070 - Crentassos Produ\u00e7\u00f5es Subversivas\" \/>\n<meta property=\"og:description\" content=\"Tem certos dias que a minha f\u00e9 vai l\u00e1 no p\u00e9&#8230; Ontem mesmo, ao ver uma lastim\u00e1vel cena protagonizada por uma rep\u00f3rter [&hellip;]\" \/>\n<meta property=\"og:url\" content=\"https:\/\/crentassos.com.br\/blog\/2014\/02\/musicas-do-mundo-que-me-edificam-roberta-campos-e-nando-reis-de-janeiro-a-janeiro-0070.html\" \/>\n<meta property=\"og:site_name\" content=\"Crentassos Produ\u00e7\u00f5es Subversivas\" \/>\n<meta property=\"article:publisher\" content=\"http:\/\/www.facebook.com\/crentassos\" \/>\n<meta property=\"article:published_time\" content=\"2014-02-08T20:44:51+00:00\" \/>\n<meta property=\"article:modified_time\" content=\"2014-02-09T03:43:25+00:00\" \/>\n<meta property=\"og:image\" content=\"https:\/\/crentassos.com.br\/blog\/wp-content\/uploads\/hqdefault.jpg\" \/>\n\t<meta property=\"og:image:width\" content=\"480\" \/>\n\t<meta property=\"og:image:height\" content=\"360\" \/>\n\t<meta property=\"og:image:type\" content=\"image\/jpeg\" \/>\n<meta name=\"author\" content=\"Cristiano Machado\" \/>\n<meta name=\"twitter:card\" content=\"summary_large_image\" \/>\n<meta name=\"twitter:creator\" content=\"@crentassos\" \/>\n<meta name=\"twitter:site\" content=\"@crentassos\" \/>\n<meta name=\"twitter:label1\" content=\"Escrito por\" \/>\n\t<meta name=\"twitter:data1\" content=\"Cristiano Machado\" \/>\n\t<meta name=\"twitter:label2\" content=\"Est. tempo de leitura\" \/>\n\t<meta name=\"twitter:data2\" content=\"1 minuto\" \/>\n<script type=\"application\/ld+json\" class=\"yoast-schema-graph\">{\"@context\":\"https:\/\/schema.org\",\"@graph\":[{\"@type\":\"Article\",\"@id\":\"https:\/\/crentassos.com.br\/blog\/2014\/02\/musicas-do-mundo-que-me-edificam-roberta-campos-e-nando-reis-de-janeiro-a-janeiro-0070.html#article\",\"isPartOf\":{\"@id\":\"https:\/\/crentassos.com.br\/blog\/2014\/02\/musicas-do-mundo-que-me-edificam-roberta-campos-e-nando-reis-de-janeiro-a-janeiro-0070.html\"},\"author\":{\"name\":\"Cristiano Machado\",\"@id\":\"https:\/\/crentassos.com.br\/blog\/#\/schema\/person\/7ec3329a98c44e20ccd6cc2c9e18acbd\"},\"headline\":\"Musicas do Mundo que me edificam &#8211; Roberta Campos e Nando Reis &#8211; De Janeiro a Janeiro &#8211; #0070\",\"datePublished\":\"2014-02-08T20:44:51+00:00\",\"dateModified\":\"2014-02-09T03:43:25+00:00\",\"mainEntityOfPage\":{\"@id\":\"https:\/\/crentassos.com.br\/blog\/2014\/02\/musicas-do-mundo-que-me-edificam-roberta-campos-e-nando-reis-de-janeiro-a-janeiro-0070.html\"},\"wordCount\":283,\"commentCount\":3,\"publisher\":{\"@id\":\"https:\/\/crentassos.com.br\/blog\/#organization\"},\"image\":{\"@id\":\"https:\/\/crentassos.com.br\/blog\/2014\/02\/musicas-do-mundo-que-me-edificam-roberta-campos-e-nando-reis-de-janeiro-a-janeiro-0070.html#primaryimage\"},\"thumbnailUrl\":\"https:\/\/crentassos.com.br\/blog\/wp-content\/uploads\/hqdefault.jpg\",\"keywords\":[\"musicas do mundo que me edificam\",\"nando reis\",\"roberta campos\"],\"articleSection\":[\"Artigos\",\"M\u00fasicas do Mundo que Me Edificam\"],\"inLanguage\":\"pt-BR\",\"potentialAction\":[{\"@type\":\"CommentAction\",\"name\":\"Comment\",\"target\":[\"https:\/\/crentassos.com.br\/blog\/2014\/02\/musicas-do-mundo-que-me-edificam-roberta-campos-e-nando-reis-de-janeiro-a-janeiro-0070.html#respond\"]}]},{\"@type\":\"WebPage\",\"@id\":\"https:\/\/crentassos.com.br\/blog\/2014\/02\/musicas-do-mundo-que-me-edificam-roberta-campos-e-nando-reis-de-janeiro-a-janeiro-0070.html\",\"url\":\"https:\/\/crentassos.com.br\/blog\/2014\/02\/musicas-do-mundo-que-me-edificam-roberta-campos-e-nando-reis-de-janeiro-a-janeiro-0070.html\",\"name\":\"Musicas do Mundo que me edificam - Roberta Campos e Nando Reis - De Janeiro a Janeiro - #0070 - Crentassos Produ\u00e7\u00f5es Subversivas\",\"isPartOf\":{\"@id\":\"https:\/\/crentassos.com.br\/blog\/#website\"},\"primaryImageOfPage\":{\"@id\":\"https:\/\/crentassos.com.br\/blog\/2014\/02\/musicas-do-mundo-que-me-edificam-roberta-campos-e-nando-reis-de-janeiro-a-janeiro-0070.html#primaryimage\"},\"image\":{\"@id\":\"https:\/\/crentassos.com.br\/blog\/2014\/02\/musicas-do-mundo-que-me-edificam-roberta-campos-e-nando-reis-de-janeiro-a-janeiro-0070.html#primaryimage\"},\"thumbnailUrl\":\"https:\/\/crentassos.com.br\/blog\/wp-content\/uploads\/hqdefault.jpg\",\"datePublished\":\"2014-02-08T20:44:51+00:00\",\"dateModified\":\"2014-02-09T03:43:25+00:00\",\"breadcrumb\":{\"@id\":\"https:\/\/crentassos.com.br\/blog\/2014\/02\/musicas-do-mundo-que-me-edificam-roberta-campos-e-nando-reis-de-janeiro-a-janeiro-0070.html#breadcrumb\"},\"inLanguage\":\"pt-BR\",\"potentialAction\":[{\"@type\":\"ReadAction\",\"target\":[\"https:\/\/crentassos.com.br\/blog\/2014\/02\/musicas-do-mundo-que-me-edificam-roberta-campos-e-nando-reis-de-janeiro-a-janeiro-0070.html\"]}]},{\"@type\":\"ImageObject\",\"inLanguage\":\"pt-BR\",\"@id\":\"https:\/\/crentassos.com.br\/blog\/2014\/02\/musicas-do-mundo-que-me-edificam-roberta-campos-e-nando-reis-de-janeiro-a-janeiro-0070.html#primaryimage\",\"url\":\"https:\/\/crentassos.com.br\/blog\/wp-content\/uploads\/hqdefault.jpg\",\"contentUrl\":\"https:\/\/crentassos.com.br\/blog\/wp-content\/uploads\/hqdefault.jpg\",\"width\":480,\"height\":360},{\"@type\":\"BreadcrumbList\",\"@id\":\"https:\/\/crentassos.com.br\/blog\/2014\/02\/musicas-do-mundo-que-me-edificam-roberta-campos-e-nando-reis-de-janeiro-a-janeiro-0070.html#breadcrumb\",\"itemListElement\":[{\"@type\":\"ListItem\",\"position\":1,\"name\":\"Home\",\"item\":\"https:\/\/crentassos.com.br\/blog\/\"},{\"@type\":\"ListItem\",\"position\":2,\"name\":\"Musicas do Mundo que me edificam &#8211; Roberta Campos e Nando Reis &#8211; De Janeiro a Janeiro &#8211; #0070\"}]},{\"@type\":\"WebSite\",\"@id\":\"https:\/\/crentassos.com.br\/blog\/#website\",\"url\":\"https:\/\/crentassos.com.br\/blog\/\",\"name\":\"Crentassos Produ\u00e7\u00f5es Subversivas\",\"description\":\"Podcast Crist\u00e3o, Podcrent, Da Prateleira, Artigos crist\u00e3os, Teologia, Estudos, Textos B\u00edblicos\",\"publisher\":{\"@id\":\"https:\/\/crentassos.com.br\/blog\/#organization\"},\"potentialAction\":[{\"@type\":\"SearchAction\",\"target\":{\"@type\":\"EntryPoint\",\"urlTemplate\":\"https:\/\/crentassos.com.br\/blog\/?s={search_term_string}\"},\"query-input\":{\"@type\":\"PropertyValueSpecification\",\"valueRequired\":true,\"valueName\":\"search_term_string\"}}],\"inLanguage\":\"pt-BR\"},{\"@type\":\"Organization\",\"@id\":\"https:\/\/crentassos.com.br\/blog\/#organization\",\"name\":\"Crentassos Produ\u00e7\u00f5es Subversivas\",\"url\":\"https:\/\/crentassos.com.br\/blog\/\",\"logo\":{\"@type\":\"ImageObject\",\"inLanguage\":\"pt-BR\",\"@id\":\"https:\/\/crentassos.com.br\/blog\/#\/schema\/logo\/image\/\",\"url\":\"https:\/\/crentassos.com.br\/blog\/wp-content\/uploads\/2020\/05\/cropped-crentassos1-300x300png.png\",\"contentUrl\":\"https:\/\/crentassos.com.br\/blog\/wp-content\/uploads\/2020\/05\/cropped-crentassos1-300x300png.png\",\"width\":300,\"height\":300,\"caption\":\"Crentassos Produ\u00e7\u00f5es Subversivas\"},\"image\":{\"@id\":\"https:\/\/crentassos.com.br\/blog\/#\/schema\/logo\/image\/\"},\"sameAs\":[\"http:\/\/www.facebook.com\/crentassos\",\"https:\/\/x.com\/crentassos\",\"https:\/\/www.instagram.com\/crentassos\",\"https:\/\/www.youtube.com\/crentassos\"]},{\"@type\":\"Person\",\"@id\":\"https:\/\/crentassos.com.br\/blog\/#\/schema\/person\/7ec3329a98c44e20ccd6cc2c9e18acbd\",\"name\":\"Cristiano Machado\",\"image\":{\"@type\":\"ImageObject\",\"inLanguage\":\"pt-BR\",\"@id\":\"https:\/\/crentassos.com.br\/blog\/#\/schema\/person\/image\/\",\"url\":\"https:\/\/secure.gravatar.com\/avatar\/3e7427d384f99d15935b3008477c324124816869ceb70e362e586dcccdb265bf?s=96&d=retro&r=g\",\"contentUrl\":\"https:\/\/secure.gravatar.com\/avatar\/3e7427d384f99d15935b3008477c324124816869ceb70e362e586dcccdb265bf?s=96&d=retro&r=g\",\"caption\":\"Cristiano Machado\"},\"description\":\"Cristiano Machado \u00e9 o culpado pelo inicio do COLETIVO CRENTASSOS PRODU\u00c7\u00d5ES SUBVERSIVAS e atua como auxiliar de cirurgi\u00e3o barbeiro, tocando o bumbo, jogando malabares, preparando o elixir, costurando amputa\u00e7\u00f5es e demais atividades relacionadas \u00e0 sua ocupa\u00e7\u00e3o. Pensa n\u00e3o vida em forma de pergunta e nunca de resposta, e tem um profundo sentimento de gratid\u00e3o e amor por sua esposa e filha. Religi\u00e3o: Crist\u00e3o Protestante Reformando-se Estado Civil: Inteiramente apaixonado\",\"sameAs\":[\"http:\/\/crentassos.com.br\/blog\"],\"url\":\"https:\/\/crentassos.com.br\/blog\/author\/o_cristiano\"}]}<\/script>\n<!-- \/ Yoast SEO plugin. -->","yoast_head_json":{"title":"Musicas do Mundo que me edificam - Roberta Campos e Nando Reis - De Janeiro a Janeiro - #0070 - Crentassos Produ\u00e7\u00f5es Subversivas","robots":{"index":"index","follow":"follow","max-snippet":"max-snippet:-1","max-image-preview":"max-image-preview:large","max-video-preview":"max-video-preview:-1"},"canonical":"https:\/\/crentassos.com.br\/blog\/2014\/02\/musicas-do-mundo-que-me-edificam-roberta-campos-e-nando-reis-de-janeiro-a-janeiro-0070.html","og_locale":"pt_BR","og_type":"article","og_title":"Musicas do Mundo que me edificam - Roberta Campos e Nando Reis - De Janeiro a Janeiro - #0070 - Crentassos Produ\u00e7\u00f5es Subversivas","og_description":"Tem certos dias que a minha f\u00e9 vai l\u00e1 no p\u00e9&#8230; Ontem mesmo, ao ver uma lastim\u00e1vel cena protagonizada por uma rep\u00f3rter [&hellip;]","og_url":"https:\/\/crentassos.com.br\/blog\/2014\/02\/musicas-do-mundo-que-me-edificam-roberta-campos-e-nando-reis-de-janeiro-a-janeiro-0070.html","og_site_name":"Crentassos Produ\u00e7\u00f5es Subversivas","article_publisher":"http:\/\/www.facebook.com\/crentassos","article_published_time":"2014-02-08T20:44:51+00:00","article_modified_time":"2014-02-09T03:43:25+00:00","og_image":[{"width":480,"height":360,"url":"https:\/\/crentassos.com.br\/blog\/wp-content\/uploads\/hqdefault.jpg","type":"image\/jpeg"}],"author":"Cristiano Machado","twitter_card":"summary_large_image","twitter_creator":"@crentassos","twitter_site":"@crentassos","twitter_misc":{"Escrito por":"Cristiano Machado","Est. tempo de leitura":"1 minuto"},"schema":{"@context":"https:\/\/schema.org","@graph":[{"@type":"Article","@id":"https:\/\/crentassos.com.br\/blog\/2014\/02\/musicas-do-mundo-que-me-edificam-roberta-campos-e-nando-reis-de-janeiro-a-janeiro-0070.html#article","isPartOf":{"@id":"https:\/\/crentassos.com.br\/blog\/2014\/02\/musicas-do-mundo-que-me-edificam-roberta-campos-e-nando-reis-de-janeiro-a-janeiro-0070.html"},"author":{"name":"Cristiano Machado","@id":"https:\/\/crentassos.com.br\/blog\/#\/schema\/person\/7ec3329a98c44e20ccd6cc2c9e18acbd"},"headline":"Musicas do Mundo que me edificam &#8211; Roberta Campos e Nando Reis &#8211; De Janeiro a Janeiro &#8211; #0070","datePublished":"2014-02-08T20:44:51+00:00","dateModified":"2014-02-09T03:43:25+00:00","mainEntityOfPage":{"@id":"https:\/\/crentassos.com.br\/blog\/2014\/02\/musicas-do-mundo-que-me-edificam-roberta-campos-e-nando-reis-de-janeiro-a-janeiro-0070.html"},"wordCount":283,"commentCount":3,"publisher":{"@id":"https:\/\/crentassos.com.br\/blog\/#organization"},"image":{"@id":"https:\/\/crentassos.com.br\/blog\/2014\/02\/musicas-do-mundo-que-me-edificam-roberta-campos-e-nando-reis-de-janeiro-a-janeiro-0070.html#primaryimage"},"thumbnailUrl":"https:\/\/crentassos.com.br\/blog\/wp-content\/uploads\/hqdefault.jpg","keywords":["musicas do mundo que me edificam","nando reis","roberta campos"],"articleSection":["Artigos","M\u00fasicas do Mundo que Me Edificam"],"inLanguage":"pt-BR","potentialAction":[{"@type":"CommentAction","name":"Comment","target":["https:\/\/crentassos.com.br\/blog\/2014\/02\/musicas-do-mundo-que-me-edificam-roberta-campos-e-nando-reis-de-janeiro-a-janeiro-0070.html#respond"]}]},{"@type":"WebPage","@id":"https:\/\/crentassos.com.br\/blog\/2014\/02\/musicas-do-mundo-que-me-edificam-roberta-campos-e-nando-reis-de-janeiro-a-janeiro-0070.html","url":"https:\/\/crentassos.com.br\/blog\/2014\/02\/musicas-do-mundo-que-me-edificam-roberta-campos-e-nando-reis-de-janeiro-a-janeiro-0070.html","name":"Musicas do Mundo que me edificam - Roberta Campos e Nando Reis - De Janeiro a Janeiro - #0070 - Crentassos Produ\u00e7\u00f5es Subversivas","isPartOf":{"@id":"https:\/\/crentassos.com.br\/blog\/#website"},"primaryImageOfPage":{"@id":"https:\/\/crentassos.com.br\/blog\/2014\/02\/musicas-do-mundo-que-me-edificam-roberta-campos-e-nando-reis-de-janeiro-a-janeiro-0070.html#primaryimage"},"image":{"@id":"https:\/\/crentassos.com.br\/blog\/2014\/02\/musicas-do-mundo-que-me-edificam-roberta-campos-e-nando-reis-de-janeiro-a-janeiro-0070.html#primaryimage"},"thumbnailUrl":"https:\/\/crentassos.com.br\/blog\/wp-content\/uploads\/hqdefault.jpg","datePublished":"2014-02-08T20:44:51+00:00","dateModified":"2014-02-09T03:43:25+00:00","breadcrumb":{"@id":"https:\/\/crentassos.com.br\/blog\/2014\/02\/musicas-do-mundo-que-me-edificam-roberta-campos-e-nando-reis-de-janeiro-a-janeiro-0070.html#breadcrumb"},"inLanguage":"pt-BR","potentialAction":[{"@type":"ReadAction","target":["https:\/\/crentassos.com.br\/blog\/2014\/02\/musicas-do-mundo-que-me-edificam-roberta-campos-e-nando-reis-de-janeiro-a-janeiro-0070.html"]}]},{"@type":"ImageObject","inLanguage":"pt-BR","@id":"https:\/\/crentassos.com.br\/blog\/2014\/02\/musicas-do-mundo-que-me-edificam-roberta-campos-e-nando-reis-de-janeiro-a-janeiro-0070.html#primaryimage","url":"https:\/\/crentassos.com.br\/blog\/wp-content\/uploads\/hqdefault.jpg","contentUrl":"https:\/\/crentassos.com.br\/blog\/wp-content\/uploads\/hqdefault.jpg","width":480,"height":360},{"@type":"BreadcrumbList","@id":"https:\/\/crentassos.com.br\/blog\/2014\/02\/musicas-do-mundo-que-me-edificam-roberta-campos-e-nando-reis-de-janeiro-a-janeiro-0070.html#breadcrumb","itemListElement":[{"@type":"ListItem","position":1,"name":"Home","item":"https:\/\/crentassos.com.br\/blog\/"},{"@type":"ListItem","position":2,"name":"Musicas do Mundo que me edificam &#8211; Roberta Campos e Nando Reis &#8211; De Janeiro a Janeiro &#8211; #0070"}]},{"@type":"WebSite","@id":"https:\/\/crentassos.com.br\/blog\/#website","url":"https:\/\/crentassos.com.br\/blog\/","name":"Crentassos Produ\u00e7\u00f5es Subversivas","description":"Podcast Crist\u00e3o, Podcrent, Da Prateleira, Artigos crist\u00e3os, Teologia, Estudos, Textos B\u00edblicos","publisher":{"@id":"https:\/\/crentassos.com.br\/blog\/#organization"},"potentialAction":[{"@type":"SearchAction","target":{"@type":"EntryPoint","urlTemplate":"https:\/\/crentassos.com.br\/blog\/?s={search_term_string}"},"query-input":{"@type":"PropertyValueSpecification","valueRequired":true,"valueName":"search_term_string"}}],"inLanguage":"pt-BR"},{"@type":"Organization","@id":"https:\/\/crentassos.com.br\/blog\/#organization","name":"Crentassos Produ\u00e7\u00f5es Subversivas","url":"https:\/\/crentassos.com.br\/blog\/","logo":{"@type":"ImageObject","inLanguage":"pt-BR","@id":"https:\/\/crentassos.com.br\/blog\/#\/schema\/logo\/image\/","url":"https:\/\/crentassos.com.br\/blog\/wp-content\/uploads\/2020\/05\/cropped-crentassos1-300x300png.png","contentUrl":"https:\/\/crentassos.com.br\/blog\/wp-content\/uploads\/2020\/05\/cropped-crentassos1-300x300png.png","width":300,"height":300,"caption":"Crentassos Produ\u00e7\u00f5es Subversivas"},"image":{"@id":"https:\/\/crentassos.com.br\/blog\/#\/schema\/logo\/image\/"},"sameAs":["http:\/\/www.facebook.com\/crentassos","https:\/\/x.com\/crentassos","https:\/\/www.instagram.com\/crentassos","https:\/\/www.youtube.com\/crentassos"]},{"@type":"Person","@id":"https:\/\/crentassos.com.br\/blog\/#\/schema\/person\/7ec3329a98c44e20ccd6cc2c9e18acbd","name":"Cristiano Machado","image":{"@type":"ImageObject","inLanguage":"pt-BR","@id":"https:\/\/crentassos.com.br\/blog\/#\/schema\/person\/image\/","url":"https:\/\/secure.gravatar.com\/avatar\/3e7427d384f99d15935b3008477c324124816869ceb70e362e586dcccdb265bf?s=96&d=retro&r=g","contentUrl":"https:\/\/secure.gravatar.com\/avatar\/3e7427d384f99d15935b3008477c324124816869ceb70e362e586dcccdb265bf?s=96&d=retro&r=g","caption":"Cristiano Machado"},"description":"Cristiano Machado \u00e9 o culpado pelo inicio do COLETIVO CRENTASSOS PRODU\u00c7\u00d5ES SUBVERSIVAS e atua como auxiliar de cirurgi\u00e3o barbeiro, tocando o bumbo, jogando malabares, preparando o elixir, costurando amputa\u00e7\u00f5es e demais atividades relacionadas \u00e0 sua ocupa\u00e7\u00e3o. Pensa n\u00e3o vida em forma de pergunta e nunca de resposta, e tem um profundo sentimento de gratid\u00e3o e amor por sua esposa e filha. Religi\u00e3o: Crist\u00e3o Protestante Reformando-se Estado Civil: Inteiramente apaixonado","sameAs":["http:\/\/crentassos.com.br\/blog"],"url":"https:\/\/crentassos.com.br\/blog\/author\/o_cristiano"}]}},"_links":{"self":[{"href":"https:\/\/crentassos.com.br\/blog\/wp-json\/wp\/v2\/posts\/10389","targetHints":{"allow":["GET"]}}],"collection":[{"href":"https:\/\/crentassos.com.br\/blog\/wp-json\/wp\/v2\/posts"}],"about":[{"href":"https:\/\/crentassos.com.br\/blog\/wp-json\/wp\/v2\/types\/post"}],"author":[{"embeddable":true,"href":"https:\/\/crentassos.com.br\/blog\/wp-json\/wp\/v2\/users\/9"}],"replies":[{"embeddable":true,"href":"https:\/\/crentassos.com.br\/blog\/wp-json\/wp\/v2\/comments?post=10389"}],"version-history":[{"count":3,"href":"https:\/\/crentassos.com.br\/blog\/wp-json\/wp\/v2\/posts\/10389\/revisions"}],"predecessor-version":[{"id":10394,"href":"https:\/\/crentassos.com.br\/blog\/wp-json\/wp\/v2\/posts\/10389\/revisions\/10394"}],"wp:featuredmedia":[{"embeddable":true,"href":"https:\/\/crentassos.com.br\/blog\/wp-json\/wp\/v2\/media\/10390"}],"wp:attachment":[{"href":"https:\/\/crentassos.com.br\/blog\/wp-json\/wp\/v2\/media?parent=10389"}],"wp:term":[{"taxonomy":"category","embeddable":true,"href":"https:\/\/crentassos.com.br\/blog\/wp-json\/wp\/v2\/categories?post=10389"},{"taxonomy":"post_tag","embeddable":true,"href":"https:\/\/crentassos.com.br\/blog\/wp-json\/wp\/v2\/tags?post=10389"}],"curies":[{"name":"wp","href":"https:\/\/api.w.org\/{rel}","templated":true}]}}